{"id":711,"date":"2020-06-08T09:48:02","date_gmt":"2020-06-08T07:48:02","guid":{"rendered":"https:\/\/zbsa.eu\/?p=711"},"modified":"2021-04-28T11:45:09","modified_gmt":"2021-04-28T09:45:09","slug":"sfb-1266-fuer-vier-jahre-verlaengert","status":"publish","type":"post","link":"http:\/\/zbsa.eu\/en\/sfb-1266-fuer-vier-jahre-verlaengert\/","title":{"rendered":"SFB 1266 f\u00fcr vier Jahre verl\u00e4ngert!"},"content":{"rendered":"<p class=\"has-text-align-left\">Kieler Universit\u00e4t erh\u00e4lt 14 Millionen f\u00fcr die Erforschung von Mensch-Umwelt-Wechselwirkungen in pr\u00e4historischen und archaischen Gesellschaften<\/p>\n\n\n\n<p class=\"has-text-align-left\">F\u00e4cher\u00fcbergreifendes Forschungsprojekt geht in die zweite Runde<\/p>\n\n\n\n<p class=\"has-text-align-left\">Es ist ein gro\u00dfer Erfolg f\u00fcr die Spitzenforschung in Schleswig-Holstein: Die Deutsche Forschungsgemeinschaft (DFG) f\u00f6rdert den Sonderforschungsbereich (SFB) 1266 \u201eTransformationsDimensionen\u201c f\u00fcr weitere vier Jahre mit \u00fcber 14 Millionen Euro. In dem international ausgerichteten Verbundprojekt an der Christian-Albrechts-Universit\u00e4t zu Kiel (CAU) kooperieren seit dem Projektbeginn 2016 33 Forscherinnen und Forscher aus neun Instituten, dem Zentrum f\u00fcr Baltische und Skandinavische Arch\u00e4ologie in Schleswig sowie den Universit\u00e4ten in Oslo und Cambridge.<\/p>\n\n\n\n<p class=\"has-text-align-left\">Sie untersuchen f\u00fcr den Zeitraum von 15.000 vor Christus bis zum Beginn unserer Zeitrechnung die gro\u00dfen Umbr\u00fcche \u2013 \u201eTransformationen\u201c \u2013 im Spannungsfeld von Mensch und Umwelt, die zu einer substanziellen, dauerhaften Neuordnung von gesellschaftlichen und \u00f6kologischen Interaktionsmustern f\u00fchrten. Die Forschung erstreckt sich auf gesellschaftliche Ver\u00e4nderungen beginnend bei J\u00e4gerinnen und Sammlern bis hin zu fr\u00fchen Staatengebilden, vom pal\u00e4olithischen Camp bis zur \u00e4g\u00e4ischen Polis. Geografisch reicht sie vom Mittelmeer bis zur Arktis.<\/p>\n\n\n\n<p class=\"has-text-align-left\"><em>Zitiert nach der Pressemitteilung der CAU.<\/em><\/p>\n\n\n\n<p class=\"has-text-align-left\"><a href=\"https:\/\/www.uni-kiel.de\/de\/detailansicht\/news\/137-sfb-1266\" target=\"_blank\" rel=\"noreferrer noopener\">Hier zur vollst\u00e4ndigen Pressemitteilung.<\/a><\/p>","protected":false},"excerpt":{"rendered":"<p>Kieler Universit\u00e4t erh\u00e4lt 14 Millionen f\u00fcr die Erforschung von Mensch-Umwelt-Wechselwirkungen in pr\u00e4historischen und archaischen Gesellschaften F\u00e4cher\u00fcbergreifendes Forschungsprojekt geht in die zweite Runde Es ist ein gro\u00dfer Erfolg f\u00fcr die Spitzenforschung in Schleswig-Holstein: Die Deutsche Forschungsgemeinschaft (DFG) f\u00f6rdert den Sonderforschungsbereich (SFB) 1266 \u201eTransformationsDimensionen\u201c f\u00fcr weitere vier Jahre mit \u00fcber 14 Millionen Euro. In dem international ausgerichteten Verbundprojekt an der Christian-Albrechts-Universit\u00e4t zu Kiel (CAU) kooperieren seit dem Projektbeginn 2016 33 Forscherinnen und Forscher aus neun Instituten, dem Zentrum f\u00fcr Baltische und Skandinavische Arch\u00e4ologie in Schleswig sowie den Universit\u00e4ten in Oslo und Cambridge. Sie untersuchen f\u00fcr den Zeitraum von 15.000 vor Christus bis zum Beginn unserer Zeitrechnung die gro\u00dfen Umbr\u00fcche \u2013 \u201eTransformationen\u201c \u2013 im Spannungsfeld von Mensch und Umwelt, die zu einer substanziellen, dauerhaften Neuordnung von gesellschaftlichen und \u00f6kologischen Interaktionsmustern f\u00fchrten. Die Forschung erstreckt sich auf gesellschaftliche Ver\u00e4nderungen beginnend bei J\u00e4gerinnen und Sammlern bis hin zu fr\u00fchen Staatengebilden, vom pal\u00e4olithischen Camp bis zur \u00e4g\u00e4ischen Polis. Geografisch reicht sie vom Mittelmeer bis zur Arktis. Zitiert nach der Pressemitteilung der CAU. Hier zur vollst\u00e4ndigen Pressemitteilung.<\/p>","protected":false},"author":3,"featured_media":712,"comment_status":"closed","ping_status":"open","sticky":false,"template":"","format":"standard","meta":{"_eb_attr":"","inline_featured_image":false,"footnotes":""},"categories":[21],"tags":[],"class_list":["post-711","post","type-post","status-publish","format-standard","has-post-thumbnail","hentry","category-21"],"yoast_head":"<!-- This site is optimized with the Yoast SEO plugin v24.4 - https:\/\/yoast.com\/wordpress\/plugins\/seo\/ -->\n<title>SFB 1266 f\u00fcr vier Jahre verl\u00e4ngert! - Zentrum f\u00fcr Baltische und Skandinavische Arch\u00e4ologie (ZBSA) \u2014 Zentrum f\u00fcr Baltische und Skandinavische Arch\u00e4ologie<\/title>\n<meta name=\"robots\" content=\"index, follow, max-snippet:-1, max-image-preview:large, max-video-preview:-1\" \/>\n<link rel=\"canonical\" href=\"https:\/\/zbsa.eu\/en\/sfb-1266-fuer-vier-jahre-verlaengert\/\" \/>\n<meta property=\"og:locale\" content=\"en_GB\" \/>\n<meta property=\"og:type\" content=\"article\" \/>\n<meta property=\"og:title\" content=\"SFB 1266 f\u00fcr vier Jahre verl\u00e4ngert! - Zentrum f\u00fcr Baltische und Skandinavische Arch\u00e4ologie (ZBSA) \u2014 Zentrum f\u00fcr Baltische und Skandinavische Arch\u00e4ologie\" \/>\n<meta property=\"og:description\" content=\"Kieler Universit\u00e4t erh\u00e4lt 14 Millionen f\u00fcr die Erforschung von Mensch-Umwelt-Wechselwirkungen in pr\u00e4historischen und archaischen Gesellschaften F\u00e4cher\u00fcbergreifendes Forschungsprojekt geht in die zweite Runde Es ist ein gro\u00dfer Erfolg f\u00fcr die Spitzenforschung in Schleswig-Holstein: Die Deutsche Forschungsgemeinschaft (DFG) f\u00f6rdert den Sonderforschungsbereich (SFB) 1266 \u201eTransformationsDimensionen\u201c f\u00fcr weitere vier Jahre mit \u00fcber 14 Millionen Euro. In dem international ausgerichteten Verbundprojekt an der Christian-Albrechts-Universit\u00e4t zu Kiel (CAU) kooperieren seit dem Projektbeginn 2016 33 Forscherinnen und Forscher aus neun Instituten, dem Zentrum f\u00fcr Baltische und Skandinavische Arch\u00e4ologie in Schleswig sowie den Universit\u00e4ten in Oslo und Cambridge. Sie untersuchen f\u00fcr den Zeitraum von 15.000 vor Christus bis zum Beginn unserer Zeitrechnung die gro\u00dfen Umbr\u00fcche \u2013 \u201eTransformationen\u201c \u2013 im Spannungsfeld von Mensch und Umwelt, die zu einer substanziellen, dauerhaften Neuordnung von gesellschaftlichen und \u00f6kologischen Interaktionsmustern f\u00fchrten. Die Forschung erstreckt sich auf gesellschaftliche Ver\u00e4nderungen beginnend bei J\u00e4gerinnen und Sammlern bis hin zu fr\u00fchen Staatengebilden, vom pal\u00e4olithischen Camp bis zur \u00e4g\u00e4ischen Polis. Geografisch reicht sie vom Mittelmeer bis zur Arktis. Zitiert nach der Pressemitteilung der CAU. Hier zur vollst\u00e4ndigen Pressemitteilung.\" \/>\n<meta property=\"og:url\" content=\"https:\/\/zbsa.eu\/en\/sfb-1266-fuer-vier-jahre-verlaengert\/\" \/>\n<meta property=\"og:site_name\" content=\"Zentrum f\u00fcr Baltische und Skandinavische Arch\u00e4ologie (ZBSA) \u2014 Zentrum f\u00fcr Baltische und Skandinavische Arch\u00e4ologie\" \/>\n<meta property=\"article:published_time\" content=\"2020-06-08T07:48:02+00:00\" \/>\n<meta property=\"article:modified_time\" content=\"2021-04-28T09:45:09+00:00\" \/>\n<meta property=\"og:image\" content=\"https:\/\/zbsa.eu\/wp-content\/uploads\/2021\/02\/image-4.jpg\" \/>\n\t<meta property=\"og:image:width\" content=\"1600\" \/>\n\t<meta property=\"og:image:height\" content=\"1070\" \/>\n\t<meta property=\"og:image:type\" content=\"image\/jpeg\" \/>\n<meta name=\"author\" content=\"Matthias Bolte\" \/>\n<meta name=\"twitter:card\" content=\"summary_large_image\" \/>\n<meta name=\"twitter:label1\" content=\"Written by\" \/>\n\t<meta name=\"twitter:data1\" content=\"Matthias Bolte\" \/>\n\t<meta name=\"twitter:label2\" content=\"Estimated reading time\" \/>\n\t<meta name=\"twitter:data2\" content=\"1 minute\" \/>\n<script type=\"application\/ld+json\" class=\"yoast-schema-graph\">{\"@context\":\"https:\/\/schema.org\",\"@graph\":[{\"@type\":\"WebPage\",\"@id\":\"https:\/\/zbsa.eu\/en\/sfb-1266-fuer-vier-jahre-verlaengert\/\",\"url\":\"https:\/\/zbsa.eu\/en\/sfb-1266-fuer-vier-jahre-verlaengert\/\",\"name\":\"SFB 1266 f\u00fcr vier Jahre verl\u00e4ngert! - Zentrum f\u00fcr Baltische und Skandinavische Arch\u00e4ologie (ZBSA) \u2014 Zentrum f\u00fcr Baltische und Skandinavische Arch\u00e4ologie\",\"isPartOf\":{\"@id\":\"https:\/\/zbsa.eu\/#website\"},\"primaryImageOfPage\":{\"@id\":\"https:\/\/zbsa.eu\/en\/sfb-1266-fuer-vier-jahre-verlaengert\/#primaryimage\"},\"image\":{\"@id\":\"https:\/\/zbsa.eu\/en\/sfb-1266-fuer-vier-jahre-verlaengert\/#primaryimage\"},\"thumbnailUrl\":\"https:\/\/zbsa.eu\/wp-content\/uploads\/2021\/02\/image-4.jpg\",\"datePublished\":\"2020-06-08T07:48:02+00:00\",\"dateModified\":\"2021-04-28T09:45:09+00:00\",\"author\":{\"@id\":\"https:\/\/zbsa.eu\/#\/schema\/person\/b980623b66a6ffb097697286521920c5\"},\"breadcrumb\":{\"@id\":\"https:\/\/zbsa.eu\/en\/sfb-1266-fuer-vier-jahre-verlaengert\/#breadcrumb\"},\"inLanguage\":\"en-GB\",\"potentialAction\":[{\"@type\":\"ReadAction\",\"target\":[\"https:\/\/zbsa.eu\/en\/sfb-1266-fuer-vier-jahre-verlaengert\/\"]}]},{\"@type\":\"ImageObject\",\"inLanguage\":\"en-GB\",\"@id\":\"https:\/\/zbsa.eu\/en\/sfb-1266-fuer-vier-jahre-verlaengert\/#primaryimage\",\"url\":\"https:\/\/zbsa.eu\/wp-content\/uploads\/2021\/02\/image-4.jpg\",\"contentUrl\":\"https:\/\/zbsa.eu\/wp-content\/uploads\/2021\/02\/image-4.jpg\",\"width\":1600,\"height\":1070,\"caption\":\"Sie bohren nach neuen Erkenntnissen: Aus der Analyse von Bohrkernen lassen sich unter anderem R\u00fcckschl\u00fcsse auf das Klima vergangener Zeiten ziehen. Foto: Sonja Grimm\"},{\"@type\":\"BreadcrumbList\",\"@id\":\"https:\/\/zbsa.eu\/en\/sfb-1266-fuer-vier-jahre-verlaengert\/#breadcrumb\",\"itemListElement\":[{\"@type\":\"ListItem\",\"position\":1,\"name\":\"Startseite\",\"item\":\"https:\/\/zbsa.eu\/\"},{\"@type\":\"ListItem\",\"position\":2,\"name\":\"News\",\"item\":\"https:\/\/zbsa.eu\/category\/news\/\"},{\"@type\":\"ListItem\",\"position\":3,\"name\":\"2020\",\"item\":\"https:\/\/zbsa.eu\/en\/category\/news\/2020\/\"},{\"@type\":\"ListItem\",\"position\":4,\"name\":\"SFB 1266 f\u00fcr vier Jahre verl\u00e4ngert!\"}]},{\"@type\":\"WebSite\",\"@id\":\"https:\/\/zbsa.eu\/#website\",\"url\":\"https:\/\/zbsa.eu\/\",\"name\":\"Zentrum f\u00fcr Baltische und Skandinavische Arch\u00e4ologie (ZBSA) \u2014 Zentrum f\u00fcr Baltische und Skandinavische Arch\u00e4ologie\",\"description\":\"\",\"potentialAction\":[{\"@type\":\"SearchAction\",\"target\":{\"@type\":\"EntryPoint\",\"urlTemplate\":\"https:\/\/zbsa.eu\/?s={search_term_string}\"},\"query-input\":{\"@type\":\"PropertyValueSpecification\",\"valueRequired\":true,\"valueName\":\"search_term_string\"}}],\"inLanguage\":\"en-GB\"},{\"@type\":\"Person\",\"@id\":\"https:\/\/zbsa.eu\/#\/schema\/person\/b980623b66a6ffb097697286521920c5\",\"name\":\"Matthias Bolte\",\"image\":{\"@type\":\"ImageObject\",\"inLanguage\":\"en-GB\",\"@id\":\"https:\/\/zbsa.eu\/#\/schema\/person\/image\/\",\"url\":\"https:\/\/secure.gravatar.com\/avatar\/1f3bc1bfe4b641855cb944e558d4f3de1b57120f6dfe8f4368ebfe0384a5acab?s=96&d=mm&r=g\",\"contentUrl\":\"https:\/\/secure.gravatar.com\/avatar\/1f3bc1bfe4b641855cb944e558d4f3de1b57120f6dfe8f4368ebfe0384a5acab?s=96&d=mm&r=g\",\"caption\":\"Matthias Bolte\"},\"url\":\"http:\/\/zbsa.eu\/en\/author\/matthias-bolte\/\"}]}<\/script>\n<!-- \/ Yoast SEO plugin. -->","yoast_head_json":{"title":"SFB 1266 f\u00fcr vier Jahre verl\u00e4ngert! - Zentrum f\u00fcr Baltische und Skandinavische Arch\u00e4ologie (ZBSA) \u2014 Zentrum f\u00fcr Baltische und Skandinavische Arch\u00e4ologie","robots":{"index":"index","follow":"follow","max-snippet":"max-snippet:-1","max-image-preview":"max-image-preview:large","max-video-preview":"max-video-preview:-1"},"canonical":"https:\/\/zbsa.eu\/en\/sfb-1266-fuer-vier-jahre-verlaengert\/","og_locale":"en_GB","og_type":"article","og_title":"SFB 1266 f\u00fcr vier Jahre verl\u00e4ngert! - Zentrum f\u00fcr Baltische und Skandinavische Arch\u00e4ologie (ZBSA) \u2014 Zentrum f\u00fcr Baltische und Skandinavische Arch\u00e4ologie","og_description":"Kieler Universit\u00e4t erh\u00e4lt 14 Millionen f\u00fcr die Erforschung von Mensch-Umwelt-Wechselwirkungen in pr\u00e4historischen und archaischen Gesellschaften F\u00e4cher\u00fcbergreifendes Forschungsprojekt geht in die zweite Runde Es ist ein gro\u00dfer Erfolg f\u00fcr die Spitzenforschung in Schleswig-Holstein: Die Deutsche Forschungsgemeinschaft (DFG) f\u00f6rdert den Sonderforschungsbereich (SFB) 1266 \u201eTransformationsDimensionen\u201c f\u00fcr weitere vier Jahre mit \u00fcber 14 Millionen Euro. In dem international ausgerichteten Verbundprojekt an der Christian-Albrechts-Universit\u00e4t zu Kiel (CAU) kooperieren seit dem Projektbeginn 2016 33 Forscherinnen und Forscher aus neun Instituten, dem Zentrum f\u00fcr Baltische und Skandinavische Arch\u00e4ologie in Schleswig sowie den Universit\u00e4ten in Oslo und Cambridge. Sie untersuchen f\u00fcr den Zeitraum von 15.000 vor Christus bis zum Beginn unserer Zeitrechnung die gro\u00dfen Umbr\u00fcche \u2013 \u201eTransformationen\u201c \u2013 im Spannungsfeld von Mensch und Umwelt, die zu einer substanziellen, dauerhaften Neuordnung von gesellschaftlichen und \u00f6kologischen Interaktionsmustern f\u00fchrten. Die Forschung erstreckt sich auf gesellschaftliche Ver\u00e4nderungen beginnend bei J\u00e4gerinnen und Sammlern bis hin zu fr\u00fchen Staatengebilden, vom pal\u00e4olithischen Camp bis zur \u00e4g\u00e4ischen Polis. Geografisch reicht sie vom Mittelmeer bis zur Arktis. Zitiert nach der Pressemitteilung der CAU. Hier zur vollst\u00e4ndigen Pressemitteilung.","og_url":"https:\/\/zbsa.eu\/en\/sfb-1266-fuer-vier-jahre-verlaengert\/","og_site_name":"Zentrum f\u00fcr Baltische und Skandinavische Arch\u00e4ologie (ZBSA) \u2014 Zentrum f\u00fcr Baltische und Skandinavische Arch\u00e4ologie","article_published_time":"2020-06-08T07:48:02+00:00","article_modified_time":"2021-04-28T09:45:09+00:00","og_image":[{"width":1600,"height":1070,"url":"https:\/\/zbsa.eu\/wp-content\/uploads\/2021\/02\/image-4.jpg","type":"image\/jpeg"}],"author":"Matthias Bolte","twitter_card":"summary_large_image","twitter_misc":{"Written by":"Matthias Bolte","Estimated reading time":"1 minute"},"schema":{"@context":"https:\/\/schema.org","@graph":[{"@type":"WebPage","@id":"https:\/\/zbsa.eu\/en\/sfb-1266-fuer-vier-jahre-verlaengert\/","url":"https:\/\/zbsa.eu\/en\/sfb-1266-fuer-vier-jahre-verlaengert\/","name":"SFB 1266 f\u00fcr vier Jahre verl\u00e4ngert! - Zentrum f\u00fcr Baltische und Skandinavische Arch\u00e4ologie (ZBSA) \u2014 Zentrum f\u00fcr Baltische und Skandinavische Arch\u00e4ologie","isPartOf":{"@id":"https:\/\/zbsa.eu\/#website"},"primaryImageOfPage":{"@id":"https:\/\/zbsa.eu\/en\/sfb-1266-fuer-vier-jahre-verlaengert\/#primaryimage"},"image":{"@id":"https:\/\/zbsa.eu\/en\/sfb-1266-fuer-vier-jahre-verlaengert\/#primaryimage"},"thumbnailUrl":"https:\/\/zbsa.eu\/wp-content\/uploads\/2021\/02\/image-4.jpg","datePublished":"2020-06-08T07:48:02+00:00","dateModified":"2021-04-28T09:45:09+00:00","author":{"@id":"https:\/\/zbsa.eu\/#\/schema\/person\/b980623b66a6ffb097697286521920c5"},"breadcrumb":{"@id":"https:\/\/zbsa.eu\/en\/sfb-1266-fuer-vier-jahre-verlaengert\/#breadcrumb"},"inLanguage":"en-GB","potentialAction":[{"@type":"ReadAction","target":["https:\/\/zbsa.eu\/en\/sfb-1266-fuer-vier-jahre-verlaengert\/"]}]},{"@type":"ImageObject","inLanguage":"en-GB","@id":"https:\/\/zbsa.eu\/en\/sfb-1266-fuer-vier-jahre-verlaengert\/#primaryimage","url":"https:\/\/zbsa.eu\/wp-content\/uploads\/2021\/02\/image-4.jpg","contentUrl":"https:\/\/zbsa.eu\/wp-content\/uploads\/2021\/02\/image-4.jpg","width":1600,"height":1070,"caption":"Sie bohren nach neuen Erkenntnissen: Aus der Analyse von Bohrkernen lassen sich unter anderem R\u00fcckschl\u00fcsse auf das Klima vergangener Zeiten ziehen. Foto: Sonja Grimm"},{"@type":"BreadcrumbList","@id":"https:\/\/zbsa.eu\/en\/sfb-1266-fuer-vier-jahre-verlaengert\/#breadcrumb","itemListElement":[{"@type":"ListItem","position":1,"name":"Startseite","item":"https:\/\/zbsa.eu\/"},{"@type":"ListItem","position":2,"name":"News","item":"https:\/\/zbsa.eu\/category\/news\/"},{"@type":"ListItem","position":3,"name":"2020","item":"https:\/\/zbsa.eu\/en\/category\/news\/2020\/"},{"@type":"ListItem","position":4,"name":"SFB 1266 f\u00fcr vier Jahre verl\u00e4ngert!"}]},{"@type":"WebSite","@id":"https:\/\/zbsa.eu\/#website","url":"https:\/\/zbsa.eu\/","name":"Zentrum f\u00fcr Baltische und Skandinavische Arch\u00e4ologie (ZBSA) \u2014 Zentrum f\u00fcr Baltische und Skandinavische Arch\u00e4ologie","description":"","potentialAction":[{"@type":"SearchAction","target":{"@type":"EntryPoint","urlTemplate":"https:\/\/zbsa.eu\/?s={search_term_string}"},"query-input":{"@type":"PropertyValueSpecification","valueRequired":true,"valueName":"search_term_string"}}],"inLanguage":"en-GB"},{"@type":"Person","@id":"https:\/\/zbsa.eu\/#\/schema\/person\/b980623b66a6ffb097697286521920c5","name":"Matthias Bolte","image":{"@type":"ImageObject","inLanguage":"en-GB","@id":"https:\/\/zbsa.eu\/#\/schema\/person\/image\/","url":"https:\/\/secure.gravatar.com\/avatar\/1f3bc1bfe4b641855cb944e558d4f3de1b57120f6dfe8f4368ebfe0384a5acab?s=96&d=mm&r=g","contentUrl":"https:\/\/secure.gravatar.com\/avatar\/1f3bc1bfe4b641855cb944e558d4f3de1b57120f6dfe8f4368ebfe0384a5acab?s=96&d=mm&r=g","caption":"Matthias Bolte"},"url":"http:\/\/zbsa.eu\/en\/author\/matthias-bolte\/"}]}},"featured_image_src":"https:\/\/zbsa.eu\/wp-content\/uploads\/2021\/02\/image-4.jpg","featured_image_src_square":"https:\/\/zbsa.eu\/wp-content\/uploads\/2021\/02\/image-4.jpg","author_info":{"display_name":"Matthias Bolte","author_link":"http:\/\/zbsa.eu\/en\/author\/matthias-bolte\/"},"category_info":"<a href=\"http:\/\/zbsa.eu\/en\/category\/news\/2020\/\" rel=\"category tag\">2020<\/a>","tags_info":"","social_share_info":"<a data-share=\"facebook\" href=\"https:\/\/www.facebook.com\/sharer.php?u=http:\/\/zbsa.eu\/en\/sfb-1266-fuer-vier-jahre-verlaengert\/\" class=\"pl-facebook-share social-share-default pl-social-share\" target=\"_blank\"><i class=\"fab fa-facebook-f\" aria-hidden=\"true\"><\/i><\/a><a data-share=\"twitter\" href=\"https:\/\/twitter.com\/share?url=http:\/\/zbsa.eu\/en\/sfb-1266-fuer-vier-jahre-verlaengert\/\" class=\"pl-twiiter-share social-share-default pl-social-share\" target=\"_blank\"><i class=\"fab fa-twitter\" aria-hidden=\"true\"><\/i><\/a><a data-share=\"linkedin\" href=\"https:\/\/www.linkedin.com\/shareArticle?url=http:\/\/zbsa.eu\/en\/sfb-1266-fuer-vier-jahre-verlaengert\/\" class=\"pl-linkedin-share social-share-default pl-social-share\" target=\"_blank\"><i class=\"fab fa-linkedin-in\" aria-hidden=\"true\"><\/i><\/a>","wordExcerpt_info":"<p><!-- wp:paragraph {\"align\":\"left\"} --><\/p>\n<p class=\"has-text-align-left\">Kieler Universit\u00e4t erh\u00e4lt 14 Millionen f\u00fcr die Erforschung von Mensch-Umwelt-Wechselwirkungen in pr\u00e4historischen und archaischen Gesellschaften<\/p>\n<p><!-- \/wp:paragraph --><\/p>\n<p><!-- wp:paragraph {\"align\":\"left\"} --><\/p>\n<p class=\"has-text-align-left\">F\u00e4cher\u00fcbergreifendes Forschungsprojekt geht in die zweite Runde<\/p>\n<p><!-- \/wp:paragraph --><\/p>\n<p><!-- wp:paragraph {\"align\":\"left\"} --><\/p>\n<p class=\"has-text-align-left\">Es ist ein gro\u00dfer Erfolg f\u00fcr die Spitzenforschung in Schleswig-Holstein: Die Deutsche Forschungsgemeinschaft (DFG) f\u00f6rdert den Sonderforschungsbereich (SFB) 1266 \u201eTransformationsDimensionen\u201c f\u00fcr weitere vier Jahre mit \u00fcber 14 Millionen Euro. In dem international ausgerichteten Verbundprojekt an der Christian-Albrechts-Universit\u00e4t zu Kiel (CAU) kooperieren seit dem Projektbeginn 2016 33 Forscherinnen und Forscher aus neun Instituten, dem Zentrum f\u00fcr Baltische und Skandinavische Arch\u00e4ologie in Schleswig sowie den Universit\u00e4ten in Oslo und Cambridge.<\/p>\n<p><!-- \/wp:paragraph --><\/p>\n<p><!-- wp:paragraph {\"align\":\"left\"} --><\/p>\n<p class=\"has-text-align-left\">Sie untersuchen f\u00fcr den Zeitraum von 15.000 vor Christus bis zum Beginn unserer Zeitrechnung die gro\u00dfen Umbr\u00fcche \u2013 \u201eTransformationen\u201c \u2013 im Spannungsfeld von Mensch und Umwelt, die zu einer substanziellen, dauerhaften Neuordnung von gesellschaftlichen und \u00f6kologischen Interaktionsmustern f\u00fchrten. Die Forschung erstreckt sich auf gesellschaftliche Ver\u00e4nderungen beginnend bei J\u00e4gerinnen und Sammlern bis hin zu fr\u00fchen Staatengebilden, vom pal\u00e4olithischen Camp bis zur \u00e4g\u00e4ischen Polis. Geografisch reicht sie vom Mittelmeer bis zur Arktis.<\/p>\n<p><!-- \/wp:paragraph --><\/p>\n<p><!-- wp:paragraph {\"align\":\"left\"} --><\/p>\n<p class=\"has-text-align-left\"><em>Zitiert nach der Pressemitteilung der CAU.<\/em><\/p>\n<p><!-- \/wp:paragraph --><\/p>\n<p><!-- wp:paragraph {\"align\":\"left\"} --><\/p>\n<p class=\"has-text-align-left\"><a href=\"https:\/\/www.uni-kiel.de\/de\/detailansicht\/news\/137-sfb-1266\" target=\"_blank\" rel=\"noreferrer noopener\">Hier zur vollst\u00e4ndigen Pressemitteilung.<\/a><\/p>\n<p><!-- \/wp:paragraph --><\/p>\n","comment_info":"No Comments","acf":[],"_links":{"self":[{"href":"http:\/\/zbsa.eu\/en\/wp-json\/wp\/v2\/posts\/711","targetHints":{"allow":["GET"]}}],"collection":[{"href":"http:\/\/zbsa.eu\/en\/wp-json\/wp\/v2\/posts"}],"about":[{"href":"http:\/\/zbsa.eu\/en\/wp-json\/wp\/v2\/types\/post"}],"author":[{"embeddable":true,"href":"http:\/\/zbsa.eu\/en\/wp-json\/wp\/v2\/users\/3"}],"replies":[{"embeddable":true,"href":"http:\/\/zbsa.eu\/en\/wp-json\/wp\/v2\/comments?post=711"}],"version-history":[{"count":2,"href":"http:\/\/zbsa.eu\/en\/wp-json\/wp\/v2\/posts\/711\/revisions"}],"predecessor-version":[{"id":6411,"href":"http:\/\/zbsa.eu\/en\/wp-json\/wp\/v2\/posts\/711\/revisions\/6411"}],"wp:featuredmedia":[{"embeddable":true,"href":"http:\/\/zbsa.eu\/en\/wp-json\/wp\/v2\/media\/712"}],"wp:attachment":[{"href":"http:\/\/zbsa.eu\/en\/wp-json\/wp\/v2\/media?parent=711"}],"wp:term":[{"taxonomy":"category","embeddable":true,"href":"http:\/\/zbsa.eu\/en\/wp-json\/wp\/v2\/categories?post=711"},{"taxonomy":"post_tag","embeddable":true,"href":"http:\/\/zbsa.eu\/en\/wp-json\/wp\/v2\/tags?post=711"}],"curies":[{"name":"wp","href":"https:\/\/api.w.org\/{rel}","templated":true}]}}