{"id":1130,"date":"2015-02-04T08:54:12","date_gmt":"2015-02-04T07:54:12","guid":{"rendered":"https:\/\/zbsa.eu\/?p=1130"},"modified":"2021-09-20T15:26:57","modified_gmt":"2021-09-20T13:26:57","slug":"warft-elisenhof","status":"publish","type":"post","link":"https:\/\/zbsa.eu\/en\/warft-elisenhof\/","title":{"rendered":"Petra Westphalen: Die H\u00e4user von der fr\u00fchgeschichtlichen Warft Elisenhof"},"content":{"rendered":"<div data-elementor-type=\"wp-post\" data-elementor-id=\"1130\" class=\"elementor elementor-1130\" data-elementor-post-type=\"post\">\n\t\t\t\t\t\t<section data-particle_enable=\"false\" data-particle-mobile-disabled=\"false\" class=\"elementor-section elementor-top-section elementor-element elementor-element-2e8edfd3 elementor-section-boxed elementor-section-height-default elementor-section-height-default\" data-id=\"2e8edfd3\" data-element_type=\"section\">\n\t\t\t\t\t\t<div class=\"elementor-container elementor-column-gap-default\">\n\t\t\t\t\t<div class=\"elementor-column elementor-col-100 elementor-top-column elementor-element elementor-element-5dccde9b\" data-id=\"5dccde9b\" data-element_type=\"column\">\n\t\t\t<div class=\"elementor-widget-wrap elementor-element-populated\">\n\t\t\t\t\t\t<div class=\"elementor-element elementor-element-397aa348 elementor-widget elementor-widget-text-editor\" data-id=\"397aa348\" data-element_type=\"widget\" data-widget_type=\"text-editor.default\">\n\t\t\t\t<div class=\"elementor-widget-container\">\n\t\t\t\t\t\t\t\t\t\n<div class=\"wp-block-media-text alignwide is-stacked-on-mobile is-vertically-aligned-top\">\n<figure class=\"wp-block-media-text__media\"><img decoding=\"async\" class=\"wp-image-3180\" src=\"https:\/\/zbsa.eu\/wp-content\/uploads\/2015\/02\/zbsa-1.jpg\" alt=\"Seite aus dem Buch\" width=\"102\" height=\"149\" \/><\/figure>\n<div class=\"wp-block-media-text__content\">\n<p><br \/>Wachholtz Verlag Murmann Publishers<br \/>ISBN: 9783529011870<br \/>Preis: 34\u20ac<\/p>\n\n<p>Zu den gro\u00dfen arch\u00e4ologischen Projekten der Westk\u00fcstenforschung in Schleswig-Holstein geh\u00f6rt zweifellos die fr\u00fchmittelalterliche Warft Elisenhof auf Eiderstedt bei T\u00f6nning im Kreis Nordfriesland. Seit den 1960er Jahren erforscht und in zahlreichen Publikationen vorgestellt und diskutiert, bildet diese l\u00e4ndliche Siedlung der Wikingerzeit an der Eiderm\u00fcndung ein wichtiges regionales und funktionales Korrelat zum fr\u00fchst\u00e4dtischen Handelsplatz Haithabu an der Schlei. Mit dem vorliegenden Band gelingt es, die umfangreichen Haus- und Siedlungsbefunde der Warft Elisenhof ausf\u00fchrlich vorzustellen und zu diskutieren.<\/p>\n<\/div>\n<\/div>\n\t\t\t\t\t\t\t\t<\/div>\n\t\t\t\t<\/div>\n\t\t\t\t\t<\/div>\n\t\t<\/div>\n\t\t\t\t\t<\/div>\n\t\t<\/section>\n\t\t\t\t<\/div>","protected":false},"excerpt":{"rendered":"<p>Wachholtz Verlag Murmann PublishersISBN: 9783529011870Preis: 34\u20ac Zu den gro\u00dfen arch\u00e4ologischen Projekten der Westk\u00fcstenforschung in Schleswig-Holstein geh\u00f6rt zweifellos die fr\u00fchmittelalterliche Warft Elisenhof auf Eiderstedt bei T\u00f6nning im Kreis Nordfriesland. Seit den 1960er Jahren erforscht und in zahlreichen Publikationen vorgestellt und diskutiert, bildet diese l\u00e4ndliche Siedlung der Wikingerzeit an der Eiderm\u00fcndung ein wichtiges regionales und funktionales Korrelat zum fr\u00fchst\u00e4dtischen Handelsplatz Haithabu an der Schlei. Mit dem vorliegenden Band gelingt es, die umfangreichen Haus- und Siedlungsbefunde der Warft Elisenhof ausf\u00fchrlich vorzustellen und zu diskutieren.<\/p>","protected":false},"author":3,"featured_media":0,"comment_status":"closed","ping_status":"open","sticky":false,"template":"","format":"standard","meta":{"_eb_attr":"","inline_featured_image":false,"footnotes":""},"categories":[24,27,70],"tags":[],"class_list":["post-1130","post","type-post","status-publish","format-standard","hentry","category-monographien","category-publikationen","category-sonstige-publikationen"],"yoast_head":"<!-- This site is optimized with the Yoast SEO plugin v24.4 - https:\/\/yoast.com\/wordpress\/plugins\/seo\/ -->\n<title>Petra Westphalen: Die H\u00e4user von der fr\u00fchgeschichtlichen Warft Elisenhof - Zentrum f\u00fcr Baltische und Skandinavische Arch\u00e4ologie (ZBSA) \u2014 Zentrum f\u00fcr Baltische und Skandinavische Arch\u00e4ologie<\/title>\n<meta name=\"robots\" content=\"index, follow, max-snippet:-1, max-image-preview:large, max-video-preview:-1\" \/>\n<link rel=\"canonical\" href=\"https:\/\/zbsa.eu\/en\/warft-elisenhof\/\" \/>\n<meta property=\"og:locale\" content=\"en_GB\" \/>\n<meta property=\"og:type\" content=\"article\" \/>\n<meta property=\"og:title\" content=\"Petra Westphalen: Die H\u00e4user von der fr\u00fchgeschichtlichen Warft Elisenhof - Zentrum f\u00fcr Baltische und Skandinavische Arch\u00e4ologie (ZBSA) \u2014 Zentrum f\u00fcr Baltische und Skandinavische Arch\u00e4ologie\" \/>\n<meta property=\"og:description\" content=\"Wachholtz Verlag Murmann PublishersISBN: 9783529011870Preis: 34\u20ac Zu den gro\u00dfen arch\u00e4ologischen Projekten der Westk\u00fcstenforschung in Schleswig-Holstein geh\u00f6rt zweifellos die fr\u00fchmittelalterliche Warft Elisenhof auf Eiderstedt bei T\u00f6nning im Kreis Nordfriesland. Seit den 1960er Jahren erforscht und in zahlreichen Publikationen vorgestellt und diskutiert, bildet diese l\u00e4ndliche Siedlung der Wikingerzeit an der Eiderm\u00fcndung ein wichtiges regionales und funktionales Korrelat zum fr\u00fchst\u00e4dtischen Handelsplatz Haithabu an der Schlei. Mit dem vorliegenden Band gelingt es, die umfangreichen Haus- und Siedlungsbefunde der Warft Elisenhof ausf\u00fchrlich vorzustellen und zu diskutieren.\" \/>\n<meta property=\"og:url\" content=\"https:\/\/zbsa.eu\/en\/warft-elisenhof\/\" \/>\n<meta property=\"og:site_name\" content=\"Zentrum f\u00fcr Baltische und Skandinavische Arch\u00e4ologie (ZBSA) \u2014 Zentrum f\u00fcr Baltische und Skandinavische Arch\u00e4ologie\" \/>\n<meta property=\"article:published_time\" content=\"2015-02-04T07:54:12+00:00\" \/>\n<meta property=\"article:modified_time\" content=\"2021-09-20T13:26:57+00:00\" \/>\n<meta property=\"og:image\" content=\"https:\/\/zbsa.eu\/wp-content\/uploads\/2015\/02\/zbsa-1.jpg\" \/>\n<meta name=\"author\" content=\"Matthias Bolte\" \/>\n<meta name=\"twitter:card\" content=\"summary_large_image\" \/>\n<meta name=\"twitter:label1\" content=\"Written by\" \/>\n\t<meta name=\"twitter:data1\" content=\"Matthias Bolte\" \/>\n\t<meta name=\"twitter:label2\" content=\"Estimated reading time\" \/>\n\t<meta name=\"twitter:data2\" content=\"1 minute\" \/>\n<script type=\"application\/ld+json\" class=\"yoast-schema-graph\">{\"@context\":\"https:\/\/schema.org\",\"@graph\":[{\"@type\":\"WebPage\",\"@id\":\"https:\/\/zbsa.eu\/warft-elisenhof\/\",\"url\":\"https:\/\/zbsa.eu\/warft-elisenhof\/\",\"name\":\"Petra Westphalen: Die H\u00e4user von der fr\u00fchgeschichtlichen Warft Elisenhof - Zentrum f\u00fcr Baltische und Skandinavische Arch\u00e4ologie (ZBSA) \u2014 Zentrum f\u00fcr Baltische und Skandinavische Arch\u00e4ologie\",\"isPartOf\":{\"@id\":\"https:\/\/zbsa.eu\/#website\"},\"primaryImageOfPage\":{\"@id\":\"https:\/\/zbsa.eu\/warft-elisenhof\/#primaryimage\"},\"image\":{\"@id\":\"https:\/\/zbsa.eu\/warft-elisenhof\/#primaryimage\"},\"thumbnailUrl\":\"https:\/\/zbsa.eu\/wp-content\/uploads\/2015\/02\/zbsa-1.jpg\",\"datePublished\":\"2015-02-04T07:54:12+00:00\",\"dateModified\":\"2021-09-20T13:26:57+00:00\",\"author\":{\"@id\":\"https:\/\/zbsa.eu\/#\/schema\/person\/b980623b66a6ffb097697286521920c5\"},\"breadcrumb\":{\"@id\":\"https:\/\/zbsa.eu\/warft-elisenhof\/#breadcrumb\"},\"inLanguage\":\"en-GB\",\"potentialAction\":[{\"@type\":\"ReadAction\",\"target\":[\"https:\/\/zbsa.eu\/warft-elisenhof\/\"]}]},{\"@type\":\"ImageObject\",\"inLanguage\":\"en-GB\",\"@id\":\"https:\/\/zbsa.eu\/warft-elisenhof\/#primaryimage\",\"url\":\"https:\/\/zbsa.eu\/wp-content\/uploads\/2015\/02\/zbsa-1.jpg\",\"contentUrl\":\"https:\/\/zbsa.eu\/wp-content\/uploads\/2015\/02\/zbsa-1.jpg\"},{\"@type\":\"BreadcrumbList\",\"@id\":\"https:\/\/zbsa.eu\/warft-elisenhof\/#breadcrumb\",\"itemListElement\":[{\"@type\":\"ListItem\",\"position\":1,\"name\":\"Startseite\",\"item\":\"https:\/\/zbsa.eu\/\"},{\"@type\":\"ListItem\",\"position\":2,\"name\":\"Publikationen\",\"item\":\"https:\/\/zbsa.eu\/category\/publikationen\/\"},{\"@type\":\"ListItem\",\"position\":3,\"name\":\"Monographien\",\"item\":\"https:\/\/zbsa.eu\/category\/publikationen\/monographien\/\"},{\"@type\":\"ListItem\",\"position\":4,\"name\":\"Petra Westphalen: Die H\u00e4user von der fr\u00fchgeschichtlichen Warft Elisenhof\"}]},{\"@type\":\"WebSite\",\"@id\":\"https:\/\/zbsa.eu\/#website\",\"url\":\"https:\/\/zbsa.eu\/\",\"name\":\"Zentrum f\u00fcr Baltische und Skandinavische Arch\u00e4ologie (ZBSA) \u2014 Zentrum f\u00fcr Baltische und Skandinavische Arch\u00e4ologie\",\"description\":\"\",\"potentialAction\":[{\"@type\":\"SearchAction\",\"target\":{\"@type\":\"EntryPoint\",\"urlTemplate\":\"https:\/\/zbsa.eu\/?s={search_term_string}\"},\"query-input\":{\"@type\":\"PropertyValueSpecification\",\"valueRequired\":true,\"valueName\":\"search_term_string\"}}],\"inLanguage\":\"en-GB\"},{\"@type\":\"Person\",\"@id\":\"https:\/\/zbsa.eu\/#\/schema\/person\/b980623b66a6ffb097697286521920c5\",\"name\":\"Matthias Bolte\",\"image\":{\"@type\":\"ImageObject\",\"inLanguage\":\"en-GB\",\"@id\":\"https:\/\/zbsa.eu\/#\/schema\/person\/image\/\",\"url\":\"https:\/\/secure.gravatar.com\/avatar\/1f3bc1bfe4b641855cb944e558d4f3de1b57120f6dfe8f4368ebfe0384a5acab?s=96&d=mm&r=g\",\"contentUrl\":\"https:\/\/secure.gravatar.com\/avatar\/1f3bc1bfe4b641855cb944e558d4f3de1b57120f6dfe8f4368ebfe0384a5acab?s=96&d=mm&r=g\",\"caption\":\"Matthias Bolte\"},\"url\":\"https:\/\/zbsa.eu\/en\/author\/matthias-bolte\/\"}]}<\/script>\n<!-- \/ Yoast SEO plugin. -->","yoast_head_json":{"title":"Petra Westphalen: Die H\u00e4user von der fr\u00fchgeschichtlichen Warft Elisenhof - Zentrum f\u00fcr Baltische und Skandinavische Arch\u00e4ologie (ZBSA) \u2014 Zentrum f\u00fcr Baltische und Skandinavische Arch\u00e4ologie","robots":{"index":"index","follow":"follow","max-snippet":"max-snippet:-1","max-image-preview":"max-image-preview:large","max-video-preview":"max-video-preview:-1"},"canonical":"https:\/\/zbsa.eu\/en\/warft-elisenhof\/","og_locale":"en_GB","og_type":"article","og_title":"Petra Westphalen: Die H\u00e4user von der fr\u00fchgeschichtlichen Warft Elisenhof - Zentrum f\u00fcr Baltische und Skandinavische Arch\u00e4ologie (ZBSA) \u2014 Zentrum f\u00fcr Baltische und Skandinavische Arch\u00e4ologie","og_description":"Wachholtz Verlag Murmann PublishersISBN: 9783529011870Preis: 34\u20ac Zu den gro\u00dfen arch\u00e4ologischen Projekten der Westk\u00fcstenforschung in Schleswig-Holstein geh\u00f6rt zweifellos die fr\u00fchmittelalterliche Warft Elisenhof auf Eiderstedt bei T\u00f6nning im Kreis Nordfriesland. Seit den 1960er Jahren erforscht und in zahlreichen Publikationen vorgestellt und diskutiert, bildet diese l\u00e4ndliche Siedlung der Wikingerzeit an der Eiderm\u00fcndung ein wichtiges regionales und funktionales Korrelat zum fr\u00fchst\u00e4dtischen Handelsplatz Haithabu an der Schlei. Mit dem vorliegenden Band gelingt es, die umfangreichen Haus- und Siedlungsbefunde der Warft Elisenhof ausf\u00fchrlich vorzustellen und zu diskutieren.","og_url":"https:\/\/zbsa.eu\/en\/warft-elisenhof\/","og_site_name":"Zentrum f\u00fcr Baltische und Skandinavische Arch\u00e4ologie (ZBSA) \u2014 Zentrum f\u00fcr Baltische und Skandinavische Arch\u00e4ologie","article_published_time":"2015-02-04T07:54:12+00:00","article_modified_time":"2021-09-20T13:26:57+00:00","og_image":[{"url":"https:\/\/zbsa.eu\/wp-content\/uploads\/2015\/02\/zbsa-1.jpg","type":"","width":"","height":""}],"author":"Matthias Bolte","twitter_card":"summary_large_image","twitter_misc":{"Written by":"Matthias Bolte","Estimated reading time":"1 minute"},"schema":{"@context":"https:\/\/schema.org","@graph":[{"@type":"WebPage","@id":"https:\/\/zbsa.eu\/warft-elisenhof\/","url":"https:\/\/zbsa.eu\/warft-elisenhof\/","name":"Petra Westphalen: Die H\u00e4user von der fr\u00fchgeschichtlichen Warft Elisenhof - Zentrum f\u00fcr Baltische und Skandinavische Arch\u00e4ologie (ZBSA) \u2014 Zentrum f\u00fcr Baltische und Skandinavische Arch\u00e4ologie","isPartOf":{"@id":"https:\/\/zbsa.eu\/#website"},"primaryImageOfPage":{"@id":"https:\/\/zbsa.eu\/warft-elisenhof\/#primaryimage"},"image":{"@id":"https:\/\/zbsa.eu\/warft-elisenhof\/#primaryimage"},"thumbnailUrl":"https:\/\/zbsa.eu\/wp-content\/uploads\/2015\/02\/zbsa-1.jpg","datePublished":"2015-02-04T07:54:12+00:00","dateModified":"2021-09-20T13:26:57+00:00","author":{"@id":"https:\/\/zbsa.eu\/#\/schema\/person\/b980623b66a6ffb097697286521920c5"},"breadcrumb":{"@id":"https:\/\/zbsa.eu\/warft-elisenhof\/#breadcrumb"},"inLanguage":"en-GB","potentialAction":[{"@type":"ReadAction","target":["https:\/\/zbsa.eu\/warft-elisenhof\/"]}]},{"@type":"ImageObject","inLanguage":"en-GB","@id":"https:\/\/zbsa.eu\/warft-elisenhof\/#primaryimage","url":"https:\/\/zbsa.eu\/wp-content\/uploads\/2015\/02\/zbsa-1.jpg","contentUrl":"https:\/\/zbsa.eu\/wp-content\/uploads\/2015\/02\/zbsa-1.jpg"},{"@type":"BreadcrumbList","@id":"https:\/\/zbsa.eu\/warft-elisenhof\/#breadcrumb","itemListElement":[{"@type":"ListItem","position":1,"name":"Startseite","item":"https:\/\/zbsa.eu\/"},{"@type":"ListItem","position":2,"name":"Publikationen","item":"https:\/\/zbsa.eu\/category\/publikationen\/"},{"@type":"ListItem","position":3,"name":"Monographien","item":"https:\/\/zbsa.eu\/category\/publikationen\/monographien\/"},{"@type":"ListItem","position":4,"name":"Petra Westphalen: Die H\u00e4user von der fr\u00fchgeschichtlichen Warft Elisenhof"}]},{"@type":"WebSite","@id":"https:\/\/zbsa.eu\/#website","url":"https:\/\/zbsa.eu\/","name":"Zentrum f\u00fcr Baltische und Skandinavische Arch\u00e4ologie (ZBSA) \u2014 Zentrum f\u00fcr Baltische und Skandinavische Arch\u00e4ologie","description":"","potentialAction":[{"@type":"SearchAction","target":{"@type":"EntryPoint","urlTemplate":"https:\/\/zbsa.eu\/?s={search_term_string}"},"query-input":{"@type":"PropertyValueSpecification","valueRequired":true,"valueName":"search_term_string"}}],"inLanguage":"en-GB"},{"@type":"Person","@id":"https:\/\/zbsa.eu\/#\/schema\/person\/b980623b66a6ffb097697286521920c5","name":"Matthias Bolte","image":{"@type":"ImageObject","inLanguage":"en-GB","@id":"https:\/\/zbsa.eu\/#\/schema\/person\/image\/","url":"https:\/\/secure.gravatar.com\/avatar\/1f3bc1bfe4b641855cb944e558d4f3de1b57120f6dfe8f4368ebfe0384a5acab?s=96&d=mm&r=g","contentUrl":"https:\/\/secure.gravatar.com\/avatar\/1f3bc1bfe4b641855cb944e558d4f3de1b57120f6dfe8f4368ebfe0384a5acab?s=96&d=mm&r=g","caption":"Matthias Bolte"},"url":"https:\/\/zbsa.eu\/en\/author\/matthias-bolte\/"}]}},"featured_image_src":" ","featured_image_src_square":" ","author_info":{"display_name":"Matthias Bolte","author_link":"https:\/\/zbsa.eu\/en\/author\/matthias-bolte\/"},"category_info":"<a href=\"https:\/\/zbsa.eu\/en\/category\/publikationen\/monographien\/\" rel=\"category tag\">Monographien<\/a>,<a href=\"https:\/\/zbsa.eu\/en\/category\/publikationen\/\" rel=\"category tag\">Publikationen<\/a>,<a href=\"https:\/\/zbsa.eu\/en\/category\/publikationen\/sonstige-publikationen\/\" rel=\"category tag\">Sonstige<\/a>","tags_info":"","social_share_info":"<a data-share=\"facebook\" href=\"https:\/\/www.facebook.com\/sharer.php?u=https:\/\/zbsa.eu\/en\/warft-elisenhof\/\" class=\"pl-facebook-share social-share-default pl-social-share\" target=\"_blank\"><i class=\"fab fa-facebook-f\" aria-hidden=\"true\"><\/i><\/a><a data-share=\"twitter\" href=\"https:\/\/twitter.com\/share?url=https:\/\/zbsa.eu\/en\/warft-elisenhof\/\" class=\"pl-twiiter-share social-share-default pl-social-share\" target=\"_blank\"><i class=\"fab fa-twitter\" aria-hidden=\"true\"><\/i><\/a><a data-share=\"linkedin\" href=\"https:\/\/www.linkedin.com\/shareArticle?url=https:\/\/zbsa.eu\/en\/warft-elisenhof\/\" class=\"pl-linkedin-share social-share-default pl-social-share\" target=\"_blank\"><i class=\"fab fa-linkedin-in\" aria-hidden=\"true\"><\/i><\/a>","wordExcerpt_info":"<p><!-- wp:media-text {\"mediaId\":3180,\"mediaLink\":\"https:\/\/zbsa.eu\/index.php\/2015\/02\/04\/die-haeuser-von-der-fruehgeschichtlichen-warft-elisenhof\/offa87-elisenhof-buch-indb\/\",\"mediaType\":\"image\",\"verticalAlignment\":\"top\"} --><\/p>\n<figure><img src=\"https:\/\/zbsa.eu\/wp-content\/uploads\/2015\/02\/zbsa-1.jpg\" alt=\"Seite aus dem Buch\" width=\"102\" height=\"149\" \/><\/figure>\n<p><!-- wp:paragraph --><\/p>\n<p>Wachholtz Verlag Murmann Publishers<br \/>ISBN: 9783529011870<br \/>Preis: 34\u20ac<\/p>\n<p><!-- \/wp:paragraph --><!-- wp:paragraph --><\/p>\n<p>Zu den gro\u00dfen arch\u00e4ologischen Projekten der Westk\u00fcstenforschung in Schleswig-Holstein geh\u00f6rt zweifellos die fr\u00fchmittelalterliche Warft Elisenhof auf Eiderstedt bei T\u00f6nning im Kreis Nordfriesland. Seit den 1960er Jahren erforscht und in zahlreichen Publikationen vorgestellt und diskutiert, bildet diese l\u00e4ndliche Siedlung der Wikingerzeit an der Eiderm\u00fcndung ein wichtiges regionales und funktionales Korrelat zum fr\u00fchst\u00e4dtischen Handelsplatz Haithabu an der Schlei. Mit dem vorliegenden Band gelingt es, die umfangreichen Haus- und Siedlungsbefunde der Warft Elisenhof ausf\u00fchrlich vorzustellen und zu diskutieren.<\/p>\n<p><!-- \/wp:paragraph --><br \/>\n<!-- \/wp:media-text --><\/p>\n","comment_info":"No Comments","acf":[],"_links":{"self":[{"href":"https:\/\/zbsa.eu\/en\/wp-json\/wp\/v2\/posts\/1130","targetHints":{"allow":["GET"]}}],"collection":[{"href":"https:\/\/zbsa.eu\/en\/wp-json\/wp\/v2\/posts"}],"about":[{"href":"https:\/\/zbsa.eu\/en\/wp-json\/wp\/v2\/types\/post"}],"author":[{"embeddable":true,"href":"https:\/\/zbsa.eu\/en\/wp-json\/wp\/v2\/users\/3"}],"replies":[{"embeddable":true,"href":"https:\/\/zbsa.eu\/en\/wp-json\/wp\/v2\/comments?post=1130"}],"version-history":[{"count":6,"href":"https:\/\/zbsa.eu\/en\/wp-json\/wp\/v2\/posts\/1130\/revisions"}],"predecessor-version":[{"id":7537,"href":"https:\/\/zbsa.eu\/en\/wp-json\/wp\/v2\/posts\/1130\/revisions\/7537"}],"wp:attachment":[{"href":"https:\/\/zbsa.eu\/en\/wp-json\/wp\/v2\/media?parent=1130"}],"wp:term":[{"taxonomy":"category","embeddable":true,"href":"https:\/\/zbsa.eu\/en\/wp-json\/wp\/v2\/categories?post=1130"},{"taxonomy":"post_tag","embeddable":true,"href":"https:\/\/zbsa.eu\/en\/wp-json\/wp\/v2\/tags?post=1130"}],"curies":[{"name":"wp","href":"https:\/\/api.w.org\/{rel}","templated":true}]}}