{"id":1137,"date":"2015-10-20T08:59:08","date_gmt":"2015-10-20T06:59:08","guid":{"rendered":"https:\/\/zbsa.eu\/?p=1137"},"modified":"2022-11-02T09:42:16","modified_gmt":"2022-11-02T08:42:16","slug":"die-kraft-der-tiere","status":"publish","type":"post","link":"https:\/\/zbsa.eu\/en\/die-kraft-der-tiere\/","title":{"rendered":"Alexandra Pesch: Die Kraft der Tiere"},"content":{"rendered":"<div data-elementor-type=\"wp-post\" data-elementor-id=\"1137\" class=\"elementor elementor-1137\" data-elementor-post-type=\"post\">\n\t\t\t\t\t\t<section data-particle_enable=\"false\" data-particle-mobile-disabled=\"false\" class=\"elementor-section elementor-top-section elementor-element elementor-element-8a5a45b elementor-section-boxed elementor-section-height-default elementor-section-height-default\" data-id=\"8a5a45b\" data-element_type=\"section\">\n\t\t\t\t\t\t<div class=\"elementor-container elementor-column-gap-default\">\n\t\t\t\t\t<div class=\"elementor-column elementor-col-100 elementor-top-column elementor-element elementor-element-443a6f09\" data-id=\"443a6f09\" data-element_type=\"column\">\n\t\t\t<div class=\"elementor-widget-wrap elementor-element-populated\">\n\t\t\t\t\t\t<div class=\"elementor-element elementor-element-25a244b elementor-widget elementor-widget-text-editor\" data-id=\"25a244b\" data-element_type=\"widget\" data-widget_type=\"text-editor.default\">\n\t\t\t\t<div class=\"elementor-widget-container\">\n\t\t\t\t\t\t\t\t\t\n<div class=\"wp-block-media-text alignwide is-stacked-on-mobile is-vertically-aligned-top\">\n<figure class=\"wp-block-media-text__media\"><img fetchpriority=\"high\" decoding=\"async\" width=\"615\" height=\"866\" class=\"wp-image-3188 size-full\" src=\"https:\/\/zbsa.eu\/wp-content\/uploads\/2015\/10\/zbsa.jpg\" alt=\"Buchcover Die Kraft der Tiere\" srcset=\"https:\/\/zbsa.eu\/wp-content\/uploads\/2015\/10\/zbsa.jpg 615w, https:\/\/zbsa.eu\/wp-content\/uploads\/2015\/10\/zbsa-213x300.jpg 213w, https:\/\/zbsa.eu\/wp-content\/uploads\/2015\/10\/zbsa-9x12.jpg 9w\" sizes=\"(max-width: 615px) 100vw, 615px\" \/><\/figure>\n<div class=\"wp-block-media-text__content\">\n<p>Authors: Pesch, Alexandra<br \/>Publisher: Schnell und Steiner<br \/>ISBN: 9783795429843<\/p>\n\n<p><strong>Alexandra Pesch: Die Kraft der Tiere. V\u00f6lkerwanderungszeitliche Goldhalskragen und die Grunds\u00e4tze germanischer Kunst. Unter Mitarbeit von Jan Peder Lamm, Maiken Fecht und Barbara Armbruster (Kataloge des R\u00f6misch-Germanischen Zentralmuseums 47, zugleich Schriften des Arch\u00e4ologischen Landesmuseums, Monographien 12). Mainz 2015.<\/strong><\/p>\n\n<p>Als exquisite Schmuckst\u00fccke h\u00f6chster Qualit\u00e4t bilden die drei schwedischen Goldhalskragen des 5. Jahrhunderts in technischer und ikonographischer Hinsicht die Spitzenprodukte ihrer Zeit. Obwohl sie schon im 19. Jahrhundert gefunden worden sind und seitdem Forscher wie Laien gleicherma\u00dfen fasziniert haben, liegt hier die erste gro\u00dfe wissenschaftliche Monographie \u00fcber die \u201eReichskleinodien\u201c mit herausragendem Abbildungsmaterial vor. Das Augenmerk liegt auf Fragen zu ihrer Herstellung, ihren Tr\u00e4gern und ihrem Zweck. Vor allem aber werden hunderte von fig\u00fcrlichen Darstellungen auf den Kragen analysiert: winzige Tierfiguren, Mischwesen, menschliche und g\u00f6ttliche Gestalten, Symbole und Zeichen. Um 450 n. Chr. kursierte im Norden Europas eine ausgefeilte Bildersprache, die sich des Tierbildes als Signum bediente. Mit seinen interdisziplin\u00e4ren Ans\u00e4tzen er\u00f6ffnet das Buch Zug\u00e4nge zur Bedeutung dieser Miniaturen. Die Dechiffrierung des Bilder-Codes gestattet tiefe Einblicke in eine vielfach r\u00e4tselhafte Vergangenheit und in die Vorstellungswelten der Germanen vorchristlicher Zeit.<\/p>\n\n<p>Hardcover, 21 x 30 cm, 671 Seiten, 720 zumeist farbige Abbildungen, 53 Farbtafeln. Mit schwedischen Anh\u00e4ngen (Archivalien zu den Funden) und englischer Gesamtzusammenfassung.<\/p>\n<p>Jetzt online frei verf\u00fcgbar: <a href=\"https:\/\/books.ub.uni-heidelberg.de\/propylaeum\/catalog\/book\/1111\">https:\/\/books.ub.uni-heidelberg.de\/propylaeum\/catalog\/book\/1111<\/a><\/p>\n<\/div>\n<\/div>\n\t\t\t\t\t\t\t\t<\/div>\n\t\t\t\t<\/div>\n\t\t\t\t\t<\/div>\n\t\t<\/div>\n\t\t\t\t\t<\/div>\n\t\t<\/section>\n\t\t\t\t<\/div>","protected":false},"excerpt":{"rendered":"<p>Autoren: Pesch, AlexandraVerlag: Schnell und SteinerISBN: 9783795429843 Alexandra Pesch: Die Kraft der Tiere. V\u00f6lkerwanderungszeitliche Goldhalskragen und die Grunds\u00e4tze germanischer Kunst. Unter Mitarbeit von Jan Peder Lamm, Maiken Fecht und Barbara Armbruster (Kataloge des R\u00f6misch-Germanischen Zentralmuseums 47, zugleich Schriften des Arch\u00e4ologischen Landesmuseums, Monographien 12). Mainz 2015. Als exquisite Schmuckst\u00fccke h\u00f6chster Qualit\u00e4t bilden die drei schwedischen Goldhalskragen des 5. Jahrhunderts in technischer und ikonographischer Hinsicht die Spitzenprodukte ihrer Zeit. Obwohl sie schon im 19. Jahrhundert gefunden worden sind und seitdem Forscher wie Laien gleicherma\u00dfen fasziniert haben, liegt hier die erste gro\u00dfe wissenschaftliche Monographie \u00fcber die \u201eReichskleinodien\u201c mit herausragendem Abbildungsmaterial vor. Das Augenmerk liegt auf Fragen zu ihrer Herstellung, ihren Tr\u00e4gern und ihrem Zweck. Vor allem aber werden hunderte von fig\u00fcrlichen Darstellungen auf den Kragen analysiert: winzige Tierfiguren, Mischwesen, menschliche und g\u00f6ttliche Gestalten, Symbole und Zeichen. Um 450 n. Chr. kursierte im Norden Europas eine ausgefeilte Bildersprache, die sich des Tierbildes als Signum bediente. Mit seinen interdisziplin\u00e4ren Ans\u00e4tzen er\u00f6ffnet das Buch Zug\u00e4nge zur Bedeutung dieser Miniaturen. Die Dechiffrierung des Bilder-Codes gestattet tiefe Einblicke in eine vielfach r\u00e4tselhafte Vergangenheit und in die Vorstellungswelten der Germanen vorchristlicher Zeit. Hardcover, 21 x 30 cm, 671 Seiten, 720 zumeist farbige Abbildungen, 53 Farbtafeln. Mit schwedischen Anh\u00e4ngen (Archivalien zu den Funden) und englischer Gesamtzusammenfassung. Jetzt online frei verf\u00fcgbar: https:\/\/books.ub.uni-heidelberg.de\/propylaeum\/catalog\/book\/1111<\/p>","protected":false},"author":3,"featured_media":0,"comment_status":"closed","ping_status":"open","sticky":false,"template":"","format":"standard","meta":{"_eb_attr":"","inline_featured_image":false,"footnotes":""},"categories":[30,24,27],"tags":[],"class_list":["post-1137","post","type-post","status-publish","format-standard","hentry","category-curry","category-monographien","category-publikationen"],"yoast_head":"<!-- This site is optimized with the Yoast SEO plugin v24.4 - https:\/\/yoast.com\/wordpress\/plugins\/seo\/ -->\n<title>Alexandra Pesch: Die Kraft der Tiere - Zentrum f\u00fcr Baltische und Skandinavische Arch\u00e4ologie (ZBSA) \u2014 Zentrum f\u00fcr Baltische und Skandinavische Arch\u00e4ologie<\/title>\n<meta name=\"robots\" content=\"index, follow, max-snippet:-1, max-image-preview:large, max-video-preview:-1\" \/>\n<link rel=\"canonical\" href=\"https:\/\/zbsa.eu\/en\/die-kraft-der-tiere\/\" \/>\n<meta property=\"og:locale\" content=\"en_GB\" \/>\n<meta property=\"og:type\" content=\"article\" \/>\n<meta property=\"og:title\" content=\"Alexandra Pesch: Die Kraft der Tiere - Zentrum f\u00fcr Baltische und Skandinavische Arch\u00e4ologie (ZBSA) \u2014 Zentrum f\u00fcr Baltische und Skandinavische Arch\u00e4ologie\" \/>\n<meta property=\"og:description\" content=\"Autoren: Pesch, AlexandraVerlag: Schnell und SteinerISBN: 9783795429843 Alexandra Pesch: Die Kraft der Tiere. V\u00f6lkerwanderungszeitliche Goldhalskragen und die Grunds\u00e4tze germanischer Kunst. Unter Mitarbeit von Jan Peder Lamm, Maiken Fecht und Barbara Armbruster (Kataloge des R\u00f6misch-Germanischen Zentralmuseums 47, zugleich Schriften des Arch\u00e4ologischen Landesmuseums, Monographien 12). Mainz 2015. Als exquisite Schmuckst\u00fccke h\u00f6chster Qualit\u00e4t bilden die drei schwedischen Goldhalskragen des 5. Jahrhunderts in technischer und ikonographischer Hinsicht die Spitzenprodukte ihrer Zeit. Obwohl sie schon im 19. Jahrhundert gefunden worden sind und seitdem Forscher wie Laien gleicherma\u00dfen fasziniert haben, liegt hier die erste gro\u00dfe wissenschaftliche Monographie \u00fcber die \u201eReichskleinodien\u201c mit herausragendem Abbildungsmaterial vor. Das Augenmerk liegt auf Fragen zu ihrer Herstellung, ihren Tr\u00e4gern und ihrem Zweck. Vor allem aber werden hunderte von fig\u00fcrlichen Darstellungen auf den Kragen analysiert: winzige Tierfiguren, Mischwesen, menschliche und g\u00f6ttliche Gestalten, Symbole und Zeichen. Um 450 n. Chr. kursierte im Norden Europas eine ausgefeilte Bildersprache, die sich des Tierbildes als Signum bediente. Mit seinen interdisziplin\u00e4ren Ans\u00e4tzen er\u00f6ffnet das Buch Zug\u00e4nge zur Bedeutung dieser Miniaturen. Die Dechiffrierung des Bilder-Codes gestattet tiefe Einblicke in eine vielfach r\u00e4tselhafte Vergangenheit und in die Vorstellungswelten der Germanen vorchristlicher Zeit. Hardcover, 21 x 30 cm, 671 Seiten, 720 zumeist farbige Abbildungen, 53 Farbtafeln. Mit schwedischen Anh\u00e4ngen (Archivalien zu den Funden) und englischer Gesamtzusammenfassung. Jetzt online frei verf\u00fcgbar: https:\/\/books.ub.uni-heidelberg.de\/propylaeum\/catalog\/book\/1111\" \/>\n<meta property=\"og:url\" content=\"https:\/\/zbsa.eu\/en\/die-kraft-der-tiere\/\" \/>\n<meta property=\"og:site_name\" content=\"Zentrum f\u00fcr Baltische und Skandinavische Arch\u00e4ologie (ZBSA) \u2014 Zentrum f\u00fcr Baltische und Skandinavische Arch\u00e4ologie\" \/>\n<meta property=\"article:published_time\" content=\"2015-10-20T06:59:08+00:00\" \/>\n<meta property=\"article:modified_time\" content=\"2022-11-02T08:42:16+00:00\" \/>\n<meta property=\"og:image\" content=\"https:\/\/zbsa.eu\/wp-content\/uploads\/2015\/10\/zbsa.jpg\" \/>\n<meta name=\"author\" content=\"Matthias Bolte\" \/>\n<meta name=\"twitter:card\" content=\"summary_large_image\" \/>\n<meta name=\"twitter:label1\" content=\"Written by\" \/>\n\t<meta name=\"twitter:data1\" content=\"Matthias Bolte\" \/>\n\t<meta name=\"twitter:label2\" content=\"Estimated reading time\" \/>\n\t<meta name=\"twitter:data2\" content=\"2 minutes\" \/>\n<script type=\"application\/ld+json\" class=\"yoast-schema-graph\">{\"@context\":\"https:\/\/schema.org\",\"@graph\":[{\"@type\":\"WebPage\",\"@id\":\"https:\/\/zbsa.eu\/die-kraft-der-tiere\/\",\"url\":\"https:\/\/zbsa.eu\/die-kraft-der-tiere\/\",\"name\":\"Alexandra Pesch: Die Kraft der Tiere - Zentrum f\u00fcr Baltische und Skandinavische Arch\u00e4ologie (ZBSA) \u2014 Zentrum f\u00fcr Baltische und Skandinavische Arch\u00e4ologie\",\"isPartOf\":{\"@id\":\"https:\/\/zbsa.eu\/#website\"},\"primaryImageOfPage\":{\"@id\":\"https:\/\/zbsa.eu\/die-kraft-der-tiere\/#primaryimage\"},\"image\":{\"@id\":\"https:\/\/zbsa.eu\/die-kraft-der-tiere\/#primaryimage\"},\"thumbnailUrl\":\"https:\/\/zbsa.eu\/wp-content\/uploads\/2015\/10\/zbsa.jpg\",\"datePublished\":\"2015-10-20T06:59:08+00:00\",\"dateModified\":\"2022-11-02T08:42:16+00:00\",\"author\":{\"@id\":\"https:\/\/zbsa.eu\/#\/schema\/person\/b980623b66a6ffb097697286521920c5\"},\"breadcrumb\":{\"@id\":\"https:\/\/zbsa.eu\/die-kraft-der-tiere\/#breadcrumb\"},\"inLanguage\":\"en-GB\",\"potentialAction\":[{\"@type\":\"ReadAction\",\"target\":[\"https:\/\/zbsa.eu\/die-kraft-der-tiere\/\"]}]},{\"@type\":\"ImageObject\",\"inLanguage\":\"en-GB\",\"@id\":\"https:\/\/zbsa.eu\/die-kraft-der-tiere\/#primaryimage\",\"url\":\"https:\/\/zbsa.eu\/wp-content\/uploads\/2015\/10\/zbsa.jpg\",\"contentUrl\":\"https:\/\/zbsa.eu\/wp-content\/uploads\/2015\/10\/zbsa.jpg\"},{\"@type\":\"BreadcrumbList\",\"@id\":\"https:\/\/zbsa.eu\/die-kraft-der-tiere\/#breadcrumb\",\"itemListElement\":[{\"@type\":\"ListItem\",\"position\":1,\"name\":\"Startseite\",\"item\":\"https:\/\/zbsa.eu\/\"},{\"@type\":\"ListItem\",\"position\":2,\"name\":\"Publikationen\",\"item\":\"https:\/\/zbsa.eu\/category\/publikationen\/\"},{\"@type\":\"ListItem\",\"position\":3,\"name\":\"Curry Original\",\"item\":\"https:\/\/zbsa.eu\/category\/publikationen\/curry\/\"},{\"@type\":\"ListItem\",\"position\":4,\"name\":\"Alexandra Pesch: Die Kraft der Tiere\"}]},{\"@type\":\"WebSite\",\"@id\":\"https:\/\/zbsa.eu\/#website\",\"url\":\"https:\/\/zbsa.eu\/\",\"name\":\"Zentrum f\u00fcr Baltische und Skandinavische Arch\u00e4ologie (ZBSA) \u2014 Zentrum f\u00fcr Baltische und Skandinavische Arch\u00e4ologie\",\"description\":\"\",\"potentialAction\":[{\"@type\":\"SearchAction\",\"target\":{\"@type\":\"EntryPoint\",\"urlTemplate\":\"https:\/\/zbsa.eu\/?s={search_term_string}\"},\"query-input\":{\"@type\":\"PropertyValueSpecification\",\"valueRequired\":true,\"valueName\":\"search_term_string\"}}],\"inLanguage\":\"en-GB\"},{\"@type\":\"Person\",\"@id\":\"https:\/\/zbsa.eu\/#\/schema\/person\/b980623b66a6ffb097697286521920c5\",\"name\":\"Matthias Bolte\",\"image\":{\"@type\":\"ImageObject\",\"inLanguage\":\"en-GB\",\"@id\":\"https:\/\/zbsa.eu\/#\/schema\/person\/image\/\",\"url\":\"https:\/\/secure.gravatar.com\/avatar\/1f3bc1bfe4b641855cb944e558d4f3de1b57120f6dfe8f4368ebfe0384a5acab?s=96&d=mm&r=g\",\"contentUrl\":\"https:\/\/secure.gravatar.com\/avatar\/1f3bc1bfe4b641855cb944e558d4f3de1b57120f6dfe8f4368ebfe0384a5acab?s=96&d=mm&r=g\",\"caption\":\"Matthias Bolte\"},\"url\":\"https:\/\/zbsa.eu\/en\/author\/matthias-bolte\/\"}]}<\/script>\n<!-- \/ Yoast SEO plugin. -->","yoast_head_json":{"title":"Alexandra Pesch: Die Kraft der Tiere - Zentrum f\u00fcr Baltische und Skandinavische Arch\u00e4ologie (ZBSA) \u2014 Zentrum f\u00fcr Baltische und Skandinavische Arch\u00e4ologie","robots":{"index":"index","follow":"follow","max-snippet":"max-snippet:-1","max-image-preview":"max-image-preview:large","max-video-preview":"max-video-preview:-1"},"canonical":"https:\/\/zbsa.eu\/en\/die-kraft-der-tiere\/","og_locale":"en_GB","og_type":"article","og_title":"Alexandra Pesch: Die Kraft der Tiere - Zentrum f\u00fcr Baltische und Skandinavische Arch\u00e4ologie (ZBSA) \u2014 Zentrum f\u00fcr Baltische und Skandinavische Arch\u00e4ologie","og_description":"Autoren: Pesch, AlexandraVerlag: Schnell und SteinerISBN: 9783795429843 Alexandra Pesch: Die Kraft der Tiere. V\u00f6lkerwanderungszeitliche Goldhalskragen und die Grunds\u00e4tze germanischer Kunst. Unter Mitarbeit von Jan Peder Lamm, Maiken Fecht und Barbara Armbruster (Kataloge des R\u00f6misch-Germanischen Zentralmuseums 47, zugleich Schriften des Arch\u00e4ologischen Landesmuseums, Monographien 12). Mainz 2015. Als exquisite Schmuckst\u00fccke h\u00f6chster Qualit\u00e4t bilden die drei schwedischen Goldhalskragen des 5. Jahrhunderts in technischer und ikonographischer Hinsicht die Spitzenprodukte ihrer Zeit. Obwohl sie schon im 19. Jahrhundert gefunden worden sind und seitdem Forscher wie Laien gleicherma\u00dfen fasziniert haben, liegt hier die erste gro\u00dfe wissenschaftliche Monographie \u00fcber die \u201eReichskleinodien\u201c mit herausragendem Abbildungsmaterial vor. Das Augenmerk liegt auf Fragen zu ihrer Herstellung, ihren Tr\u00e4gern und ihrem Zweck. Vor allem aber werden hunderte von fig\u00fcrlichen Darstellungen auf den Kragen analysiert: winzige Tierfiguren, Mischwesen, menschliche und g\u00f6ttliche Gestalten, Symbole und Zeichen. Um 450 n. Chr. kursierte im Norden Europas eine ausgefeilte Bildersprache, die sich des Tierbildes als Signum bediente. Mit seinen interdisziplin\u00e4ren Ans\u00e4tzen er\u00f6ffnet das Buch Zug\u00e4nge zur Bedeutung dieser Miniaturen. Die Dechiffrierung des Bilder-Codes gestattet tiefe Einblicke in eine vielfach r\u00e4tselhafte Vergangenheit und in die Vorstellungswelten der Germanen vorchristlicher Zeit. Hardcover, 21 x 30 cm, 671 Seiten, 720 zumeist farbige Abbildungen, 53 Farbtafeln. Mit schwedischen Anh\u00e4ngen (Archivalien zu den Funden) und englischer Gesamtzusammenfassung. Jetzt online frei verf\u00fcgbar: https:\/\/books.ub.uni-heidelberg.de\/propylaeum\/catalog\/book\/1111","og_url":"https:\/\/zbsa.eu\/en\/die-kraft-der-tiere\/","og_site_name":"Zentrum f\u00fcr Baltische und Skandinavische Arch\u00e4ologie (ZBSA) \u2014 Zentrum f\u00fcr Baltische und Skandinavische Arch\u00e4ologie","article_published_time":"2015-10-20T06:59:08+00:00","article_modified_time":"2022-11-02T08:42:16+00:00","og_image":[{"url":"https:\/\/zbsa.eu\/wp-content\/uploads\/2015\/10\/zbsa.jpg","type":"","width":"","height":""}],"author":"Matthias Bolte","twitter_card":"summary_large_image","twitter_misc":{"Written by":"Matthias Bolte","Estimated reading time":"2 minutes"},"schema":{"@context":"https:\/\/schema.org","@graph":[{"@type":"WebPage","@id":"https:\/\/zbsa.eu\/die-kraft-der-tiere\/","url":"https:\/\/zbsa.eu\/die-kraft-der-tiere\/","name":"Alexandra Pesch: Die Kraft der Tiere - Zentrum f\u00fcr Baltische und Skandinavische Arch\u00e4ologie (ZBSA) \u2014 Zentrum f\u00fcr Baltische und Skandinavische Arch\u00e4ologie","isPartOf":{"@id":"https:\/\/zbsa.eu\/#website"},"primaryImageOfPage":{"@id":"https:\/\/zbsa.eu\/die-kraft-der-tiere\/#primaryimage"},"image":{"@id":"https:\/\/zbsa.eu\/die-kraft-der-tiere\/#primaryimage"},"thumbnailUrl":"https:\/\/zbsa.eu\/wp-content\/uploads\/2015\/10\/zbsa.jpg","datePublished":"2015-10-20T06:59:08+00:00","dateModified":"2022-11-02T08:42:16+00:00","author":{"@id":"https:\/\/zbsa.eu\/#\/schema\/person\/b980623b66a6ffb097697286521920c5"},"breadcrumb":{"@id":"https:\/\/zbsa.eu\/die-kraft-der-tiere\/#breadcrumb"},"inLanguage":"en-GB","potentialAction":[{"@type":"ReadAction","target":["https:\/\/zbsa.eu\/die-kraft-der-tiere\/"]}]},{"@type":"ImageObject","inLanguage":"en-GB","@id":"https:\/\/zbsa.eu\/die-kraft-der-tiere\/#primaryimage","url":"https:\/\/zbsa.eu\/wp-content\/uploads\/2015\/10\/zbsa.jpg","contentUrl":"https:\/\/zbsa.eu\/wp-content\/uploads\/2015\/10\/zbsa.jpg"},{"@type":"BreadcrumbList","@id":"https:\/\/zbsa.eu\/die-kraft-der-tiere\/#breadcrumb","itemListElement":[{"@type":"ListItem","position":1,"name":"Startseite","item":"https:\/\/zbsa.eu\/"},{"@type":"ListItem","position":2,"name":"Publikationen","item":"https:\/\/zbsa.eu\/category\/publikationen\/"},{"@type":"ListItem","position":3,"name":"Curry Original","item":"https:\/\/zbsa.eu\/category\/publikationen\/curry\/"},{"@type":"ListItem","position":4,"name":"Alexandra Pesch: Die Kraft der Tiere"}]},{"@type":"WebSite","@id":"https:\/\/zbsa.eu\/#website","url":"https:\/\/zbsa.eu\/","name":"Zentrum f\u00fcr Baltische und Skandinavische Arch\u00e4ologie (ZBSA) \u2014 Zentrum f\u00fcr Baltische und Skandinavische Arch\u00e4ologie","description":"","potentialAction":[{"@type":"SearchAction","target":{"@type":"EntryPoint","urlTemplate":"https:\/\/zbsa.eu\/?s={search_term_string}"},"query-input":{"@type":"PropertyValueSpecification","valueRequired":true,"valueName":"search_term_string"}}],"inLanguage":"en-GB"},{"@type":"Person","@id":"https:\/\/zbsa.eu\/#\/schema\/person\/b980623b66a6ffb097697286521920c5","name":"Matthias Bolte","image":{"@type":"ImageObject","inLanguage":"en-GB","@id":"https:\/\/zbsa.eu\/#\/schema\/person\/image\/","url":"https:\/\/secure.gravatar.com\/avatar\/1f3bc1bfe4b641855cb944e558d4f3de1b57120f6dfe8f4368ebfe0384a5acab?s=96&d=mm&r=g","contentUrl":"https:\/\/secure.gravatar.com\/avatar\/1f3bc1bfe4b641855cb944e558d4f3de1b57120f6dfe8f4368ebfe0384a5acab?s=96&d=mm&r=g","caption":"Matthias Bolte"},"url":"https:\/\/zbsa.eu\/en\/author\/matthias-bolte\/"}]}},"featured_image_src":" ","featured_image_src_square":" ","author_info":{"display_name":"Matthias Bolte","author_link":"https:\/\/zbsa.eu\/en\/author\/matthias-bolte\/"},"category_info":"<a href=\"https:\/\/zbsa.eu\/en\/category\/publikationen\/curry\/\" rel=\"category tag\">Curry Original<\/a>,<a href=\"https:\/\/zbsa.eu\/en\/category\/publikationen\/monographien\/\" rel=\"category tag\">Monographien<\/a>,<a href=\"https:\/\/zbsa.eu\/en\/category\/publikationen\/\" rel=\"category tag\">Publikationen<\/a>","tags_info":"","social_share_info":"<a data-share=\"facebook\" href=\"https:\/\/www.facebook.com\/sharer.php?u=https:\/\/zbsa.eu\/en\/die-kraft-der-tiere\/\" class=\"pl-facebook-share social-share-default pl-social-share\" target=\"_blank\"><i class=\"fab fa-facebook-f\" aria-hidden=\"true\"><\/i><\/a><a data-share=\"twitter\" href=\"https:\/\/twitter.com\/share?url=https:\/\/zbsa.eu\/en\/die-kraft-der-tiere\/\" class=\"pl-twiiter-share social-share-default pl-social-share\" target=\"_blank\"><i class=\"fab fa-twitter\" aria-hidden=\"true\"><\/i><\/a><a data-share=\"linkedin\" href=\"https:\/\/www.linkedin.com\/shareArticle?url=https:\/\/zbsa.eu\/en\/die-kraft-der-tiere\/\" class=\"pl-linkedin-share social-share-default pl-social-share\" target=\"_blank\"><i class=\"fab fa-linkedin-in\" aria-hidden=\"true\"><\/i><\/a>","wordExcerpt_info":"<p><!-- wp:media-text {\"mediaId\":3188,\"mediaLink\":\"https:\/\/zbsa.eu\/index.php\/2015\/10\/20\/die-kraft-der-tiere\/zbsa-32\/\",\"mediaType\":\"image\",\"verticalAlignment\":\"top\"} --><\/p>\n<figure><img src=\"https:\/\/zbsa.eu\/wp-content\/uploads\/2015\/10\/zbsa.jpg\" alt=\"Buchcover Die Kraft der Tiere\" \/><\/figure>\n<p><!-- wp:paragraph --><\/p>\n<p>Autoren: Pesch, Alexandra<br \/>Verlag: Schnell und Steiner<br \/>ISBN: 9783795429843<\/p>\n<p><!-- \/wp:paragraph --><!-- wp:paragraph --><\/p>\n<p><strong>Alexandra Pesch: Die Kraft der Tiere. V\u00f6lkerwanderungszeitliche Goldhalskragen und die Grunds\u00e4tze germanischer Kunst. Unter Mitarbeit von Jan Peder Lamm, Maiken Fecht und Barbara Armbruster (Kataloge des R\u00f6misch-Germanischen Zentralmuseums 47, zugleich Schriften des Arch\u00e4ologischen Landesmuseums, Monographien 12). Mainz 2015.<\/strong><\/p>\n<p><!-- \/wp:paragraph --><!-- wp:paragraph --><\/p>\n<p>Als exquisite Schmuckst\u00fccke h\u00f6chster Qualit\u00e4t bilden die drei schwedischen Goldhalskragen des 5. Jahrhunderts in technischer und ikonographischer Hinsicht die Spitzenprodukte ihrer Zeit. Obwohl sie schon im 19. Jahrhundert gefunden worden sind und seitdem Forscher wie Laien gleicherma\u00dfen fasziniert haben, liegt hier die erste gro\u00dfe wissenschaftliche Monographie \u00fcber die \u201eReichskleinodien\u201c mit herausragendem Abbildungsmaterial vor. Das Augenmerk liegt auf Fragen zu ihrer Herstellung, ihren Tr\u00e4gern und ihrem Zweck. Vor allem aber werden hunderte von fig\u00fcrlichen Darstellungen auf den Kragen analysiert: winzige Tierfiguren, Mischwesen, menschliche und g\u00f6ttliche Gestalten, Symbole und Zeichen. Um 450 n. Chr. kursierte im Norden Europas eine ausgefeilte Bildersprache, die sich des Tierbildes als Signum bediente. Mit seinen interdisziplin\u00e4ren Ans\u00e4tzen er\u00f6ffnet das Buch Zug\u00e4nge zur Bedeutung dieser Miniaturen. Die Dechiffrierung des Bilder-Codes gestattet tiefe Einblicke in eine vielfach r\u00e4tselhafte Vergangenheit und in die Vorstellungswelten der Germanen vorchristlicher Zeit.<\/p>\n<p><!-- \/wp:paragraph --><!-- wp:paragraph --><\/p>\n<p>Hardcover, 21 x 30 cm, 671 Seiten, 720 zumeist farbige Abbildungen, 53 Farbtafeln. Mit schwedischen Anh\u00e4ngen (Archivalien zu den Funden) und englischer Gesamtzusammenfassung.<\/p>\n<p>Jetzt online frei verf\u00fcgbar: <a href=\"https:\/\/books.ub.uni-heidelberg.de\/propylaeum\/catalog\/book\/1111\">https:\/\/books.ub.uni-heidelberg.de\/propylaeum\/catalog\/book\/1111<\/a><\/p>\n<p><!-- \/wp:paragraph --><br \/>\n<!-- \/wp:media-text --><\/p>\n","comment_info":"No Comments","acf":[],"_links":{"self":[{"href":"https:\/\/zbsa.eu\/en\/wp-json\/wp\/v2\/posts\/1137","targetHints":{"allow":["GET"]}}],"collection":[{"href":"https:\/\/zbsa.eu\/en\/wp-json\/wp\/v2\/posts"}],"about":[{"href":"https:\/\/zbsa.eu\/en\/wp-json\/wp\/v2\/types\/post"}],"author":[{"embeddable":true,"href":"https:\/\/zbsa.eu\/en\/wp-json\/wp\/v2\/users\/3"}],"replies":[{"embeddable":true,"href":"https:\/\/zbsa.eu\/en\/wp-json\/wp\/v2\/comments?post=1137"}],"version-history":[{"count":10,"href":"https:\/\/zbsa.eu\/en\/wp-json\/wp\/v2\/posts\/1137\/revisions"}],"predecessor-version":[{"id":9868,"href":"https:\/\/zbsa.eu\/en\/wp-json\/wp\/v2\/posts\/1137\/revisions\/9868"}],"wp:attachment":[{"href":"https:\/\/zbsa.eu\/en\/wp-json\/wp\/v2\/media?parent=1137"}],"wp:term":[{"taxonomy":"category","embeddable":true,"href":"https:\/\/zbsa.eu\/en\/wp-json\/wp\/v2\/categories?post=1137"},{"taxonomy":"post_tag","embeddable":true,"href":"https:\/\/zbsa.eu\/en\/wp-json\/wp\/v2\/tags?post=1137"}],"curies":[{"name":"wp","href":"https:\/\/api.w.org\/{rel}","templated":true}]}}