{"id":2080,"date":"2021-03-10T15:54:32","date_gmt":"2021-03-10T14:54:32","guid":{"rendered":"https:\/\/zbsa.eu\/?p=2080"},"modified":"2023-01-30T10:40:13","modified_gmt":"2023-01-30T09:40:13","slug":"kammergrab-von-poprad-slowakei","status":"publish","type":"post","link":"https:\/\/zbsa.eu\/en\/kammergrab-von-poprad-slowakei\/","title":{"rendered":"The chamber grave of Migration Period at Poprad, Slovakia \u2013 an interdisciplinary research project for evaluation of an extraordinary find"},"content":{"rendered":"<div data-elementor-type=\"wp-post\" data-elementor-id=\"2080\" class=\"elementor elementor-2080\" data-elementor-post-type=\"post\">\n\t\t\t\t\t\t<section data-particle_enable=\"false\" data-particle-mobile-disabled=\"false\" class=\"elementor-section elementor-top-section elementor-element elementor-element-4c20bfdc elementor-section-boxed elementor-section-height-default elementor-section-height-default\" data-id=\"4c20bfdc\" data-element_type=\"section\">\n\t\t\t\t\t\t<div class=\"elementor-container elementor-column-gap-default\">\n\t\t\t\t\t<div class=\"elementor-column elementor-col-66 elementor-top-column elementor-element elementor-element-27487b1c\" data-id=\"27487b1c\" data-element_type=\"column\">\n\t\t\t<div class=\"elementor-widget-wrap elementor-element-populated\">\n\t\t\t\t\t\t<div class=\"elementor-element elementor-element-551f38fc elementor-widget elementor-widget-text-editor\" data-id=\"551f38fc\" data-element_type=\"widget\" data-widget_type=\"text-editor.default\">\n\t\t\t\t<div class=\"elementor-widget-container\">\n\t\t\t\t\t\t\t\t\t<p>Das im Jahr 2006 ausgegrabene Kammergrab von Poprad-Matejovce in der Nordostslowakei wurde in einem internationalen Forschungsprojekt am ZBSA, in den Jahren 2012 bis 2015 gef\u00f6rdert durch die DFG, in enger Zusammenarbeit mit der Slowakischen Akademie der Wissenschaften in Nitra untersucht.<\/p><figure id=\"attachment_2092\" aria-describedby=\"caption-attachment-2092\" style=\"width: 334px\" class=\"wp-caption alignright\"><img fetchpriority=\"high\" decoding=\"async\" src=\"https:\/\/zbsa.eu\/wp-content\/uploads\/2021\/03\/image_preview-2-1.jpeg\" alt=\"\" width=\"334\" height=\"400\" \/><figcaption id=\"caption-attachment-2092\" class=\"wp-caption-text\">The grave during the excavation in 2006.<\/figcaption><\/figure><p>Die digitale Rekonstruktion und Analyse von Grabkammern, Mobiliar und der Ausstattung in GIS und 3D-Software sowie die interdisziplin\u00e4re Einbeziehung verschiedener naturwissenschaftlicher Analyseverfahren (u. a. Dendrochronologie, C14-Datierung, Strontiumisotopenanalysen, verschiedene Verfahren zur Analyse von Textilien, aDNA, pathologische und anthropologische Analysen) in Verbindung mit arch\u00e4ologischen Untersuchungen der Grabkonstruktion und der Grabausstattung stellen eine zeitgem\u00e4\u00dfe, detaillierte Aufarbeitung des Befundes im Rahmen des Forschungsprojektes dar.<\/p><p>Das Grab stammt aus der fr\u00fchen V\u00f6lkerwanderungszeit und stellt mit den beiden vollst\u00e4ndig erhaltenen Grabkammern und dem Mobiliar einen singul\u00e4ren Grabfund dieser Zeit im mitteleurop\u00e4ischen Barbaricum dar. Es wurde wahrscheinlich nur wenige Jahrzehnte nach der Bestattung beraubt. Dabei l\u00e4sst sich durch die genaue Analyse der Fundlage und der Verlagerungen von Objekten die Vorgehensweise bei der Beraubung schrittweise nachvollziehen.<\/p><p>Durch die Beraubung sind neben Keramikgef\u00e4\u00dfen nur wenige Beigaben und Teile der Tracht erhalten. Von fast gr\u00f6\u00dferer Bedeutung sind jedoch die hervorragend erhaltenen Objekte wie h\u00f6lzernes Mobiliar, Textilien und Leder. Teile des Grabes wurden im Block entnommen und von 2008 bis 2015 unter Laborbedingungen ausgegraben. Die dabei gefundenen Textilien und Lederobjekte zeigen eine Materialgruppe, wie sie in solcher Qualit\u00e4t nur selten zutage tritt.<\/p><p>Mit der Freilegung sind verschiedene naturwissenschaftliche Untersuchungen verbunden wie Analysen von Strontiumisotopen, Aminos\u00e4uren und Farbresten von Textilien, die Materialbestimmungen mittels Rasterelektronenmikroskop sowie C14-Datierungen. Letztere dienen auch in Kombination mit dendrochronologischen Analysen der H\u00f6lzer (der beiden Grabkammern) zur naturwissenschaftlichen Datierung des Grabes. So ist nicht nur der genaue Bestattungszeitpunkt zu bestimmen: weitere Fragen stellen sich nach der Datierung des Kammerbaus, dem Alter der Beigaben und dem Zeitpunkt der Wieder\u00f6ffnung des Grabes. Erst dann kann ein genaues chronologisches Bild des Grabes mit allen verbundenen Vorg\u00e4ngen erstellt werden.<\/p><p>Die 3,95 m x 2,70 m gro\u00dfe Au\u00dfenkammer wurde in Blockbautechnik mit Flachdach in Nord-S\u00fcdausrichtung konstruiert, w\u00e4hrend die innere, sarkophag\u00e4hnliche Kammer mit Giebeldach in einer g\u00e4nzlich anderen Konstruktion aufgebaut wurde. Sie hatte eine L\u00e4nge von 2,90 m und eine Breite von 1,70 m und war in Blockst\u00e4nderbautechnik konstruiert. Besonders hervorzuheben sind jedoch die hervorragend erhaltenen Bestandteile h\u00f6lzernen Mobiliars. So fand sich ehemals in der inneren Grabkammer aufgestellt ein gedrechselter runder Tisch bzw. ein Becken aus Pappelholz mit einem Durchmesser von 92 cm. Zahlreiche weitere h\u00f6lzerne Objekte geh\u00f6ren zu einer sorgf\u00e4ltig gedrechselten, h\u00f6lzernen Totenliege von 2 m L\u00e4nge, gefertigt aus Eibe. Verschiedene Analysen des Skelettmaterials ergaben, dass es sich bei dem Toten um einen unter 20j\u00e4hrigen Mann handelt, der lokaler Herkunft und au\u00dferordentlich gut ern\u00e4hrt war. Die aufw\u00e4ndige Konstruktion der beiden Grabkammern, die erhaltenen, teilweise kostbaren Grabbeigaben, die mit Gold belegten Textilien sowie die sorgf\u00e4ltig hergestellten M\u00f6bel belegen einen herausragenden, elit\u00e4ren Status des Bestatteten, der kulturell mit der Nordkarpathischen Gruppe in Zusammenhang gebracht werden kann.<\/p><p><strong>Die Ergebnisse aus dem Forschungsprojekt werden derzeit f\u00fcr die mehrb\u00e4ndige monographische Publikation vorbereitet, von der der erste Band \u201eN. Lau\/K. Pieta\/T. \u0160tolcov\u00e1, Fundkatalog, Tafeln und Pl\u00e4ne. Unter Mitarbeit von L. \u00d8. Brandt, P. \u010cerve\u0148, K. G\u00f6bel, J. G\u00f6pfrich, M. Hab\u00e1nov\u00e1, M. Hajnalov\u00e1, \u0160. Hritz, Z. Huke\u013eov\u00e1, J. Jakab, J. Meurers-Balke, J. Mih\u00e1lyiov\u00e1, S. Mitschke, J. Nowotny, P. Proh\u00e1szka, P. Roth, D. Schaarschmidt, U. Schm\u00f6lcke, W. H. Schoch, U. Tegtmeier, I. Vanden Berghe, J. Zajonc und G. Zink. Poprad-Matejovce \uf02d Ein Kammergrab des 4. Jahrhunderts n. Chr. im Zipser Land 1 (Nitra, Schleswig 2022)\u201c bereits im Oktober 2022 erschienen ist. <br \/><\/strong><\/p><p><strong>Bisherige Publikationen zum Grab von Poprad:<\/strong><\/p><p>2007<\/p><p>T. Belanov\u00e1\/K. Pieta, Discovery of a Unique Chamber Tomb in Poprad-Matejovce (Slovakia). Archaeological Textile Newsletter 44, 2007, 18\u201320.<\/p><p>2009<\/p><p>K. Pieta, Das germanische F\u00fcrstengrab aus Poprad-Matejovce. In: U. von Freeden\/H. Friesinger\/E. Wamers (Hrsg.), Glaube, Kult und Herrschaft. Ph\u00e4nomene des Religi\u00f6sen im 1. Jahrtausend n. Chr. in Mittel- und Nordeuropa. Akten des 59. Internat. Sachsensymposions und der Grundprobleme der fr\u00fchgeschichtlichen Entwicklung im Mitteldonauraum. Kolloquien zur Vor- und Fr\u00fchgeschichte 12 (Bonn 2009) 107\u2013122.<\/p><p>T. \u0160tolcov\u00e1\/G. Zink\/K. Pieta, Textiles from the Chieftain Grave in Poprad-Matejovce. Report on the First Stage of Laboratory Examination. Arch. Korrbl. 39\/2, 2009, 263\u2013277.<\/p><p>2013<\/p><p>N. Lau, Das Grab von Poprad-Matejovce in der Slowakei \u2013 Ein Blockhaus mit Inneneinrichtung aus der fr\u00fchen V\u00f6lkerwanderungszeit. Arch\u00e4ologische Nachrichten aus Schleswig-Holstein 19, 2013, 16\u201319.<\/p><p>T. \u0160tolcov\u00e1\/N. Lau, Das sp\u00e4tantike Kammergrab von Poprad-Matejovce \u2013 Repr\u00e4sentation von Status und Luxus im Tode. In: M. Tellenbach\/R. Schulz\/A. Wieczorek (Hrsg.), Die Macht der Toga. Dresscode im r\u00f6mischen Weltreich [Begleitband zur Ausstellung \u00bbDie Macht der Toga \u2013 Mode im r\u00f6mischen Weltreich\u00ab im Roemer- und Pelizaeus-Museum Hildesheim vom 20.04. bis zum 08.09.2013](Regensburg 2013).<\/p><p>T. \u0160tolcov\u00e1\/G. Zink, Early Migration Period Textile and Leather Finds from the Chieftain\u2019s Grave in Poprad-Matejovce: Discovery, Retrieval and New Results of the Laboratory Examination. In J. Banck-Burgess\/C. N\u00fcbold (Hrsg.), The North European Symposium for Archaeological Textiles XI (Rahden\/Westf. 2013) 85\u201392.<\/p><p>2014<\/p><p>N. Lau\/K. Pieta, Das Grab von Poprad-Matejovce in der Slowakei \u2013Anlage, Konstruktion und Ausstattung eines fr\u00fchv\u00f6lkerwanderungszeitlichen Kammergrabes. In: A. Abegg-Wigg\/N. Lau (Hrsg.), Kammergr\u00e4ber im Barbaricum \u2013 Zu Einfl\u00fcssen und \u00dcbergangsph\u00e4nomenen von der vorr\u00f6mischen Eisenzeit bis in die V\u00f6lkerwanderungszeit. Internationale Tagung, Schleswig, 25.\u201327. November 2010. Schr. Arch. Landesmus. Ergr. 9 (Neum\u00fcnster\/Hamburg 2014) 343\u2013364.<\/p><p>T. \u0160tolcov\u00e1\/D. Schaarschmidt\/S. Mitschke, Preliminary report on textile finds from the chieftain\u2019s grave in Poprad-Matejovce (Poster Nesat-Tagung Hallstatt 2014).<\/p><p>T. \u0160tolcov\u00e1\/D. Schaarchmidt\/S. Mitschke, Textile Finds from a Chieftain\u00b4s Grave. Preliminary Report from Poprad-Matejovce, Slovakia. Archaeological Textiles Review 56, 2014, 50<span style=\"color: var( --e-global-color-text ); font-family: var( --e-global-typography-text-font-family ), Sans-serif; letter-spacing: 0px;\">\u2013<\/span><span style=\"letter-spacing: 0px; color: var( --e-global-color-text ); font-family: var( --e-global-typography-text-font-family ), Sans-serif;\">59.<\/span><\/p><p>2015<\/p><p>D. Schaarschmidt\/T. \u0160tolcov\u00e1\/S. Mitschke, Poprad-Matejovce, Slowakei: Textilfunde aus einem fr\u00fchv\u00f6lkerwanderungszeitlichen F\u00fcrstengrab \u2013 Ein Zwischenbericht. Berichte zur Denkmalpflege in Niedersachsen 35, 2015, H. 4, 199<span style=\"color: var( --e-global-color-text ); font-family: var( --e-global-typography-text-font-family ), Sans-serif; letter-spacing: 0px;\">\u2013<\/span><span style=\"letter-spacing: 0px; color: var( --e-global-color-text ); font-family: var( --e-global-typography-text-font-family ), Sans-serif;\">204.<\/span><\/p><p>T. \u0160tolcov\u00e1, Unique Early Migration Leather Finds from Poprad-Matejovce, Slovakia. Archaeological Leather Group Newsletter 5-8, 2015, 5<span style=\"color: var( --e-global-color-text ); font-family: var( --e-global-typography-text-font-family ), Sans-serif; letter-spacing: 0px;\">\u2013<\/span><span style=\"letter-spacing: 0px; color: var( --e-global-color-text ); font-family: var( --e-global-typography-text-font-family ), Sans-serif;\">8.<\/span><\/p><p>2017<\/p><p>N. Lau, \u00dcberlegungen zur gedrechselten Totenliege aus dem fr\u00fchv\u00f6lkerwanderungszeitlichen Grab von Poprad-Matejovce. In: B. V. Eriksen\/A. Abegg-Wigg\/R. Bleile\/U. Ickerodt (Hrsg.), Interaktion ohne Grenzen. Beispiele arch\u00e4ologischer Forschungen am Beginn des 21. Jahrhunderts,\u00a0 Band 1 . Festschr. C. von Carnap-Bornheim (Schleswig 2017) 457<span style=\"color: var( --e-global-color-text ); font-family: var( --e-global-typography-text-font-family ), Sans-serif; letter-spacing: 0px;\">\u2013<\/span><span style=\"letter-spacing: 0px; color: var( --e-global-color-text ); font-family: var( --e-global-typography-text-font-family ), Sans-serif;\">466.<\/span><\/p><p>N. Lau\/K. Pieta, Die antike \u00d6ffnung des Kammergrabes von Poprad-Matejovce. In: Na Hranic\u00edch a Imp\u00e9ria. Extra Fines Imperii. Festschrift J. Tejral (Brno 2017) 255<span style=\"color: var( --e-global-color-text ); font-family: var( --e-global-typography-text-font-family ), Sans-serif; letter-spacing: 0px;\">\u2013<\/span><span style=\"letter-spacing: 0px; color: var( --e-global-color-text ); font-family: var( --e-global-typography-text-font-family ), Sans-serif;\">265.<\/span><\/p><p>2018<\/p><p>P. de Barros Damgaard\/N. Marchi\/S. Rasmussen\/M. Peyrot\/G. Renaud\/Th. Korneliussen\/J. V. Moreno-Mayar\/M. Winther Pedersen\/A. Goldberg\/E. Usmanova\/N. Baimukhanov\/V. Loman\/L. Hedeager\/A. Gorm Pedersen\/K. Nielsen\/G. Afanasiev\/K. Akmatov\/A. Aldashev\/A. Alpaslan\/G. Baimbetov\/V. I. Bazaliiskii\/A. Beisenov\/B. Boldbaatar\/B. Boldgiv\/Ch. Dorzhu\/St. Ellingvag\/D. Erdenebaatar\/R. Dajani\/E. Dmitriev\/V. Evdokimov\/K. M. Frei\/A. Gromov\/A. Goryachev\/H. Hakonarson\/T. Hegay\/Z. Khachatryan\/R. Khaskhanov\/E. Kitov\/A. Kolbina\/T. Kubatbek\/A. Kukushkin\/I. Kukushkin\/N. Lau\/A. Margaryan\/I. Merkyte\/I. V. Mertz\/V. K. Mertz\/E. Mijiddorj\/V. Moiyesev\/G. Mukhtarova\/B. Nurmukhanbetov\/Z. Orozbekova\/I. Panyushkina\/K. Pieta\/V. Smr\u010dka\/I. Shevnina\/A. Logvin\/K.-G. Sj\u00f6gren\/T. \u0160tolcov\u00e1\/K. Tashbaeva\/A. Tkachev\/T. Tulegenov\/D. Voyakin\/L. Yepiskoposyan\/S. Undrakhbold\/V. Varfolomeev\/A. Weber\/N. Kradin\/M. E. Allentoft\/L. Orlando\/R. Nielsen\/M. Sikora\/E. Heyer\/K. Kristiansen\/E. Willerslev, 137 ancient human genomes from across the Eurasian steppes. Nature 557, issue 7705, 2018, 369\u2013374. doi:10.1038\/s41586-018-0094-2<\/p><p>T. C. Jones\/B. M\u00fchlemann\/P. de Barros Damgaard\/M. E. Allentoft\/I. Shevnina\/A. Logvin\/E. Usmanova\/I. P. Panyushkina\/B. Boldgiv\/T. Bazartseren\/K. Tashbaeva\/V. Merz\/N. Lau\/V. Smr\u010dka\/D. Voyakin\/E. Kitov\/A. Epimakhov\/D. Pokutta\/M. Vicze\/T. D. Price\/V. Moiseyev\/A. J. Hansen\/L. Orlando\/S. Rasmussen\/M. Sikora\/L. Vinner, A. D. M. E. Osterhaus, D. J. Smith, D. Glebe, R. A. M. Fouchier, Chr. Drosten, K.-G. Sj\u00f6gren, K. Kristiansen, E. Willerslev, Ancient Hepatitis B viruses from the Bronze Age to the Medieval. Nature 557, issue 7705, 2018, 418-423. doi:10.1038\/s41586-018-0097-z<\/p><p>2020<\/p><p>N. Lau, Das Holzkammergrab von Poprad-Matejovce. Forschungen im Zipser Land. Arch\u00e4ologische Nachrichten 2020, 260\u2013261.<\/p><p>N. Lau, Das Holzkammergrab von Poprad-Matejovce. Forschungen im Zipser Land. Arch\u00e4ologische Nachrichten digital 2020, 260\u2013261.<\/p><p>2021<\/p><p>N. Lau\/C. von Carnap-Bornheim, Grabkammer, Totenhaus, Ritualr\u00e4ume. \u00dcberlegungen zum Kammergrab von Poprad-Matejovce. In: Z. Robak\/M. Ruttkay (Hrsg.), Celts \u2013 Germans \u2013 Slavs. A Tribute Anthology to Karol Pieta. Slovensk\u00e1 Archeol\u00f3gia Suppl. 2 (Nitra 2021) 323\u200a\u2013\u200a332.<\/p><p>2022<\/p><p>\u00a0N. Lau\/K. Pieta\/T. \u0160tolcov\u00e1, Fundkatalog, Tafeln und Pl\u00e4ne. Unter Mitarbeit von L. \u00d8. Brandt, P. \u010cerve\u0148, K. G\u00f6bel, J. G\u00f6pfrich, M. Hab\u00e1nov\u00e1, M. Hajnalov\u00e1, \u0160. Hritz, Z. Huke\u013eov\u00e1, J. Jakab, J. Meurers-Balke, J. Mih\u00e1lyiov\u00e1, S. Mitschke, J. Nowotny, P. Proh\u00e1szka, P. Roth, D. Schaarschmidt, U. Schm\u00f6lcke, W. H. Schoch, U. Tegtmeier, I. Vanden Berghe, J. Zajonc und G. Zink. Poprad-Matejovce \uf02d Ein Kammergrab des 4. Jahrhunderts n. Chr. im Zipser Land 1 (Nitra, Schleswig 2022). <\/p><p>\u00a0<\/p><div style=\"color: initial; font: initial; font-feature-settings: initial; font-kerning: initial; font-optical-sizing: initial; font-variation-settings: initial; forced-color-adjust: initial; text-orientation: initial; text-rendering: initial; -webkit-font-smoothing: initial; -webkit-locale: initial; -webkit-text-orientation: initial; -webkit-writing-mode: initial; writing-mode: initial; zoom: initial; place-content: initial; place-items: initial; place-self: initial; alignment-baseline: initial; animation: initial; appearance: initial; aspect-ratio: initial; backdrop-filter: initial; backface-visibility: initial; background: initial; background-blend-mode: initial; baseline-shift: initial; block-size: initial; border-block: initial; border: initial; border-radius: initial; border-collapse: initial; border-end-end-radius: initial; border-end-start-radius: initial; border-inline: initial; border-start-end-radius: initial; border-start-start-radius: initial; inset: initial; box-shadow: initial; box-sizing: initial; break-after: initial; break-before: initial; break-inside: initial; buffered-rendering: initial; caption-side: initial; caret-color: initial; clear: initial; clip: initial; clip-path: initial; clip-rule: initial; color-interpolation: initial; color-interpolation-filters: initial; color-rendering: initial; color-scheme: initial; columns: initial; column-fill: initial; gap: initial; column-rule: initial; column-span: initial; contain: initial; contain-intrinsic-size: initial; content: initial; content-visibility: initial; counter-increment: initial; counter-reset: initial; counter-set: initial; cursor: initial; cx: initial; cy: initial; d: initial; display: block; dominant-baseline: initial; empty-cells: initial; fill: initial; fill-opacity: initial; fill-rule: initial; filter: initial; flex: initial; flex-flow: initial; float: initial; flood-color: initial; flood-opacity: initial; grid: initial; grid-area: initial; height: 0px; hyphens: initial; image-orientation: initial; image-rendering: initial; inline-size: initial; inset-block: initial; inset-inline: initial; isolation: initial; letter-spacing: initial; lighting-color: initial; line-break: initial; list-style: initial; margin-block: initial; margin: initial; margin-inline: initial; marker: initial; mask: initial; mask-type: initial; max-block-size: initial; max-height: initial; max-inline-size: initial; max-width: initial; min-block-size: initial; min-height: initial; min-inline-size: initial; min-width: initial; mix-blend-mode: initial; object-fit: initial; object-position: initial; offset: initial; opacity: initial; order: initial; origin-trial-test-property: initial; orphans: initial; outline: initial; outline-offset: initial; overflow-anchor: initial; overflow-wrap: initial; overflow: initial; overscroll-behavior-block: initial; overscroll-behavior-inline: initial; overscroll-behavior: initial; padding-block: initial; padding: initial; padding-inline: initial; page: initial; page-orientation: initial; paint-order: initial; perspective: initial; perspective-origin: initial; pointer-events: initial; position: initial; quotes: initial; r: initial; resize: initial; ruby-position: initial; rx: initial; ry: initial; scroll-behavior: initial; scroll-margin-block: initial; scroll-margin: initial; scroll-margin-inline: initial; scroll-padding-block: initial; scroll-padding: initial; scroll-padding-inline: initial; scroll-snap-align: initial; scroll-snap-stop: initial; scroll-snap-type: initial; shape-image-threshold: initial; shape-margin: initial; shape-outside: initial; shape-rendering: initial; size: initial; speak: initial; stop-color: initial; stop-opacity: initial; stroke: initial; stroke-dasharray: initial; stroke-dashoffset: initial; stroke-linecap: initial; stroke-linejoin: initial; stroke-miterlimit: initial; stroke-opacity: initial; stroke-width: initial; tab-size: initial; table-layout: initial; text-align: initial; text-align-last: initial; text-anchor: initial; text-combine-upright: initial; text-decoration: initial; text-decoration-skip-ink: initial; text-indent: initial; text-overflow: initial; text-shadow: initial; text-size-adjust: initial; text-transform: initial; text-underline-offset: initial; text-underline-position: initial; touch-action: initial; transform: initial; transform-box: initial; transform-origin: initial; transform-style: initial; transition: initial; user-select: initial; vector-effect: initial; vertical-align: initial; visibility: initial; -webkit-app-region: initial; border-spacing: initial; -webkit-border-image: initial; -webkit-box-align: initial; -webkit-box-decoration-break: initial; -webkit-box-direction: initial; -webkit-box-flex: initial; -webkit-box-ordinal-group: initial; -webkit-box-orient: initial; -webkit-box-pack: initial; -webkit-box-reflect: initial; -webkit-highlight: initial; -webkit-hyphenate-character: initial; -webkit-line-break: initial; -webkit-line-clamp: initial; -webkit-mask-box-image: initial; -webkit-mask: initial; -webkit-mask-composite: initial; -webkit-perspective-origin-x: initial; -webkit-perspective-origin-y: initial; -webkit-print-color-adjust: initial; -webkit-rtl-ordering: initial; -webkit-ruby-position: initial; -webkit-tap-highlight-color: initial; -webkit-text-combine: initial; -webkit-text-decorations-in-effect: initial; -webkit-text-emphasis: initial; -webkit-text-emphasis-position: initial; -webkit-text-fill-color: initial; -webkit-text-security: initial; -webkit-text-stroke: initial; -webkit-transform-origin-x: initial; -webkit-transform-origin-y: initial; -webkit-transform-origin-z: initial; -webkit-user-drag: initial; -webkit-user-modify: initial; white-space: initial; widows: initial; width: initial; will-change: initial; word-break: initial; word-spacing: initial; x: initial; y: initial; z-index: initial;\">\u00a0<\/div>\t\t\t\t\t\t\t\t<\/div>\n\t\t\t\t<\/div>\n\t\t\t\t\t<\/div>\n\t\t<\/div>\n\t\t\t\t<div class=\"elementor-column elementor-col-33 elementor-top-column elementor-element elementor-element-5236bf48\" data-id=\"5236bf48\" data-element_type=\"column\">\n\t\t\t<div class=\"elementor-widget-wrap elementor-element-populated\">\n\t\t\t\t\t\t<div class=\"elementor-element elementor-element-1e8dc3d7 elementor-widget elementor-widget-text-editor\" data-id=\"1e8dc3d7\" data-element_type=\"widget\" data-widget_type=\"text-editor.default\">\n\t\t\t\t<div class=\"elementor-widget-container\">\n\t\t\t\t\t\t\t\t\t<h6>Research clusters<\/h6><p>Man and Society<\/p><div class=\"ms-editor-squiggler\" style=\"color: initial; font: initial; font-feature-settings: initial; font-kerning: initial; font-optical-sizing: initial; font-variation-settings: initial; forced-color-adjust: initial; text-orientation: initial; text-rendering: initial; -webkit-font-smoothing: initial; -webkit-locale: initial; -webkit-text-orientation: initial; -webkit-writing-mode: initial; writing-mode: initial; zoom: initial; place-content: initial; place-items: initial; place-self: initial; alignment-baseline: initial; animation: initial; appearance: initial; aspect-ratio: initial; backdrop-filter: initial; backface-visibility: initial; background: initial; background-blend-mode: initial; baseline-shift: initial; block-size: initial; border-block: initial; border: initial; border-radius: initial; border-collapse: initial; border-end-end-radius: initial; border-end-start-radius: initial; border-inline: initial; border-start-end-radius: initial; border-start-start-radius: initial; inset: initial; box-shadow: initial; box-sizing: initial; break-after: initial; break-before: initial; break-inside: initial; buffered-rendering: initial; caption-side: initial; caret-color: initial; clear: initial; clip: initial; clip-path: initial; clip-rule: initial; color-interpolation: initial; color-interpolation-filters: initial; color-rendering: initial; color-scheme: initial; columns: initial; column-fill: initial; gap: initial; column-rule: initial; column-span: initial; contain: initial; contain-intrinsic-size: initial; content: initial; content-visibility: initial; counter-increment: initial; counter-reset: initial; counter-set: initial; cursor: initial; cx: initial; cy: initial; d: initial; display: block; dominant-baseline: initial; empty-cells: initial; fill: initial; fill-opacity: initial; fill-rule: initial; filter: initial; flex: initial; flex-flow: initial; float: initial; flood-color: initial; flood-opacity: initial; grid: initial; grid-area: initial; height: 0px; hyphens: initial; image-orientation: initial; image-rendering: initial; inline-size: initial; inset-block: initial; inset-inline: initial; isolation: initial; letter-spacing: initial; lighting-color: initial; line-break: initial; list-style: initial; margin-block: initial; margin: initial; margin-inline: initial; marker: initial; mask: initial; mask-type: initial; max-block-size: initial; max-height: initial; max-inline-size: initial; max-width: initial; min-block-size: initial; min-height: initial; min-inline-size: initial; min-width: initial; mix-blend-mode: initial; object-fit: initial; object-position: initial; offset: initial; opacity: initial; order: initial; origin-trial-test-property: initial; orphans: initial; outline: initial; outline-offset: initial; overflow-anchor: initial; overflow-wrap: initial; overflow: initial; overscroll-behavior-block: initial; overscroll-behavior-inline: initial; overscroll-behavior: initial; padding-block: initial; padding: initial; padding-inline: initial; page: initial; page-orientation: initial; paint-order: initial; perspective: initial; perspective-origin: initial; pointer-events: initial; position: initial; quotes: initial; r: initial; resize: initial; ruby-position: initial; rx: initial; ry: initial; scroll-behavior: initial; scroll-margin-block: initial; scroll-margin: initial; scroll-margin-inline: initial; scroll-padding-block: initial; scroll-padding: initial; scroll-padding-inline: initial; scroll-snap-align: initial; scroll-snap-stop: initial; scroll-snap-type: initial; shape-image-threshold: initial; shape-margin: initial; shape-outside: initial; shape-rendering: initial; size: initial; speak: initial; stop-color: initial; stop-opacity: initial; stroke: initial; stroke-dasharray: initial; stroke-dashoffset: initial; stroke-linecap: initial; stroke-linejoin: initial; stroke-miterlimit: initial; stroke-opacity: initial; stroke-width: initial; tab-size: initial; table-layout: initial; text-align: initial; text-align-last: initial; text-anchor: initial; text-combine-upright: initial; text-decoration: initial; text-decoration-skip-ink: initial; text-indent: initial; text-overflow: initial; text-shadow: initial; text-size-adjust: initial; text-transform: initial; text-underline-offset: initial; text-underline-position: initial; touch-action: initial; transform: initial; transform-box: initial; transform-origin: initial; transform-style: initial; transition: initial; user-select: initial; vector-effect: initial; vertical-align: initial; visibility: initial; -webkit-app-region: initial; border-spacing: initial; -webkit-border-image: initial; -webkit-box-align: initial; -webkit-box-decoration-break: initial; -webkit-box-direction: initial; -webkit-box-flex: initial; -webkit-box-ordinal-group: initial; -webkit-box-orient: initial; -webkit-box-pack: initial; -webkit-box-reflect: initial; -webkit-highlight: initial; -webkit-hyphenate-character: initial; -webkit-line-break: initial; -webkit-line-clamp: initial; -webkit-mask-box-image: initial; -webkit-mask: initial; -webkit-mask-composite: initial; -webkit-perspective-origin-x: initial; -webkit-perspective-origin-y: initial; -webkit-print-color-adjust: initial; -webkit-rtl-ordering: initial; -webkit-ruby-position: initial; -webkit-tap-highlight-color: initial; -webkit-text-combine: initial; -webkit-text-decorations-in-effect: initial; -webkit-text-emphasis: initial; -webkit-text-emphasis-position: initial; -webkit-text-fill-color: initial; -webkit-text-security: initial; -webkit-text-stroke: initial; -webkit-transform-origin-x: initial; -webkit-transform-origin-y: initial; -webkit-transform-origin-z: initial; -webkit-user-drag: initial; -webkit-user-modify: initial; white-space: initial; widows: initial; width: initial; will-change: initial; word-break: initial; word-spacing: initial; x: initial; y: initial; z-index: initial;\">\u00a0<\/div><div class=\"ms-editor-squiggler\" style=\"color: initial; font: initial; font-feature-settings: initial; font-kerning: initial; font-optical-sizing: initial; font-variation-settings: initial; forced-color-adjust: initial; text-orientation: initial; text-rendering: initial; -webkit-font-smoothing: initial; -webkit-locale: initial; -webkit-text-orientation: initial; -webkit-writing-mode: initial; writing-mode: initial; zoom: initial; place-content: initial; place-items: initial; place-self: initial; alignment-baseline: initial; animation: initial; appearance: initial; aspect-ratio: initial; backdrop-filter: initial; backface-visibility: initial; background: initial; background-blend-mode: initial; baseline-shift: initial; block-size: initial; border-block: initial; border: initial; border-radius: initial; border-collapse: initial; border-end-end-radius: initial; border-end-start-radius: initial; border-inline: initial; border-start-end-radius: initial; border-start-start-radius: initial; inset: initial; box-shadow: initial; box-sizing: initial; break-after: initial; break-before: initial; break-inside: initial; buffered-rendering: initial; caption-side: initial; caret-color: initial; clear: initial; clip: initial; clip-path: initial; clip-rule: initial; color-interpolation: initial; color-interpolation-filters: initial; color-rendering: initial; color-scheme: initial; columns: initial; column-fill: initial; gap: initial; column-rule: initial; column-span: initial; contain: initial; contain-intrinsic-size: initial; content: initial; content-visibility: initial; counter-increment: initial; counter-reset: initial; counter-set: initial; cursor: initial; cx: initial; cy: initial; d: initial; display: block; dominant-baseline: initial; empty-cells: initial; fill: initial; fill-opacity: initial; fill-rule: initial; filter: initial; flex: initial; flex-flow: initial; float: initial; flood-color: initial; flood-opacity: initial; grid: initial; grid-area: initial; height: 0px; hyphens: initial; image-orientation: initial; image-rendering: initial; inline-size: initial; inset-block: initial; inset-inline: initial; isolation: initial; letter-spacing: initial; lighting-color: initial; line-break: initial; list-style: initial; margin-block: initial; margin: initial; margin-inline: initial; marker: initial; mask: initial; mask-type: initial; max-block-size: initial; max-height: initial; max-inline-size: initial; max-width: initial; min-block-size: initial; min-height: initial; min-inline-size: initial; min-width: initial; mix-blend-mode: initial; object-fit: initial; object-position: initial; offset: initial; opacity: initial; order: initial; origin-trial-test-property: initial; orphans: initial; outline: initial; outline-offset: initial; overflow-anchor: initial; overflow-wrap: initial; overflow: initial; overscroll-behavior-block: initial; overscroll-behavior-inline: initial; overscroll-behavior: initial; padding-block: initial; padding: initial; padding-inline: initial; page: initial; page-orientation: initial; paint-order: initial; perspective: initial; perspective-origin: initial; pointer-events: initial; position: initial; quotes: initial; r: initial; resize: initial; ruby-position: initial; rx: initial; ry: initial; scroll-behavior: initial; scroll-margin-block: initial; scroll-margin: initial; scroll-margin-inline: initial; scroll-padding-block: initial; scroll-padding: initial; scroll-padding-inline: initial; scroll-snap-align: initial; scroll-snap-stop: initial; scroll-snap-type: initial; shape-image-threshold: initial; shape-margin: initial; shape-outside: initial; shape-rendering: initial; size: initial; speak: initial; stop-color: initial; stop-opacity: initial; stroke: initial; stroke-dasharray: initial; stroke-dashoffset: initial; stroke-linecap: initial; stroke-linejoin: initial; stroke-miterlimit: initial; stroke-opacity: initial; stroke-width: initial; tab-size: initial; table-layout: initial; text-align: initial; text-align-last: initial; text-anchor: initial; text-combine-upright: initial; text-decoration: initial; text-decoration-skip-ink: initial; text-indent: initial; text-overflow: initial; text-shadow: initial; text-size-adjust: initial; text-transform: initial; text-underline-offset: initial; text-underline-position: initial; touch-action: initial; transform: initial; transform-box: initial; transform-origin: initial; transform-style: initial; transition: initial; user-select: initial; vector-effect: initial; vertical-align: initial; visibility: initial; -webkit-app-region: initial; border-spacing: initial; -webkit-border-image: initial; -webkit-box-align: initial; -webkit-box-decoration-break: initial; -webkit-box-direction: initial; -webkit-box-flex: initial; -webkit-box-ordinal-group: initial; -webkit-box-orient: initial; -webkit-box-pack: initial; -webkit-box-reflect: initial; -webkit-highlight: initial; -webkit-hyphenate-character: initial; -webkit-line-break: initial; -webkit-line-clamp: initial; -webkit-mask-box-image: initial; -webkit-mask: initial; -webkit-mask-composite: initial; -webkit-perspective-origin-x: initial; -webkit-perspective-origin-y: initial; -webkit-print-color-adjust: initial; -webkit-rtl-ordering: initial; -webkit-ruby-position: initial; -webkit-tap-highlight-color: initial; -webkit-text-combine: initial; -webkit-text-decorations-in-effect: initial; -webkit-text-emphasis: initial; -webkit-text-emphasis-position: initial; -webkit-text-fill-color: initial; -webkit-text-security: initial; -webkit-text-stroke: initial; -webkit-transform-origin-x: initial; -webkit-transform-origin-y: initial; -webkit-transform-origin-z: initial; -webkit-user-drag: initial; -webkit-user-modify: initial; white-space: initial; widows: initial; width: initial; will-change: initial; word-break: initial; word-spacing: initial; x: initial; y: initial; z-index: initial;\">\u00a0<\/div>\t\t\t\t\t\t\t\t<\/div>\n\t\t\t\t<\/div>\n\t\t\t\t<div class=\"elementor-element elementor-element-635ffad0 elementor-widget elementor-widget-text-editor\" data-id=\"635ffad0\" data-element_type=\"widget\" data-widget_type=\"text-editor.default\">\n\t\t\t\t<div class=\"elementor-widget-container\">\n\t\t\t\t\t\t\t\t\t<h6>Research Priorities<\/h6><p>Beyond the Grave<\/p>\t\t\t\t\t\t\t\t<\/div>\n\t\t\t\t<\/div>\n\t\t\t\t<div class=\"elementor-element elementor-element-9af19e0 elementor-widget elementor-widget-text-editor\" data-id=\"9af19e0\" data-element_type=\"widget\" data-widget_type=\"text-editor.default\">\n\t\t\t\t<div class=\"elementor-widget-container\">\n\t\t\t\t\t\t\t\t\t<h6>Staff<\/h6><p><strong>Project leader:<\/strong>\u00a0Dr. \u00a0Nina Lau<\/p><p><strong>Weitere ZBSA-Mitarbeiterinnen und Mitarbeiter:<\/strong><\/p><p>Karin G\u00f6bel (GIS), John Meadows (C14), J\u00f6rg Nowotny (3D), Ulrich Schm\u00f6lcke (arch\u00e4ozoologische Analysen, Entomologie); Isabel Sonnenschein (Redaktion); J\u00fcrgen Sch\u00fcller (Grafik)<\/p><div class=\"ms-editor-squiggler\" style=\"color: initial; font: initial; font-feature-settings: initial; font-kerning: initial; font-optical-sizing: initial; font-variation-settings: initial; forced-color-adjust: initial; text-orientation: initial; text-rendering: initial; -webkit-font-smoothing: initial; -webkit-locale: initial; -webkit-text-orientation: initial; -webkit-writing-mode: initial; writing-mode: initial; zoom: initial; place-content: initial; place-items: initial; place-self: initial; alignment-baseline: initial; animation: initial; appearance: initial; aspect-ratio: initial; backdrop-filter: initial; backface-visibility: initial; background: initial; background-blend-mode: initial; baseline-shift: initial; block-size: initial; border-block: initial; border: initial; border-radius: initial; border-collapse: initial; border-end-end-radius: initial; border-end-start-radius: initial; border-inline: initial; border-start-end-radius: initial; border-start-start-radius: initial; inset: initial; box-shadow: initial; box-sizing: initial; break-after: initial; break-before: initial; break-inside: initial; buffered-rendering: initial; caption-side: initial; caret-color: initial; clear: initial; clip: initial; clip-path: initial; clip-rule: initial; color-interpolation: initial; color-interpolation-filters: initial; color-rendering: initial; color-scheme: initial; columns: initial; column-fill: initial; gap: initial; column-rule: initial; column-span: initial; contain: initial; contain-intrinsic-size: initial; content: initial; content-visibility: initial; counter-increment: initial; counter-reset: initial; counter-set: initial; cursor: initial; cx: initial; cy: initial; d: initial; display: block; dominant-baseline: initial; empty-cells: initial; fill: initial; fill-opacity: initial; fill-rule: initial; filter: initial; flex: initial; flex-flow: initial; float: initial; flood-color: initial; flood-opacity: initial; grid: initial; grid-area: initial; height: 0px; hyphens: initial; image-orientation: initial; image-rendering: initial; inline-size: initial; inset-block: initial; inset-inline: initial; isolation: initial; letter-spacing: initial; lighting-color: initial; line-break: initial; list-style: initial; margin-block: initial; margin: initial; margin-inline: initial; marker: initial; mask: initial; mask-type: initial; max-block-size: initial; max-height: initial; max-inline-size: initial; max-width: initial; min-block-size: initial; min-height: initial; min-inline-size: initial; min-width: initial; mix-blend-mode: initial; object-fit: initial; object-position: initial; offset: initial; opacity: initial; order: initial; origin-trial-test-property: initial; orphans: initial; outline: initial; outline-offset: initial; overflow-anchor: initial; overflow-wrap: initial; overflow: initial; overscroll-behavior-block: initial; overscroll-behavior-inline: initial; overscroll-behavior: initial; padding-block: initial; padding: initial; padding-inline: initial; page: initial; page-orientation: initial; paint-order: initial; perspective: initial; perspective-origin: initial; pointer-events: initial; position: initial; quotes: initial; r: initial; resize: initial; ruby-position: initial; rx: initial; ry: initial; scroll-behavior: initial; scroll-margin-block: initial; scroll-margin: initial; scroll-margin-inline: initial; scroll-padding-block: initial; scroll-padding: initial; scroll-padding-inline: initial; scroll-snap-align: initial; scroll-snap-stop: initial; scroll-snap-type: initial; shape-image-threshold: initial; shape-margin: initial; shape-outside: initial; shape-rendering: initial; size: initial; speak: initial; stop-color: initial; stop-opacity: initial; stroke: initial; stroke-dasharray: initial; stroke-dashoffset: initial; stroke-linecap: initial; stroke-linejoin: initial; stroke-miterlimit: initial; stroke-opacity: initial; stroke-width: initial; tab-size: initial; table-layout: initial; text-align: initial; text-align-last: initial; text-anchor: initial; text-combine-upright: initial; text-decoration: initial; text-decoration-skip-ink: initial; text-indent: initial; text-overflow: initial; text-shadow: initial; text-size-adjust: initial; text-transform: initial; text-underline-offset: initial; text-underline-position: initial; touch-action: initial; transform: initial; transform-box: initial; transform-origin: initial; transform-style: initial; transition: initial; user-select: initial; vector-effect: initial; vertical-align: initial; visibility: initial; -webkit-app-region: initial; border-spacing: initial; -webkit-border-image: initial; -webkit-box-align: initial; -webkit-box-decoration-break: initial; -webkit-box-direction: initial; -webkit-box-flex: initial; -webkit-box-ordinal-group: initial; -webkit-box-orient: initial; -webkit-box-pack: initial; -webkit-box-reflect: initial; -webkit-highlight: initial; -webkit-hyphenate-character: initial; -webkit-line-break: initial; -webkit-line-clamp: initial; -webkit-mask-box-image: initial; -webkit-mask: initial; -webkit-mask-composite: initial; -webkit-perspective-origin-x: initial; -webkit-perspective-origin-y: initial; -webkit-print-color-adjust: initial; -webkit-rtl-ordering: initial; -webkit-ruby-position: initial; -webkit-tap-highlight-color: initial; -webkit-text-combine: initial; -webkit-text-decorations-in-effect: initial; -webkit-text-emphasis: initial; -webkit-text-emphasis-position: initial; -webkit-text-fill-color: initial; -webkit-text-security: initial; -webkit-text-stroke: initial; -webkit-transform-origin-x: initial; -webkit-transform-origin-y: initial; -webkit-transform-origin-z: initial; -webkit-user-drag: initial; -webkit-user-modify: initial; white-space: initial; widows: initial; width: initial; will-change: initial; word-break: initial; word-spacing: initial; x: initial; y: initial; z-index: initial;\">\u00a0<\/div><div class=\"ms-editor-squiggler\" style=\"color: initial; font: initial; font-feature-settings: initial; font-kerning: initial; font-optical-sizing: initial; font-variation-settings: initial; forced-color-adjust: initial; text-orientation: initial; text-rendering: initial; -webkit-font-smoothing: initial; -webkit-locale: initial; -webkit-text-orientation: initial; -webkit-writing-mode: initial; writing-mode: initial; zoom: initial; place-content: initial; place-items: initial; place-self: initial; alignment-baseline: initial; animation: initial; appearance: initial; aspect-ratio: initial; backdrop-filter: initial; backface-visibility: initial; background: initial; background-blend-mode: initial; baseline-shift: initial; block-size: initial; border-block: initial; border: initial; border-radius: initial; border-collapse: initial; border-end-end-radius: initial; border-end-start-radius: initial; border-inline: initial; border-start-end-radius: initial; border-start-start-radius: initial; inset: initial; box-shadow: initial; box-sizing: initial; break-after: initial; break-before: initial; break-inside: initial; buffered-rendering: initial; caption-side: initial; caret-color: initial; clear: initial; clip: initial; clip-path: initial; clip-rule: initial; color-interpolation: initial; color-interpolation-filters: initial; color-rendering: initial; color-scheme: initial; columns: initial; column-fill: initial; gap: initial; column-rule: initial; column-span: initial; contain: initial; contain-intrinsic-size: initial; content: initial; content-visibility: initial; counter-increment: initial; counter-reset: initial; counter-set: initial; cursor: initial; cx: initial; cy: initial; d: initial; display: block; dominant-baseline: initial; empty-cells: initial; fill: initial; fill-opacity: initial; fill-rule: initial; filter: initial; flex: initial; flex-flow: initial; float: initial; flood-color: initial; flood-opacity: initial; grid: initial; grid-area: initial; height: 0px; hyphens: initial; image-orientation: initial; image-rendering: initial; inline-size: initial; inset-block: initial; inset-inline: initial; isolation: initial; letter-spacing: initial; lighting-color: initial; line-break: initial; list-style: initial; margin-block: initial; margin: initial; margin-inline: initial; marker: initial; mask: initial; mask-type: initial; max-block-size: initial; max-height: initial; max-inline-size: initial; max-width: initial; min-block-size: initial; min-height: initial; min-inline-size: initial; min-width: initial; mix-blend-mode: initial; object-fit: initial; object-position: initial; offset: initial; opacity: initial; order: initial; origin-trial-test-property: initial; orphans: initial; outline: initial; outline-offset: initial; overflow-anchor: initial; overflow-wrap: initial; overflow: initial; overscroll-behavior-block: initial; overscroll-behavior-inline: initial; overscroll-behavior: initial; padding-block: initial; padding: initial; padding-inline: initial; page: initial; page-orientation: initial; paint-order: initial; perspective: initial; perspective-origin: initial; pointer-events: initial; position: initial; quotes: initial; r: initial; resize: initial; ruby-position: initial; rx: initial; ry: initial; scroll-behavior: initial; scroll-margin-block: initial; scroll-margin: initial; scroll-margin-inline: initial; scroll-padding-block: initial; scroll-padding: initial; scroll-padding-inline: initial; scroll-snap-align: initial; scroll-snap-stop: initial; scroll-snap-type: initial; shape-image-threshold: initial; shape-margin: initial; shape-outside: initial; shape-rendering: initial; size: initial; speak: initial; stop-color: initial; stop-opacity: initial; stroke: initial; stroke-dasharray: initial; stroke-dashoffset: initial; stroke-linecap: initial; stroke-linejoin: initial; stroke-miterlimit: initial; stroke-opacity: initial; stroke-width: initial; tab-size: initial; table-layout: initial; text-align: initial; text-align-last: initial; text-anchor: initial; text-combine-upright: initial; text-decoration: initial; text-decoration-skip-ink: initial; text-indent: initial; text-overflow: initial; text-shadow: initial; text-size-adjust: initial; text-transform: initial; text-underline-offset: initial; text-underline-position: initial; touch-action: initial; transform: initial; transform-box: initial; transform-origin: initial; transform-style: initial; transition: initial; user-select: initial; vector-effect: initial; vertical-align: initial; visibility: initial; -webkit-app-region: initial; border-spacing: initial; -webkit-border-image: initial; -webkit-box-align: initial; -webkit-box-decoration-break: initial; -webkit-box-direction: initial; -webkit-box-flex: initial; -webkit-box-ordinal-group: initial; -webkit-box-orient: initial; -webkit-box-pack: initial; -webkit-box-reflect: initial; -webkit-highlight: initial; -webkit-hyphenate-character: initial; -webkit-line-break: initial; -webkit-line-clamp: initial; -webkit-mask-box-image: initial; -webkit-mask: initial; -webkit-mask-composite: initial; -webkit-perspective-origin-x: initial; -webkit-perspective-origin-y: initial; -webkit-print-color-adjust: initial; -webkit-rtl-ordering: initial; -webkit-ruby-position: initial; -webkit-tap-highlight-color: initial; -webkit-text-combine: initial; -webkit-text-decorations-in-effect: initial; -webkit-text-emphasis: initial; -webkit-text-emphasis-position: initial; -webkit-text-fill-color: initial; -webkit-text-security: initial; -webkit-text-stroke: initial; -webkit-transform-origin-x: initial; -webkit-transform-origin-y: initial; -webkit-transform-origin-z: initial; -webkit-user-drag: initial; -webkit-user-modify: initial; white-space: initial; widows: initial; width: initial; will-change: initial; word-break: initial; word-spacing: initial; x: initial; y: initial; z-index: initial;\">\u00a0<\/div>\t\t\t\t\t\t\t\t<\/div>\n\t\t\t\t<\/div>\n\t\t\t\t<div class=\"elementor-element elementor-element-4e7ea9d0 elementor-widget elementor-widget-text-editor\" data-id=\"4e7ea9d0\" data-element_type=\"widget\" data-widget_type=\"text-editor.default\">\n\t\t\t\t<div class=\"elementor-widget-container\">\n\t\t\t\t\t\t\t\t\t<h6>Kooperierende Institutionen und Projektmitarbeiterinnen und -mitarbeiter:<\/h6>\n<p>Arch\u00e4ologische Analyse, Organisation, Auswertung und Publikation: Karol Pieta (Arch\u00e4ologisches Institut der Slowakischen Akademie der Wissenschaften Nitra (SAV))<\/p>\n<p>Holzkonservierung: Joachim Schultze, Janosch Willers, Roland Aniol, Wolfgang Schr\u00f6der (MfA)<\/p>\n<p>Dendrochronologie: Peter Barta (Dendrochronological laboratory Bratislava)<\/p>\n<p>Strontiumisotopenanalysen: Karin Margarita Frei (Nationalmuseum Kopenhagen)<\/p>\n<p>Anthropologische Analysen: J\u00falius Jakab (Arch\u00e4ologisches Institut der Slowakische Akademie der Wissenschaften Nitra (SAV))<\/p>\n<p>DNA Analysen: Morten Allentoft u. Peter de Basso Damgaard, Centre for GeoGenetics, Kopenhagen<\/p>\n<p>Rasterelektronenmikroskopie: Sylvia Mitschke (Curt-Engelhorn-Zentrum Arch\u00e4ometrie, Mannheim)<\/p>\n<p>Farb- und Farbstoffanalysen, Aminos\u00e4ureanalysen: Ina Vanden Berghe (IRPA\/KIK: Royal Institute of Cultural Heritage Br\u00fcssel)<\/p>\n<p style=\"margin-bottom: 12.0pt;\">Arch\u00e4obotanik: Maria Hajnalov\u00e1 (Comenius Universit\u00e4t Bratislava) und Jana Mih\u00e1lyiov\u00e1 (Arch\u00e4ologisches Institut der Slowakische Akademie der Wissenschaften Nitra (SAV))<\/p>\n<p>&#8211; Restauratorische Grabungsleitung, Pr\u00e4ventive Konservierung, Leitung Blockbergungen und Lederkonservierung: Dipl.-Rest. Gabriele Zink<\/p><p>&#8211; Ausgraben der Blockbergungen:&nbsp;<span style=\"color: var( --e-global-color-text ); font-family: var( --e-global-typography-text-font-family ), Sans-serif; letter-spacing: 0px;\">Dipl.-Rest. Gabriele Zink<\/span><\/p><p>&#8211; Konservierung und Restaurierung von Leder und Textil:&nbsp;<span style=\"color: var( --e-global-color-text ); font-family: var( --e-global-typography-text-font-family ), Sans-serif; letter-spacing: 0px;\">Dipl.-Rest. Gabriele Zink<\/span><\/p><p>Ausgrabungen der Blockbergungen: Dorte Schaarschmidt, Arch\u00e4ologisches Landesamt Hannover, Tereza \u0160tolcov\u00e1, Arch\u00e4ologisches Institut der Slowakische Akademie der Wissenschaften Nitra (SAV)<\/p>\n<p>Analyse der stabilen Isotopen 13c und 15n (u. a. der Ern\u00e4hrungsgrundlagen des Mannes aus Poprad): Miriam Fi\u0161\u00e1kov\u00e1-N\u00fdvltov\u00e1 (Institute of Archaeology Brno); Analysen durchgef\u00fchrt am Centre of Applied Isotope Studies, University of Georgia, USA<\/p>\n<p>Analyse von Leder und Textilien: Tereza \u0160tolcov\u00e1 (Arch\u00e4ologisches Institut der Slowakische Akademie der Wissenschaften Nitra (SAV)<\/p>\n<p>Konservierung und Restaurierung von Textilien und Leder: Dorte Schaarschmidt, Arch\u00e4ologisches Landesamt f\u00fcr Denkmalpflege Hannover, Tereza \u0160tolcov\u00e1, Arch\u00e4ologisches Institut der Slowakische Akademie der Wissenschaften Nitra (SAV)<\/p>\n<p><span style=\"letter-spacing: 0px; color: var( --e-global-color-text ); font-family: var( --e-global-typography-text-font-family ), Sans-serif;\">Ausstellung und Pr\u00e4sentation der Funde: Podtatransk\u00e9 m\u00fazeum in Poprad (Direktorin Magdal\u00e9na Bekessov\u00e1)<\/span><\/p>\t\t\t\t\t\t\t\t<\/div>\n\t\t\t\t<\/div>\n\t\t\t\t\t<\/div>\n\t\t<\/div>\n\t\t\t\t\t<\/div>\n\t\t<\/section>\n\t\t\t\t<\/div>","protected":false},"excerpt":{"rendered":"<p>Das im Jahr 2006 ausgegrabene Kammergrab von Poprad-Matejovce in der Nordostslowakei wurde in einem internationalen Forschungsprojekt am ZBSA, in den Jahren 2012 bis 2015 gef\u00f6rdert durch die DFG, in enger Zusammenarbeit mit der Slowakischen Akademie der Wissenschaften in Nitra untersucht. Die digitale Rekonstruktion und Analyse von Grabkammern, Mobiliar und der Ausstattung in GIS und 3D-Software sowie die interdisziplin\u00e4re Einbeziehung verschiedener naturwissenschaftlicher Analyseverfahren (u. a. Dendrochronologie, C14-Datierung, Strontiumisotopenanalysen, verschiedene Verfahren zur Analyse von Textilien, aDNA, pathologische und anthropologische Analysen) in Verbindung mit arch\u00e4ologischen Untersuchungen der Grabkonstruktion und der Grabausstattung stellen eine zeitgem\u00e4\u00dfe, detaillierte Aufarbeitung des Befundes im Rahmen des Forschungsprojektes dar. Das Grab stammt aus der fr\u00fchen V\u00f6lkerwanderungszeit und stellt mit den beiden vollst\u00e4ndig erhaltenen Grabkammern und dem Mobiliar einen singul\u00e4ren Grabfund dieser Zeit im mitteleurop\u00e4ischen Barbaricum dar. Es wurde wahrscheinlich nur wenige Jahrzehnte nach der Bestattung beraubt. Dabei l\u00e4sst sich durch die genaue Analyse der Fundlage und der Verlagerungen von Objekten die Vorgehensweise bei der Beraubung schrittweise nachvollziehen. Durch die Beraubung sind neben Keramikgef\u00e4\u00dfen nur wenige Beigaben und Teile der Tracht erhalten. Von fast gr\u00f6\u00dferer Bedeutung sind jedoch die hervorragend erhaltenen Objekte wie h\u00f6lzernes Mobiliar, Textilien und Leder. Teile des Grabes wurden im Block entnommen und von 2008 bis 2015 unter Laborbedingungen ausgegraben. Die dabei gefundenen Textilien und Lederobjekte zeigen eine Materialgruppe, wie sie in solcher Qualit\u00e4t nur selten zutage tritt. Mit der Freilegung sind verschiedene naturwissenschaftliche Untersuchungen verbunden wie Analysen von Strontiumisotopen, Aminos\u00e4uren und Farbresten von Textilien, die Materialbestimmungen mittels Rasterelektronenmikroskop sowie C14-Datierungen. Letztere dienen auch in Kombination mit dendrochronologischen Analysen der H\u00f6lzer (der beiden Grabkammern) zur naturwissenschaftlichen Datierung des Grabes. So ist nicht nur der genaue Bestattungszeitpunkt zu bestimmen: weitere Fragen stellen sich nach der Datierung des Kammerbaus, dem Alter der Beigaben und dem Zeitpunkt der Wieder\u00f6ffnung des Grabes. Erst dann kann ein genaues chronologisches Bild des Grabes mit allen verbundenen Vorg\u00e4ngen erstellt werden. Die 3,95 m x 2,70 m gro\u00dfe Au\u00dfenkammer wurde in Blockbautechnik mit Flachdach in Nord-S\u00fcdausrichtung konstruiert, w\u00e4hrend die innere, sarkophag\u00e4hnliche Kammer mit Giebeldach in einer g\u00e4nzlich anderen Konstruktion aufgebaut wurde. Sie hatte eine L\u00e4nge von 2,90 m und eine Breite von 1,70 m und war in Blockst\u00e4nderbautechnik konstruiert. Besonders hervorzuheben sind jedoch die hervorragend erhaltenen Bestandteile h\u00f6lzernen Mobiliars. So fand sich ehemals in der inneren Grabkammer aufgestellt ein gedrechselter runder Tisch bzw. ein Becken aus Pappelholz mit einem Durchmesser von 92 cm. Zahlreiche weitere h\u00f6lzerne Objekte geh\u00f6ren zu einer sorgf\u00e4ltig gedrechselten, h\u00f6lzernen Totenliege von 2 m L\u00e4nge, gefertigt aus Eibe. Verschiedene Analysen des Skelettmaterials ergaben, dass es sich bei dem Toten um einen unter 20j\u00e4hrigen Mann handelt, der lokaler Herkunft und au\u00dferordentlich gut ern\u00e4hrt war. Die aufw\u00e4ndige Konstruktion der beiden Grabkammern, die erhaltenen, teilweise kostbaren Grabbeigaben, die mit Gold belegten Textilien sowie die sorgf\u00e4ltig hergestellten M\u00f6bel belegen einen herausragenden, elit\u00e4ren Status des Bestatteten, der kulturell mit der Nordkarpathischen Gruppe in Zusammenhang gebracht werden kann. Die Ergebnisse aus dem Forschungsprojekt werden derzeit f\u00fcr die mehrb\u00e4ndige monographische Publikation vorbereitet, von der der erste Band \u201eN. Lau\/K. Pieta\/T. \u0160tolcov\u00e1, Fundkatalog, Tafeln und Pl\u00e4ne. Unter Mitarbeit von L. \u00d8. Brandt, P. \u010cerve\u0148, K. G\u00f6bel, J. G\u00f6pfrich, M. Hab\u00e1nov\u00e1, M. Hajnalov\u00e1, \u0160. Hritz, Z. Huke\u013eov\u00e1, J. Jakab, J. Meurers-Balke, J. Mih\u00e1lyiov\u00e1, S. Mitschke, J. Nowotny, P. Proh\u00e1szka, P. Roth, D. Schaarschmidt, U. Schm\u00f6lcke, W. H. Schoch, U. Tegtmeier, I. Vanden Berghe, J. Zajonc und G. Zink. Poprad-Matejovce \uf02d Ein Kammergrab des 4. Jahrhunderts n. Chr. im Zipser Land 1 (Nitra, Schleswig 2022)\u201c bereits im Oktober 2022 erschienen ist. Bisherige Publikationen zum Grab von Poprad: 2007 T. Belanov\u00e1\/K. Pieta, Discovery of a Unique Chamber Tomb in Poprad-Matejovce (Slovakia). Archaeological Textile Newsletter 44, 2007, 18\u201320. 2009 K. Pieta, Das germanische F\u00fcrstengrab aus Poprad-Matejovce. In: U. von Freeden\/H. Friesinger\/E. Wamers (Hrsg.), Glaube, Kult und Herrschaft. Ph\u00e4nomene des Religi\u00f6sen im 1. Jahrtausend n. Chr. in Mittel- und Nordeuropa. Akten des 59. Internat. Sachsensymposions und der Grundprobleme der fr\u00fchgeschichtlichen Entwicklung im Mitteldonauraum. Kolloquien zur Vor- und Fr\u00fchgeschichte 12 (Bonn 2009) 107\u2013122. T. \u0160tolcov\u00e1\/G. Zink\/K. Pieta, Textiles from the Chieftain Grave in Poprad-Matejovce. Report on the First Stage of Laboratory Examination. Arch. Korrbl. 39\/2, 2009, 263\u2013277. 2013 N. Lau, Das Grab von Poprad-Matejovce in der Slowakei \u2013 Ein Blockhaus mit Inneneinrichtung aus der fr\u00fchen V\u00f6lkerwanderungszeit. Arch\u00e4ologische Nachrichten aus Schleswig-Holstein 19, 2013, 16\u201319. T. \u0160tolcov\u00e1\/N. Lau, Das sp\u00e4tantike Kammergrab von Poprad-Matejovce \u2013 Repr\u00e4sentation von Status und Luxus im Tode. In: M. Tellenbach\/R. Schulz\/A. Wieczorek (Hrsg.), Die Macht der Toga. Dresscode im r\u00f6mischen Weltreich [Begleitband zur Ausstellung \u00bbDie Macht der Toga \u2013 Mode im r\u00f6mischen Weltreich\u00ab im Roemer- und Pelizaeus-Museum Hildesheim vom 20.04. bis zum 08.09.2013](Regensburg 2013). T. \u0160tolcov\u00e1\/G. Zink, Early Migration Period Textile and Leather Finds from the Chieftain\u2019s Grave in Poprad-Matejovce: Discovery, Retrieval and New Results of the Laboratory Examination. In J. Banck-Burgess\/C. N\u00fcbold (Hrsg.), The North European Symposium for Archaeological Textiles XI (Rahden\/Westf. 2013) 85\u201392. 2014 N. Lau\/K. Pieta, Das Grab von Poprad-Matejovce in der Slowakei \u2013Anlage, Konstruktion und Ausstattung eines fr\u00fchv\u00f6lkerwanderungszeitlichen Kammergrabes. In: A. Abegg-Wigg\/N. Lau (Hrsg.), Kammergr\u00e4ber im Barbaricum \u2013 Zu Einfl\u00fcssen und \u00dcbergangsph\u00e4nomenen von der vorr\u00f6mischen Eisenzeit bis in die V\u00f6lkerwanderungszeit. Internationale Tagung, Schleswig, 25.\u201327. November 2010. Schr. Arch. Landesmus. Ergr. 9 (Neum\u00fcnster\/Hamburg 2014) 343\u2013364. T. \u0160tolcov\u00e1\/D. Schaarschmidt\/S. Mitschke, Preliminary report on textile finds from the chieftain\u2019s grave in Poprad-Matejovce (Poster Nesat-Tagung Hallstatt 2014). T. \u0160tolcov\u00e1\/D. Schaarchmidt\/S. Mitschke, Textile Finds from a Chieftain\u00b4s Grave. Preliminary Report from Poprad-Matejovce, Slovakia. Archaeological Textiles Review 56, 2014, 50\u201359. 2015 D. Schaarschmidt\/T. \u0160tolcov\u00e1\/S. Mitschke, Poprad-Matejovce, Slowakei: Textilfunde aus einem fr\u00fchv\u00f6lkerwanderungszeitlichen F\u00fcrstengrab \u2013 Ein Zwischenbericht. Berichte zur Denkmalpflege in Niedersachsen 35, 2015, H. 4, 199\u2013204. T. \u0160tolcov\u00e1, Unique Early Migration Leather Finds from Poprad-Matejovce, Slovakia. Archaeological Leather Group Newsletter 5-8, 2015, 5\u20138. 2017 N. Lau, \u00dcberlegungen zur gedrechselten Totenliege aus dem fr\u00fchv\u00f6lkerwanderungszeitlichen Grab von Poprad-Matejovce. In: B. V. Eriksen\/A. Abegg-Wigg\/R. Bleile\/U. Ickerodt (Hrsg.), Interaktion ohne Grenzen. Beispiele arch\u00e4ologischer Forschungen am Beginn des 21. Jahrhunderts,\u00a0 Band 1 . Festschr. C. von Carnap-Bornheim (Schleswig 2017) 457\u2013466. N. Lau\/K. Pieta, Die antike \u00d6ffnung des Kammergrabes von Poprad-Matejovce. In: Na Hranic\u00edch a Imp\u00e9ria. Extra Fines Imperii. Festschrift J. Tejral (Brno 2017) 255\u2013265. 2018 P. de Barros Damgaard\/N. Marchi\/S. Rasmussen\/M. Peyrot\/G. Renaud\/Th. Korneliussen\/J. V. Moreno-Mayar\/M. Winther Pedersen\/A. Goldberg\/E. Usmanova\/N. Baimukhanov\/V. Loman\/L. Hedeager\/A. Gorm Pedersen\/K. Nielsen\/G. Afanasiev\/K. Akmatov\/A. Aldashev\/A. Alpaslan\/G. Baimbetov\/V. I. Bazaliiskii\/A. Beisenov\/B. Boldbaatar\/B. Boldgiv\/Ch. Dorzhu\/St. Ellingvag\/D. Erdenebaatar\/R. Dajani\/E. Dmitriev\/V. Evdokimov\/K. M. Frei\/A. Gromov\/A. Goryachev\/H. Hakonarson\/T. Hegay\/Z. Khachatryan\/R. Khaskhanov\/E. Kitov\/A. Kolbina\/T. Kubatbek\/A. Kukushkin\/I. Kukushkin\/N. Lau\/A. Margaryan\/I. Merkyte\/I. V. Mertz\/V. K. Mertz\/E. Mijiddorj\/V. Moiyesev\/G. Mukhtarova\/B. Nurmukhanbetov\/Z. Orozbekova\/I. Panyushkina\/K. Pieta\/V. Smr\u010dka\/I. Shevnina\/A. Logvin\/K.-G. Sj\u00f6gren\/T. \u0160tolcov\u00e1\/K. Tashbaeva\/A. Tkachev\/T. Tulegenov\/D. Voyakin\/L. Yepiskoposyan\/S. Undrakhbold\/V. Varfolomeev\/A. Weber\/N. Kradin\/M. E. Allentoft\/L. Orlando\/R. Nielsen\/M. Sikora\/E. Heyer\/K. Kristiansen\/E. Willerslev, 137 ancient human genomes from across the Eurasian steppes. Nature 557, issue 7705, 2018, 369\u2013374. doi:10.1038\/s41586-018-0094-2 T. C. Jones\/B. M\u00fchlemann\/P. de Barros Damgaard\/M. E. Allentoft\/I. Shevnina\/A. Logvin\/E. Usmanova\/I. P. Panyushkina\/B. Boldgiv\/T. Bazartseren\/K. Tashbaeva\/V. Merz\/N. Lau\/V. Smr\u010dka\/D. Voyakin\/E. Kitov\/A. Epimakhov\/D. Pokutta\/M. Vicze\/T. D. Price\/V. Moiseyev\/A. J. Hansen\/L. Orlando\/S. Rasmussen\/M. Sikora\/L. Vinner, A. D. M. E. Osterhaus, D. J. Smith, D. Glebe, R. A. M. Fouchier, Chr. Drosten, K.-G. Sj\u00f6gren, K. Kristiansen, E. Willerslev, Ancient Hepatitis B viruses from the Bronze Age to the Medieval. Nature 557, issue 7705, 2018, 418-423. doi:10.1038\/s41586-018-0097-z 2020 N. Lau, Das Holzkammergrab von Poprad-Matejovce. Forschungen im Zipser Land. Arch\u00e4ologische Nachrichten 2020, 260\u2013261. N. Lau, Das Holzkammergrab von Poprad-Matejovce. Forschungen im Zipser Land. Arch\u00e4ologische Nachrichten digital 2020, 260\u2013261. 2021 N. Lau\/C. von Carnap-Bornheim, Grabkammer, Totenhaus, Ritualr\u00e4ume. \u00dcberlegungen zum Kammergrab von Poprad-Matejovce. In: Z. Robak\/M. Ruttkay (Hrsg.), Celts \u2013 Germans \u2013 Slavs. A Tribute Anthology to Karol Pieta. Slovensk\u00e1 Archeol\u00f3gia Suppl. 2 (Nitra 2021) 323\u200a\u2013\u200a332. 2022 \u00a0N. Lau\/K. Pieta\/T. \u0160tolcov\u00e1, Fundkatalog, Tafeln und Pl\u00e4ne. Unter Mitarbeit von L. \u00d8. Brandt, P. \u010cerve\u0148, K. G\u00f6bel, J. G\u00f6pfrich, M. Hab\u00e1nov\u00e1, M. Hajnalov\u00e1, \u0160. Hritz, Z. Huke\u013eov\u00e1, J. Jakab, J. Meurers-Balke, J. Mih\u00e1lyiov\u00e1, S. Mitschke, J. Nowotny, P. Proh\u00e1szka, P. Roth, D. Schaarschmidt, U. Schm\u00f6lcke, W. H. Schoch, U. Tegtmeier, I. Vanden Berghe, J. Zajonc und G. Zink. Poprad-Matejovce \uf02d Ein Kammergrab des 4. Jahrhunderts n. Chr. im Zipser Land 1 (Nitra, Schleswig 2022). \u00a0 \u00a0 Themenbereiche Mensch und Gesellschaft \u00a0\u00a0 Forschungsschwerpunkte Jenseits des Grabes Mitarbeiter Projektleitung:\u00a0Dr. \u00a0Nina Lau Weitere ZBSA-Mitarbeiterinnen und Mitarbeiter: Karin G\u00f6bel (GIS), John Meadows (C14), J\u00f6rg Nowotny (3D), Ulrich Schm\u00f6lcke (arch\u00e4ozoologische Analysen, Entomologie); Isabel Sonnenschein (Redaktion); J\u00fcrgen Sch\u00fcller (Grafik) \u00a0\u00a0 Kooperierende Institutionen und Projektmitarbeiterinnen und -mitarbeiter: Arch\u00e4ologische Analyse, Organisation, Auswertung und Publikation: Karol Pieta (Arch\u00e4ologisches Institut der Slowakischen Akademie der Wissenschaften Nitra (SAV)) Holzkonservierung: Joachim Schultze, Janosch Willers, Roland Aniol, Wolfgang Schr\u00f6der (MfA) Dendrochronologie: Peter Barta (Dendrochronological laboratory Bratislava) Strontiumisotopenanalysen: Karin Margarita Frei (Nationalmuseum Kopenhagen) Anthropologische Analysen: J\u00falius Jakab (Arch\u00e4ologisches Institut der Slowakische Akademie der Wissenschaften Nitra (SAV)) DNA Analysen: Morten Allentoft u. Peter de Basso Damgaard, Centre for GeoGenetics, Kopenhagen Rasterelektronenmikroskopie: Sylvia Mitschke (Curt-Engelhorn-Zentrum Arch\u00e4ometrie, Mannheim) Farb- und Farbstoffanalysen, Aminos\u00e4ureanalysen: Ina Vanden Berghe (IRPA\/KIK: Royal Institute of Cultural Heritage Br\u00fcssel) Arch\u00e4obotanik: Maria Hajnalov\u00e1 (Comenius Universit\u00e4t Bratislava) und Jana Mih\u00e1lyiov\u00e1 (Arch\u00e4ologisches Institut der Slowakische Akademie der Wissenschaften Nitra (SAV)) &#8211; Restauratorische Grabungsleitung, Pr\u00e4ventive Konservierung, Leitung Blockbergungen und Lederkonservierung: Dipl.-Rest. Gabriele Zink &#8211; Ausgraben der Blockbergungen:&nbsp;Dipl.-Rest. Gabriele Zink &#8211; Konservierung und Restaurierung von Leder und Textil:&nbsp;Dipl.-Rest. Gabriele Zink Ausgrabungen der Blockbergungen: Dorte Schaarschmidt, Arch\u00e4ologisches Landesamt Hannover, Tereza \u0160tolcov\u00e1, Arch\u00e4ologisches Institut der Slowakische Akademie der Wissenschaften Nitra (SAV) Analyse der stabilen Isotopen 13c und 15n (u. a. der Ern\u00e4hrungsgrundlagen des Mannes aus Poprad): Miriam Fi\u0161\u00e1kov\u00e1-N\u00fdvltov\u00e1 (Institute of Archaeology Brno); Analysen durchgef\u00fchrt am Centre of Applied Isotope Studies, University of Georgia, USA Analyse von Leder und Textilien: Tereza \u0160tolcov\u00e1 (Arch\u00e4ologisches Institut der Slowakische Akademie der Wissenschaften Nitra (SAV) Konservierung und Restaurierung von Textilien und Leder: Dorte Schaarschmidt, Arch\u00e4ologisches Landesamt f\u00fcr Denkmalpflege Hannover, Tereza \u0160tolcov\u00e1, Arch\u00e4ologisches Institut der Slowakische Akademie der Wissenschaften Nitra (SAV) Ausstellung und Pr\u00e4sentation der Funde: Podtatransk\u00e9 m\u00fazeum in Poprad (Direktorin Magdal\u00e9na Bekessov\u00e1)<\/p>","protected":false},"author":2,"featured_media":0,"comment_status":"closed","ping_status":"open","sticky":false,"template":"","format":"standard","meta":{"_eb_attr":"","inline_featured_image":false,"footnotes":""},"categories":[40,47,42],"tags":[56],"class_list":["post-2080","post","type-post","status-publish","format-standard","hentry","category-forschungsschwerpunkte","category-jenseits-des-grabes","category-mensch-und-gesellschaft","tag-jenseits-des-grabes"],"yoast_head":"<!-- This site is optimized with the Yoast SEO plugin v24.4 - https:\/\/yoast.com\/wordpress\/plugins\/seo\/ -->\n<title>Das fr\u00fchv\u00f6lkerwanderungszeitliche Kammergrab von Poprad, Slowakei \u2013 Ein interdisziplin\u00e4res Forschungsprojekt zur Auswertung eines au\u00dfergew\u00f6hnlichen Fundes - Zentrum f\u00fcr Baltische und Skandinavische Arch\u00e4ologie (ZBSA) \u2014 Zentrum f\u00fcr Baltische und Skandinavische Arch\u00e4ologie<\/title>\n<meta name=\"robots\" content=\"index, follow, max-snippet:-1, max-image-preview:large, max-video-preview:-1\" \/>\n<link rel=\"canonical\" href=\"https:\/\/zbsa.eu\/en\/kammergrab-von-poprad-slowakei\/\" \/>\n<meta property=\"og:locale\" content=\"en_GB\" \/>\n<meta property=\"og:type\" content=\"article\" \/>\n<meta property=\"og:title\" content=\"Das fr\u00fchv\u00f6lkerwanderungszeitliche Kammergrab von Poprad, Slowakei \u2013 Ein interdisziplin\u00e4res Forschungsprojekt zur Auswertung eines au\u00dfergew\u00f6hnlichen Fundes - Zentrum f\u00fcr Baltische und Skandinavische Arch\u00e4ologie (ZBSA) \u2014 Zentrum f\u00fcr Baltische und Skandinavische Arch\u00e4ologie\" \/>\n<meta property=\"og:description\" content=\"Das im Jahr 2006 ausgegrabene Kammergrab von Poprad-Matejovce in der Nordostslowakei wurde in einem internationalen Forschungsprojekt am ZBSA, in den Jahren 2012 bis 2015 gef\u00f6rdert durch die DFG, in enger Zusammenarbeit mit der Slowakischen Akademie der Wissenschaften in Nitra untersucht. Die digitale Rekonstruktion und Analyse von Grabkammern, Mobiliar und der Ausstattung in GIS und 3D-Software sowie die interdisziplin\u00e4re Einbeziehung verschiedener naturwissenschaftlicher Analyseverfahren (u. a. Dendrochronologie, C14-Datierung, Strontiumisotopenanalysen, verschiedene Verfahren zur Analyse von Textilien, aDNA, pathologische und anthropologische Analysen) in Verbindung mit arch\u00e4ologischen Untersuchungen der Grabkonstruktion und der Grabausstattung stellen eine zeitgem\u00e4\u00dfe, detaillierte Aufarbeitung des Befundes im Rahmen des Forschungsprojektes dar. Das Grab stammt aus der fr\u00fchen V\u00f6lkerwanderungszeit und stellt mit den beiden vollst\u00e4ndig erhaltenen Grabkammern und dem Mobiliar einen singul\u00e4ren Grabfund dieser Zeit im mitteleurop\u00e4ischen Barbaricum dar. Es wurde wahrscheinlich nur wenige Jahrzehnte nach der Bestattung beraubt. Dabei l\u00e4sst sich durch die genaue Analyse der Fundlage und der Verlagerungen von Objekten die Vorgehensweise bei der Beraubung schrittweise nachvollziehen. Durch die Beraubung sind neben Keramikgef\u00e4\u00dfen nur wenige Beigaben und Teile der Tracht erhalten. Von fast gr\u00f6\u00dferer Bedeutung sind jedoch die hervorragend erhaltenen Objekte wie h\u00f6lzernes Mobiliar, Textilien und Leder. Teile des Grabes wurden im Block entnommen und von 2008 bis 2015 unter Laborbedingungen ausgegraben. Die dabei gefundenen Textilien und Lederobjekte zeigen eine Materialgruppe, wie sie in solcher Qualit\u00e4t nur selten zutage tritt. Mit der Freilegung sind verschiedene naturwissenschaftliche Untersuchungen verbunden wie Analysen von Strontiumisotopen, Aminos\u00e4uren und Farbresten von Textilien, die Materialbestimmungen mittels Rasterelektronenmikroskop sowie C14-Datierungen. Letztere dienen auch in Kombination mit dendrochronologischen Analysen der H\u00f6lzer (der beiden Grabkammern) zur naturwissenschaftlichen Datierung des Grabes. So ist nicht nur der genaue Bestattungszeitpunkt zu bestimmen: weitere Fragen stellen sich nach der Datierung des Kammerbaus, dem Alter der Beigaben und dem Zeitpunkt der Wieder\u00f6ffnung des Grabes. Erst dann kann ein genaues chronologisches Bild des Grabes mit allen verbundenen Vorg\u00e4ngen erstellt werden. Die 3,95 m x 2,70 m gro\u00dfe Au\u00dfenkammer wurde in Blockbautechnik mit Flachdach in Nord-S\u00fcdausrichtung konstruiert, w\u00e4hrend die innere, sarkophag\u00e4hnliche Kammer mit Giebeldach in einer g\u00e4nzlich anderen Konstruktion aufgebaut wurde. Sie hatte eine L\u00e4nge von 2,90 m und eine Breite von 1,70 m und war in Blockst\u00e4nderbautechnik konstruiert. Besonders hervorzuheben sind jedoch die hervorragend erhaltenen Bestandteile h\u00f6lzernen Mobiliars. So fand sich ehemals in der inneren Grabkammer aufgestellt ein gedrechselter runder Tisch bzw. ein Becken aus Pappelholz mit einem Durchmesser von 92 cm. Zahlreiche weitere h\u00f6lzerne Objekte geh\u00f6ren zu einer sorgf\u00e4ltig gedrechselten, h\u00f6lzernen Totenliege von 2 m L\u00e4nge, gefertigt aus Eibe. Verschiedene Analysen des Skelettmaterials ergaben, dass es sich bei dem Toten um einen unter 20j\u00e4hrigen Mann handelt, der lokaler Herkunft und au\u00dferordentlich gut ern\u00e4hrt war. Die aufw\u00e4ndige Konstruktion der beiden Grabkammern, die erhaltenen, teilweise kostbaren Grabbeigaben, die mit Gold belegten Textilien sowie die sorgf\u00e4ltig hergestellten M\u00f6bel belegen einen herausragenden, elit\u00e4ren Status des Bestatteten, der kulturell mit der Nordkarpathischen Gruppe in Zusammenhang gebracht werden kann. Die Ergebnisse aus dem Forschungsprojekt werden derzeit f\u00fcr die mehrb\u00e4ndige monographische Publikation vorbereitet, von der der erste Band \u201eN. Lau\/K. Pieta\/T. \u0160tolcov\u00e1, Fundkatalog, Tafeln und Pl\u00e4ne. Unter Mitarbeit von L. \u00d8. Brandt, P. \u010cerve\u0148, K. G\u00f6bel, J. G\u00f6pfrich, M. Hab\u00e1nov\u00e1, M. Hajnalov\u00e1, \u0160. Hritz, Z. Huke\u013eov\u00e1, J. Jakab, J. Meurers-Balke, J. Mih\u00e1lyiov\u00e1, S. Mitschke, J. Nowotny, P. Proh\u00e1szka, P. Roth, D. Schaarschmidt, U. Schm\u00f6lcke, W. H. Schoch, U. Tegtmeier, I. Vanden Berghe, J. Zajonc und G. Zink. Poprad-Matejovce \uf02d Ein Kammergrab des 4. Jahrhunderts n. Chr. im Zipser Land 1 (Nitra, Schleswig 2022)\u201c bereits im Oktober 2022 erschienen ist. Bisherige Publikationen zum Grab von Poprad: 2007 T. Belanov\u00e1\/K. Pieta, Discovery of a Unique Chamber Tomb in Poprad-Matejovce (Slovakia). Archaeological Textile Newsletter 44, 2007, 18\u201320. 2009 K. Pieta, Das germanische F\u00fcrstengrab aus Poprad-Matejovce. In: U. von Freeden\/H. Friesinger\/E. Wamers (Hrsg.), Glaube, Kult und Herrschaft. Ph\u00e4nomene des Religi\u00f6sen im 1. Jahrtausend n. Chr. in Mittel- und Nordeuropa. Akten des 59. Internat. Sachsensymposions und der Grundprobleme der fr\u00fchgeschichtlichen Entwicklung im Mitteldonauraum. Kolloquien zur Vor- und Fr\u00fchgeschichte 12 (Bonn 2009) 107\u2013122. T. \u0160tolcov\u00e1\/G. Zink\/K. Pieta, Textiles from the Chieftain Grave in Poprad-Matejovce. Report on the First Stage of Laboratory Examination. Arch. Korrbl. 39\/2, 2009, 263\u2013277. 2013 N. Lau, Das Grab von Poprad-Matejovce in der Slowakei \u2013 Ein Blockhaus mit Inneneinrichtung aus der fr\u00fchen V\u00f6lkerwanderungszeit. Arch\u00e4ologische Nachrichten aus Schleswig-Holstein 19, 2013, 16\u201319. T. \u0160tolcov\u00e1\/N. Lau, Das sp\u00e4tantike Kammergrab von Poprad-Matejovce \u2013 Repr\u00e4sentation von Status und Luxus im Tode. In: M. Tellenbach\/R. Schulz\/A. Wieczorek (Hrsg.), Die Macht der Toga. Dresscode im r\u00f6mischen Weltreich [Begleitband zur Ausstellung \u00bbDie Macht der Toga \u2013 Mode im r\u00f6mischen Weltreich\u00ab im Roemer- und Pelizaeus-Museum Hildesheim vom 20.04. bis zum 08.09.2013](Regensburg 2013). T. \u0160tolcov\u00e1\/G. Zink, Early Migration Period Textile and Leather Finds from the Chieftain\u2019s Grave in Poprad-Matejovce: Discovery, Retrieval and New Results of the Laboratory Examination. In J. Banck-Burgess\/C. N\u00fcbold (Hrsg.), The North European Symposium for Archaeological Textiles XI (Rahden\/Westf. 2013) 85\u201392. 2014 N. Lau\/K. Pieta, Das Grab von Poprad-Matejovce in der Slowakei \u2013Anlage, Konstruktion und Ausstattung eines fr\u00fchv\u00f6lkerwanderungszeitlichen Kammergrabes. In: A. Abegg-Wigg\/N. Lau (Hrsg.), Kammergr\u00e4ber im Barbaricum \u2013 Zu Einfl\u00fcssen und \u00dcbergangsph\u00e4nomenen von der vorr\u00f6mischen Eisenzeit bis in die V\u00f6lkerwanderungszeit. Internationale Tagung, Schleswig, 25.\u201327. November 2010. Schr. Arch. Landesmus. Ergr. 9 (Neum\u00fcnster\/Hamburg 2014) 343\u2013364. T. \u0160tolcov\u00e1\/D. Schaarschmidt\/S. Mitschke, Preliminary report on textile finds from the chieftain\u2019s grave in Poprad-Matejovce (Poster Nesat-Tagung Hallstatt 2014). T. \u0160tolcov\u00e1\/D. Schaarchmidt\/S. Mitschke, Textile Finds from a Chieftain\u00b4s Grave. Preliminary Report from Poprad-Matejovce, Slovakia. Archaeological Textiles Review 56, 2014, 50\u201359. 2015 D. Schaarschmidt\/T. \u0160tolcov\u00e1\/S. Mitschke, Poprad-Matejovce, Slowakei: Textilfunde aus einem fr\u00fchv\u00f6lkerwanderungszeitlichen F\u00fcrstengrab \u2013 Ein Zwischenbericht. Berichte zur Denkmalpflege in Niedersachsen 35, 2015, H. 4, 199\u2013204. T. \u0160tolcov\u00e1, Unique Early Migration Leather Finds from Poprad-Matejovce, Slovakia. Archaeological Leather Group Newsletter 5-8, 2015, 5\u20138. 2017 N. Lau, \u00dcberlegungen zur gedrechselten Totenliege aus dem fr\u00fchv\u00f6lkerwanderungszeitlichen Grab von Poprad-Matejovce. In: B. V. Eriksen\/A. Abegg-Wigg\/R. Bleile\/U. Ickerodt (Hrsg.), Interaktion ohne Grenzen. Beispiele arch\u00e4ologischer Forschungen am Beginn des 21. Jahrhunderts,\u00a0 Band 1 . Festschr. C. von Carnap-Bornheim (Schleswig 2017) 457\u2013466. N. Lau\/K. Pieta, Die antike \u00d6ffnung des Kammergrabes von Poprad-Matejovce. In: Na Hranic\u00edch a Imp\u00e9ria. Extra Fines Imperii. Festschrift J. Tejral (Brno 2017) 255\u2013265. 2018 P. de Barros Damgaard\/N. Marchi\/S. Rasmussen\/M. Peyrot\/G. Renaud\/Th. Korneliussen\/J. V. Moreno-Mayar\/M. Winther Pedersen\/A. Goldberg\/E. Usmanova\/N. Baimukhanov\/V. Loman\/L. Hedeager\/A. Gorm Pedersen\/K. Nielsen\/G. Afanasiev\/K. Akmatov\/A. Aldashev\/A. Alpaslan\/G. Baimbetov\/V. I. Bazaliiskii\/A. Beisenov\/B. Boldbaatar\/B. Boldgiv\/Ch. Dorzhu\/St. Ellingvag\/D. Erdenebaatar\/R. Dajani\/E. Dmitriev\/V. Evdokimov\/K. M. Frei\/A. Gromov\/A. Goryachev\/H. Hakonarson\/T. Hegay\/Z. Khachatryan\/R. Khaskhanov\/E. Kitov\/A. Kolbina\/T. Kubatbek\/A. Kukushkin\/I. Kukushkin\/N. Lau\/A. Margaryan\/I. Merkyte\/I. V. Mertz\/V. K. Mertz\/E. Mijiddorj\/V. Moiyesev\/G. Mukhtarova\/B. Nurmukhanbetov\/Z. Orozbekova\/I. Panyushkina\/K. Pieta\/V. Smr\u010dka\/I. Shevnina\/A. Logvin\/K.-G. Sj\u00f6gren\/T. \u0160tolcov\u00e1\/K. Tashbaeva\/A. Tkachev\/T. Tulegenov\/D. Voyakin\/L. Yepiskoposyan\/S. Undrakhbold\/V. Varfolomeev\/A. Weber\/N. Kradin\/M. E. Allentoft\/L. Orlando\/R. Nielsen\/M. Sikora\/E. Heyer\/K. Kristiansen\/E. Willerslev, 137 ancient human genomes from across the Eurasian steppes. Nature 557, issue 7705, 2018, 369\u2013374. doi:10.1038\/s41586-018-0094-2 T. C. Jones\/B. M\u00fchlemann\/P. de Barros Damgaard\/M. E. Allentoft\/I. Shevnina\/A. Logvin\/E. Usmanova\/I. P. Panyushkina\/B. Boldgiv\/T. Bazartseren\/K. Tashbaeva\/V. Merz\/N. Lau\/V. Smr\u010dka\/D. Voyakin\/E. Kitov\/A. Epimakhov\/D. Pokutta\/M. Vicze\/T. D. Price\/V. Moiseyev\/A. J. Hansen\/L. Orlando\/S. Rasmussen\/M. Sikora\/L. Vinner, A. D. M. E. Osterhaus, D. J. Smith, D. Glebe, R. A. M. Fouchier, Chr. Drosten, K.-G. Sj\u00f6gren, K. Kristiansen, E. Willerslev, Ancient Hepatitis B viruses from the Bronze Age to the Medieval. Nature 557, issue 7705, 2018, 418-423. doi:10.1038\/s41586-018-0097-z 2020 N. Lau, Das Holzkammergrab von Poprad-Matejovce. Forschungen im Zipser Land. Arch\u00e4ologische Nachrichten 2020, 260\u2013261. N. Lau, Das Holzkammergrab von Poprad-Matejovce. Forschungen im Zipser Land. Arch\u00e4ologische Nachrichten digital 2020, 260\u2013261. 2021 N. Lau\/C. von Carnap-Bornheim, Grabkammer, Totenhaus, Ritualr\u00e4ume. \u00dcberlegungen zum Kammergrab von Poprad-Matejovce. In: Z. Robak\/M. Ruttkay (Hrsg.), Celts \u2013 Germans \u2013 Slavs. A Tribute Anthology to Karol Pieta. Slovensk\u00e1 Archeol\u00f3gia Suppl. 2 (Nitra 2021) 323\u200a\u2013\u200a332. 2022 \u00a0N. Lau\/K. Pieta\/T. \u0160tolcov\u00e1, Fundkatalog, Tafeln und Pl\u00e4ne. Unter Mitarbeit von L. \u00d8. Brandt, P. \u010cerve\u0148, K. G\u00f6bel, J. G\u00f6pfrich, M. Hab\u00e1nov\u00e1, M. Hajnalov\u00e1, \u0160. Hritz, Z. Huke\u013eov\u00e1, J. Jakab, J. Meurers-Balke, J. Mih\u00e1lyiov\u00e1, S. Mitschke, J. Nowotny, P. Proh\u00e1szka, P. Roth, D. Schaarschmidt, U. Schm\u00f6lcke, W. H. Schoch, U. Tegtmeier, I. Vanden Berghe, J. Zajonc und G. Zink. Poprad-Matejovce \uf02d Ein Kammergrab des 4. Jahrhunderts n. Chr. im Zipser Land 1 (Nitra, Schleswig 2022). \u00a0 \u00a0 Themenbereiche Mensch und Gesellschaft \u00a0\u00a0 Forschungsschwerpunkte Jenseits des Grabes Mitarbeiter Projektleitung:\u00a0Dr. \u00a0Nina Lau Weitere ZBSA-Mitarbeiterinnen und Mitarbeiter: Karin G\u00f6bel (GIS), John Meadows (C14), J\u00f6rg Nowotny (3D), Ulrich Schm\u00f6lcke (arch\u00e4ozoologische Analysen, Entomologie); Isabel Sonnenschein (Redaktion); J\u00fcrgen Sch\u00fcller (Grafik) \u00a0\u00a0 Kooperierende Institutionen und Projektmitarbeiterinnen und -mitarbeiter: Arch\u00e4ologische Analyse, Organisation, Auswertung und Publikation: Karol Pieta (Arch\u00e4ologisches Institut der Slowakischen Akademie der Wissenschaften Nitra (SAV)) Holzkonservierung: Joachim Schultze, Janosch Willers, Roland Aniol, Wolfgang Schr\u00f6der (MfA) Dendrochronologie: Peter Barta (Dendrochronological laboratory Bratislava) Strontiumisotopenanalysen: Karin Margarita Frei (Nationalmuseum Kopenhagen) Anthropologische Analysen: J\u00falius Jakab (Arch\u00e4ologisches Institut der Slowakische Akademie der Wissenschaften Nitra (SAV)) DNA Analysen: Morten Allentoft u. Peter de Basso Damgaard, Centre for GeoGenetics, Kopenhagen Rasterelektronenmikroskopie: Sylvia Mitschke (Curt-Engelhorn-Zentrum Arch\u00e4ometrie, Mannheim) Farb- und Farbstoffanalysen, Aminos\u00e4ureanalysen: Ina Vanden Berghe (IRPA\/KIK: Royal Institute of Cultural Heritage Br\u00fcssel) Arch\u00e4obotanik: Maria Hajnalov\u00e1 (Comenius Universit\u00e4t Bratislava) und Jana Mih\u00e1lyiov\u00e1 (Arch\u00e4ologisches Institut der Slowakische Akademie der Wissenschaften Nitra (SAV)) &#8211; Restauratorische Grabungsleitung, Pr\u00e4ventive Konservierung, Leitung Blockbergungen und Lederkonservierung: Dipl.-Rest. Gabriele Zink &#8211; Ausgraben der Blockbergungen:&nbsp;Dipl.-Rest. Gabriele Zink &#8211; Konservierung und Restaurierung von Leder und Textil:&nbsp;Dipl.-Rest. Gabriele Zink Ausgrabungen der Blockbergungen: Dorte Schaarschmidt, Arch\u00e4ologisches Landesamt Hannover, Tereza \u0160tolcov\u00e1, Arch\u00e4ologisches Institut der Slowakische Akademie der Wissenschaften Nitra (SAV) Analyse der stabilen Isotopen 13c und 15n (u. a. der Ern\u00e4hrungsgrundlagen des Mannes aus Poprad): Miriam Fi\u0161\u00e1kov\u00e1-N\u00fdvltov\u00e1 (Institute of Archaeology Brno); Analysen durchgef\u00fchrt am Centre of Applied Isotope Studies, University of Georgia, USA Analyse von Leder und Textilien: Tereza \u0160tolcov\u00e1 (Arch\u00e4ologisches Institut der Slowakische Akademie der Wissenschaften Nitra (SAV) Konservierung und Restaurierung von Textilien und Leder: Dorte Schaarschmidt, Arch\u00e4ologisches Landesamt f\u00fcr Denkmalpflege Hannover, Tereza \u0160tolcov\u00e1, Arch\u00e4ologisches Institut der Slowakische Akademie der Wissenschaften Nitra (SAV) Ausstellung und Pr\u00e4sentation der Funde: Podtatransk\u00e9 m\u00fazeum in Poprad (Direktorin Magdal\u00e9na Bekessov\u00e1)\" \/>\n<meta property=\"og:url\" content=\"https:\/\/zbsa.eu\/en\/kammergrab-von-poprad-slowakei\/\" \/>\n<meta property=\"og:site_name\" content=\"Zentrum f\u00fcr Baltische und Skandinavische Arch\u00e4ologie (ZBSA) \u2014 Zentrum f\u00fcr Baltische und Skandinavische Arch\u00e4ologie\" \/>\n<meta property=\"article:published_time\" content=\"2021-03-10T14:54:32+00:00\" \/>\n<meta property=\"article:modified_time\" content=\"2023-01-30T09:40:13+00:00\" \/>\n<meta property=\"og:image\" content=\"https:\/\/zbsa.eu\/wp-content\/uploads\/2021\/03\/image_preview-2-1.jpeg\" \/>\n<meta name=\"author\" content=\"Isabel Sonnenschein\" \/>\n<meta name=\"twitter:card\" content=\"summary_large_image\" \/>\n<meta name=\"twitter:label1\" content=\"Written by\" \/>\n\t<meta name=\"twitter:data1\" content=\"Isabel Sonnenschein\" \/>\n\t<meta name=\"twitter:label2\" content=\"Estimated reading time\" \/>\n\t<meta name=\"twitter:data2\" content=\"7 minutes\" \/>\n<script type=\"application\/ld+json\" class=\"yoast-schema-graph\">{\"@context\":\"https:\/\/schema.org\",\"@graph\":[{\"@type\":\"WebPage\",\"@id\":\"https:\/\/zbsa.eu\/kammergrab-von-poprad-slowakei\/\",\"url\":\"https:\/\/zbsa.eu\/kammergrab-von-poprad-slowakei\/\",\"name\":\"Das fr\u00fchv\u00f6lkerwanderungszeitliche Kammergrab von Poprad, Slowakei \u2013 Ein interdisziplin\u00e4res Forschungsprojekt zur Auswertung eines au\u00dfergew\u00f6hnlichen Fundes - Zentrum f\u00fcr Baltische und Skandinavische Arch\u00e4ologie (ZBSA) \u2014 Zentrum f\u00fcr Baltische und Skandinavische Arch\u00e4ologie\",\"isPartOf\":{\"@id\":\"https:\/\/zbsa.eu\/#website\"},\"primaryImageOfPage\":{\"@id\":\"https:\/\/zbsa.eu\/kammergrab-von-poprad-slowakei\/#primaryimage\"},\"image\":{\"@id\":\"https:\/\/zbsa.eu\/kammergrab-von-poprad-slowakei\/#primaryimage\"},\"thumbnailUrl\":\"https:\/\/zbsa.eu\/wp-content\/uploads\/2021\/03\/image_preview-2-1.jpeg\",\"datePublished\":\"2021-03-10T14:54:32+00:00\",\"dateModified\":\"2023-01-30T09:40:13+00:00\",\"author\":{\"@id\":\"https:\/\/zbsa.eu\/#\/schema\/person\/aa6aee9c83eea77fef1443b78f8bddf6\"},\"breadcrumb\":{\"@id\":\"https:\/\/zbsa.eu\/kammergrab-von-poprad-slowakei\/#breadcrumb\"},\"inLanguage\":\"en-GB\",\"potentialAction\":[{\"@type\":\"ReadAction\",\"target\":[\"https:\/\/zbsa.eu\/kammergrab-von-poprad-slowakei\/\"]}]},{\"@type\":\"ImageObject\",\"inLanguage\":\"en-GB\",\"@id\":\"https:\/\/zbsa.eu\/kammergrab-von-poprad-slowakei\/#primaryimage\",\"url\":\"https:\/\/zbsa.eu\/wp-content\/uploads\/2021\/03\/image_preview-2-1.jpeg\",\"contentUrl\":\"https:\/\/zbsa.eu\/wp-content\/uploads\/2021\/03\/image_preview-2-1.jpeg\"},{\"@type\":\"BreadcrumbList\",\"@id\":\"https:\/\/zbsa.eu\/kammergrab-von-poprad-slowakei\/#breadcrumb\",\"itemListElement\":[{\"@type\":\"ListItem\",\"position\":1,\"name\":\"Startseite\",\"item\":\"https:\/\/zbsa.eu\/\"},{\"@type\":\"ListItem\",\"position\":2,\"name\":\"Themenbereiche\",\"item\":\"https:\/\/zbsa.eu\/category\/themenbereiche\/\"},{\"@type\":\"ListItem\",\"position\":3,\"name\":\"Forschungsschwerpunkte\",\"item\":\"https:\/\/zbsa.eu\/category\/themenbereiche\/forschungsschwerpunkte\/\"},{\"@type\":\"ListItem\",\"position\":4,\"name\":\"Jenseits des Grabes\",\"item\":\"https:\/\/zbsa.eu\/category\/themenbereiche\/forschungsschwerpunkte\/jenseits-des-grabes\/\"},{\"@type\":\"ListItem\",\"position\":5,\"name\":\"Das fr\u00fchv\u00f6lkerwanderungszeitliche Kammergrab von Poprad, Slowakei \u2013 Ein interdisziplin\u00e4res Forschungsprojekt zur Auswertung eines au\u00dfergew\u00f6hnlichen Fundes\"}]},{\"@type\":\"WebSite\",\"@id\":\"https:\/\/zbsa.eu\/#website\",\"url\":\"https:\/\/zbsa.eu\/\",\"name\":\"Zentrum f\u00fcr Baltische und Skandinavische Arch\u00e4ologie (ZBSA) \u2014 Zentrum f\u00fcr Baltische und Skandinavische Arch\u00e4ologie\",\"description\":\"\",\"potentialAction\":[{\"@type\":\"SearchAction\",\"target\":{\"@type\":\"EntryPoint\",\"urlTemplate\":\"https:\/\/zbsa.eu\/?s={search_term_string}\"},\"query-input\":{\"@type\":\"PropertyValueSpecification\",\"valueRequired\":true,\"valueName\":\"search_term_string\"}}],\"inLanguage\":\"en-GB\"},{\"@type\":\"Person\",\"@id\":\"https:\/\/zbsa.eu\/#\/schema\/person\/aa6aee9c83eea77fef1443b78f8bddf6\",\"name\":\"Isabel Sonnenschein\",\"image\":{\"@type\":\"ImageObject\",\"inLanguage\":\"en-GB\",\"@id\":\"https:\/\/zbsa.eu\/#\/schema\/person\/image\/\",\"url\":\"https:\/\/secure.gravatar.com\/avatar\/154fb03102f760e2c863e721ce0579b4ee12bb8ae780642286475aef675692c5?s=96&d=mm&r=g\",\"contentUrl\":\"https:\/\/secure.gravatar.com\/avatar\/154fb03102f760e2c863e721ce0579b4ee12bb8ae780642286475aef675692c5?s=96&d=mm&r=g\",\"caption\":\"Isabel Sonnenschein\"},\"url\":\"https:\/\/zbsa.eu\/en\/author\/isabel-sonnenschein\/\"}]}<\/script>\n<!-- \/ Yoast SEO plugin. -->","yoast_head_json":{"title":"Das fr\u00fchv\u00f6lkerwanderungszeitliche Kammergrab von Poprad, Slowakei \u2013 Ein interdisziplin\u00e4res Forschungsprojekt zur Auswertung eines au\u00dfergew\u00f6hnlichen Fundes - Zentrum f\u00fcr Baltische und Skandinavische Arch\u00e4ologie (ZBSA) \u2014 Zentrum f\u00fcr Baltische und Skandinavische Arch\u00e4ologie","robots":{"index":"index","follow":"follow","max-snippet":"max-snippet:-1","max-image-preview":"max-image-preview:large","max-video-preview":"max-video-preview:-1"},"canonical":"https:\/\/zbsa.eu\/en\/kammergrab-von-poprad-slowakei\/","og_locale":"en_GB","og_type":"article","og_title":"Das fr\u00fchv\u00f6lkerwanderungszeitliche Kammergrab von Poprad, Slowakei \u2013 Ein interdisziplin\u00e4res Forschungsprojekt zur Auswertung eines au\u00dfergew\u00f6hnlichen Fundes - Zentrum f\u00fcr Baltische und Skandinavische Arch\u00e4ologie (ZBSA) \u2014 Zentrum f\u00fcr Baltische und Skandinavische Arch\u00e4ologie","og_description":"Das im Jahr 2006 ausgegrabene Kammergrab von Poprad-Matejovce in der Nordostslowakei wurde in einem internationalen Forschungsprojekt am ZBSA, in den Jahren 2012 bis 2015 gef\u00f6rdert durch die DFG, in enger Zusammenarbeit mit der Slowakischen Akademie der Wissenschaften in Nitra untersucht. Die digitale Rekonstruktion und Analyse von Grabkammern, Mobiliar und der Ausstattung in GIS und 3D-Software sowie die interdisziplin\u00e4re Einbeziehung verschiedener naturwissenschaftlicher Analyseverfahren (u. a. Dendrochronologie, C14-Datierung, Strontiumisotopenanalysen, verschiedene Verfahren zur Analyse von Textilien, aDNA, pathologische und anthropologische Analysen) in Verbindung mit arch\u00e4ologischen Untersuchungen der Grabkonstruktion und der Grabausstattung stellen eine zeitgem\u00e4\u00dfe, detaillierte Aufarbeitung des Befundes im Rahmen des Forschungsprojektes dar. Das Grab stammt aus der fr\u00fchen V\u00f6lkerwanderungszeit und stellt mit den beiden vollst\u00e4ndig erhaltenen Grabkammern und dem Mobiliar einen singul\u00e4ren Grabfund dieser Zeit im mitteleurop\u00e4ischen Barbaricum dar. Es wurde wahrscheinlich nur wenige Jahrzehnte nach der Bestattung beraubt. Dabei l\u00e4sst sich durch die genaue Analyse der Fundlage und der Verlagerungen von Objekten die Vorgehensweise bei der Beraubung schrittweise nachvollziehen. Durch die Beraubung sind neben Keramikgef\u00e4\u00dfen nur wenige Beigaben und Teile der Tracht erhalten. Von fast gr\u00f6\u00dferer Bedeutung sind jedoch die hervorragend erhaltenen Objekte wie h\u00f6lzernes Mobiliar, Textilien und Leder. Teile des Grabes wurden im Block entnommen und von 2008 bis 2015 unter Laborbedingungen ausgegraben. Die dabei gefundenen Textilien und Lederobjekte zeigen eine Materialgruppe, wie sie in solcher Qualit\u00e4t nur selten zutage tritt. Mit der Freilegung sind verschiedene naturwissenschaftliche Untersuchungen verbunden wie Analysen von Strontiumisotopen, Aminos\u00e4uren und Farbresten von Textilien, die Materialbestimmungen mittels Rasterelektronenmikroskop sowie C14-Datierungen. Letztere dienen auch in Kombination mit dendrochronologischen Analysen der H\u00f6lzer (der beiden Grabkammern) zur naturwissenschaftlichen Datierung des Grabes. So ist nicht nur der genaue Bestattungszeitpunkt zu bestimmen: weitere Fragen stellen sich nach der Datierung des Kammerbaus, dem Alter der Beigaben und dem Zeitpunkt der Wieder\u00f6ffnung des Grabes. Erst dann kann ein genaues chronologisches Bild des Grabes mit allen verbundenen Vorg\u00e4ngen erstellt werden. Die 3,95 m x 2,70 m gro\u00dfe Au\u00dfenkammer wurde in Blockbautechnik mit Flachdach in Nord-S\u00fcdausrichtung konstruiert, w\u00e4hrend die innere, sarkophag\u00e4hnliche Kammer mit Giebeldach in einer g\u00e4nzlich anderen Konstruktion aufgebaut wurde. Sie hatte eine L\u00e4nge von 2,90 m und eine Breite von 1,70 m und war in Blockst\u00e4nderbautechnik konstruiert. Besonders hervorzuheben sind jedoch die hervorragend erhaltenen Bestandteile h\u00f6lzernen Mobiliars. So fand sich ehemals in der inneren Grabkammer aufgestellt ein gedrechselter runder Tisch bzw. ein Becken aus Pappelholz mit einem Durchmesser von 92 cm. Zahlreiche weitere h\u00f6lzerne Objekte geh\u00f6ren zu einer sorgf\u00e4ltig gedrechselten, h\u00f6lzernen Totenliege von 2 m L\u00e4nge, gefertigt aus Eibe. Verschiedene Analysen des Skelettmaterials ergaben, dass es sich bei dem Toten um einen unter 20j\u00e4hrigen Mann handelt, der lokaler Herkunft und au\u00dferordentlich gut ern\u00e4hrt war. Die aufw\u00e4ndige Konstruktion der beiden Grabkammern, die erhaltenen, teilweise kostbaren Grabbeigaben, die mit Gold belegten Textilien sowie die sorgf\u00e4ltig hergestellten M\u00f6bel belegen einen herausragenden, elit\u00e4ren Status des Bestatteten, der kulturell mit der Nordkarpathischen Gruppe in Zusammenhang gebracht werden kann. Die Ergebnisse aus dem Forschungsprojekt werden derzeit f\u00fcr die mehrb\u00e4ndige monographische Publikation vorbereitet, von der der erste Band \u201eN. Lau\/K. Pieta\/T. \u0160tolcov\u00e1, Fundkatalog, Tafeln und Pl\u00e4ne. Unter Mitarbeit von L. \u00d8. Brandt, P. \u010cerve\u0148, K. G\u00f6bel, J. G\u00f6pfrich, M. Hab\u00e1nov\u00e1, M. Hajnalov\u00e1, \u0160. Hritz, Z. Huke\u013eov\u00e1, J. Jakab, J. Meurers-Balke, J. Mih\u00e1lyiov\u00e1, S. Mitschke, J. Nowotny, P. Proh\u00e1szka, P. Roth, D. Schaarschmidt, U. Schm\u00f6lcke, W. H. Schoch, U. Tegtmeier, I. Vanden Berghe, J. Zajonc und G. Zink. Poprad-Matejovce \uf02d Ein Kammergrab des 4. Jahrhunderts n. Chr. im Zipser Land 1 (Nitra, Schleswig 2022)\u201c bereits im Oktober 2022 erschienen ist. Bisherige Publikationen zum Grab von Poprad: 2007 T. Belanov\u00e1\/K. Pieta, Discovery of a Unique Chamber Tomb in Poprad-Matejovce (Slovakia). Archaeological Textile Newsletter 44, 2007, 18\u201320. 2009 K. Pieta, Das germanische F\u00fcrstengrab aus Poprad-Matejovce. In: U. von Freeden\/H. Friesinger\/E. Wamers (Hrsg.), Glaube, Kult und Herrschaft. Ph\u00e4nomene des Religi\u00f6sen im 1. Jahrtausend n. Chr. in Mittel- und Nordeuropa. Akten des 59. Internat. Sachsensymposions und der Grundprobleme der fr\u00fchgeschichtlichen Entwicklung im Mitteldonauraum. Kolloquien zur Vor- und Fr\u00fchgeschichte 12 (Bonn 2009) 107\u2013122. T. \u0160tolcov\u00e1\/G. Zink\/K. Pieta, Textiles from the Chieftain Grave in Poprad-Matejovce. Report on the First Stage of Laboratory Examination. Arch. Korrbl. 39\/2, 2009, 263\u2013277. 2013 N. Lau, Das Grab von Poprad-Matejovce in der Slowakei \u2013 Ein Blockhaus mit Inneneinrichtung aus der fr\u00fchen V\u00f6lkerwanderungszeit. Arch\u00e4ologische Nachrichten aus Schleswig-Holstein 19, 2013, 16\u201319. T. \u0160tolcov\u00e1\/N. Lau, Das sp\u00e4tantike Kammergrab von Poprad-Matejovce \u2013 Repr\u00e4sentation von Status und Luxus im Tode. In: M. Tellenbach\/R. Schulz\/A. Wieczorek (Hrsg.), Die Macht der Toga. Dresscode im r\u00f6mischen Weltreich [Begleitband zur Ausstellung \u00bbDie Macht der Toga \u2013 Mode im r\u00f6mischen Weltreich\u00ab im Roemer- und Pelizaeus-Museum Hildesheim vom 20.04. bis zum 08.09.2013](Regensburg 2013). T. \u0160tolcov\u00e1\/G. Zink, Early Migration Period Textile and Leather Finds from the Chieftain\u2019s Grave in Poprad-Matejovce: Discovery, Retrieval and New Results of the Laboratory Examination. In J. Banck-Burgess\/C. N\u00fcbold (Hrsg.), The North European Symposium for Archaeological Textiles XI (Rahden\/Westf. 2013) 85\u201392. 2014 N. Lau\/K. Pieta, Das Grab von Poprad-Matejovce in der Slowakei \u2013Anlage, Konstruktion und Ausstattung eines fr\u00fchv\u00f6lkerwanderungszeitlichen Kammergrabes. In: A. Abegg-Wigg\/N. Lau (Hrsg.), Kammergr\u00e4ber im Barbaricum \u2013 Zu Einfl\u00fcssen und \u00dcbergangsph\u00e4nomenen von der vorr\u00f6mischen Eisenzeit bis in die V\u00f6lkerwanderungszeit. Internationale Tagung, Schleswig, 25.\u201327. November 2010. Schr. Arch. Landesmus. Ergr. 9 (Neum\u00fcnster\/Hamburg 2014) 343\u2013364. T. \u0160tolcov\u00e1\/D. Schaarschmidt\/S. Mitschke, Preliminary report on textile finds from the chieftain\u2019s grave in Poprad-Matejovce (Poster Nesat-Tagung Hallstatt 2014). T. \u0160tolcov\u00e1\/D. Schaarchmidt\/S. Mitschke, Textile Finds from a Chieftain\u00b4s Grave. Preliminary Report from Poprad-Matejovce, Slovakia. Archaeological Textiles Review 56, 2014, 50\u201359. 2015 D. Schaarschmidt\/T. \u0160tolcov\u00e1\/S. Mitschke, Poprad-Matejovce, Slowakei: Textilfunde aus einem fr\u00fchv\u00f6lkerwanderungszeitlichen F\u00fcrstengrab \u2013 Ein Zwischenbericht. Berichte zur Denkmalpflege in Niedersachsen 35, 2015, H. 4, 199\u2013204. T. \u0160tolcov\u00e1, Unique Early Migration Leather Finds from Poprad-Matejovce, Slovakia. Archaeological Leather Group Newsletter 5-8, 2015, 5\u20138. 2017 N. Lau, \u00dcberlegungen zur gedrechselten Totenliege aus dem fr\u00fchv\u00f6lkerwanderungszeitlichen Grab von Poprad-Matejovce. In: B. V. Eriksen\/A. Abegg-Wigg\/R. Bleile\/U. Ickerodt (Hrsg.), Interaktion ohne Grenzen. Beispiele arch\u00e4ologischer Forschungen am Beginn des 21. Jahrhunderts,\u00a0 Band 1 . Festschr. C. von Carnap-Bornheim (Schleswig 2017) 457\u2013466. N. Lau\/K. Pieta, Die antike \u00d6ffnung des Kammergrabes von Poprad-Matejovce. In: Na Hranic\u00edch a Imp\u00e9ria. Extra Fines Imperii. Festschrift J. Tejral (Brno 2017) 255\u2013265. 2018 P. de Barros Damgaard\/N. Marchi\/S. Rasmussen\/M. Peyrot\/G. Renaud\/Th. Korneliussen\/J. V. Moreno-Mayar\/M. Winther Pedersen\/A. Goldberg\/E. Usmanova\/N. Baimukhanov\/V. Loman\/L. Hedeager\/A. Gorm Pedersen\/K. Nielsen\/G. Afanasiev\/K. Akmatov\/A. Aldashev\/A. Alpaslan\/G. Baimbetov\/V. I. Bazaliiskii\/A. Beisenov\/B. Boldbaatar\/B. Boldgiv\/Ch. Dorzhu\/St. Ellingvag\/D. Erdenebaatar\/R. Dajani\/E. Dmitriev\/V. Evdokimov\/K. M. Frei\/A. Gromov\/A. Goryachev\/H. Hakonarson\/T. Hegay\/Z. Khachatryan\/R. Khaskhanov\/E. Kitov\/A. Kolbina\/T. Kubatbek\/A. Kukushkin\/I. Kukushkin\/N. Lau\/A. Margaryan\/I. Merkyte\/I. V. Mertz\/V. K. Mertz\/E. Mijiddorj\/V. Moiyesev\/G. Mukhtarova\/B. Nurmukhanbetov\/Z. Orozbekova\/I. Panyushkina\/K. Pieta\/V. Smr\u010dka\/I. Shevnina\/A. Logvin\/K.-G. Sj\u00f6gren\/T. \u0160tolcov\u00e1\/K. Tashbaeva\/A. Tkachev\/T. Tulegenov\/D. Voyakin\/L. Yepiskoposyan\/S. Undrakhbold\/V. Varfolomeev\/A. Weber\/N. Kradin\/M. E. Allentoft\/L. Orlando\/R. Nielsen\/M. Sikora\/E. Heyer\/K. Kristiansen\/E. Willerslev, 137 ancient human genomes from across the Eurasian steppes. Nature 557, issue 7705, 2018, 369\u2013374. doi:10.1038\/s41586-018-0094-2 T. C. Jones\/B. M\u00fchlemann\/P. de Barros Damgaard\/M. E. Allentoft\/I. Shevnina\/A. Logvin\/E. Usmanova\/I. P. Panyushkina\/B. Boldgiv\/T. Bazartseren\/K. Tashbaeva\/V. Merz\/N. Lau\/V. Smr\u010dka\/D. Voyakin\/E. Kitov\/A. Epimakhov\/D. Pokutta\/M. Vicze\/T. D. Price\/V. Moiseyev\/A. J. Hansen\/L. Orlando\/S. Rasmussen\/M. Sikora\/L. Vinner, A. D. M. E. Osterhaus, D. J. Smith, D. Glebe, R. A. M. Fouchier, Chr. Drosten, K.-G. Sj\u00f6gren, K. Kristiansen, E. Willerslev, Ancient Hepatitis B viruses from the Bronze Age to the Medieval. Nature 557, issue 7705, 2018, 418-423. doi:10.1038\/s41586-018-0097-z 2020 N. Lau, Das Holzkammergrab von Poprad-Matejovce. Forschungen im Zipser Land. Arch\u00e4ologische Nachrichten 2020, 260\u2013261. N. Lau, Das Holzkammergrab von Poprad-Matejovce. Forschungen im Zipser Land. Arch\u00e4ologische Nachrichten digital 2020, 260\u2013261. 2021 N. Lau\/C. von Carnap-Bornheim, Grabkammer, Totenhaus, Ritualr\u00e4ume. \u00dcberlegungen zum Kammergrab von Poprad-Matejovce. In: Z. Robak\/M. Ruttkay (Hrsg.), Celts \u2013 Germans \u2013 Slavs. A Tribute Anthology to Karol Pieta. Slovensk\u00e1 Archeol\u00f3gia Suppl. 2 (Nitra 2021) 323\u200a\u2013\u200a332. 2022 \u00a0N. Lau\/K. Pieta\/T. \u0160tolcov\u00e1, Fundkatalog, Tafeln und Pl\u00e4ne. Unter Mitarbeit von L. \u00d8. Brandt, P. \u010cerve\u0148, K. G\u00f6bel, J. G\u00f6pfrich, M. Hab\u00e1nov\u00e1, M. Hajnalov\u00e1, \u0160. Hritz, Z. Huke\u013eov\u00e1, J. Jakab, J. Meurers-Balke, J. Mih\u00e1lyiov\u00e1, S. Mitschke, J. Nowotny, P. Proh\u00e1szka, P. Roth, D. Schaarschmidt, U. Schm\u00f6lcke, W. H. Schoch, U. Tegtmeier, I. Vanden Berghe, J. Zajonc und G. Zink. Poprad-Matejovce \uf02d Ein Kammergrab des 4. Jahrhunderts n. Chr. im Zipser Land 1 (Nitra, Schleswig 2022). \u00a0 \u00a0 Themenbereiche Mensch und Gesellschaft \u00a0\u00a0 Forschungsschwerpunkte Jenseits des Grabes Mitarbeiter Projektleitung:\u00a0Dr. \u00a0Nina Lau Weitere ZBSA-Mitarbeiterinnen und Mitarbeiter: Karin G\u00f6bel (GIS), John Meadows (C14), J\u00f6rg Nowotny (3D), Ulrich Schm\u00f6lcke (arch\u00e4ozoologische Analysen, Entomologie); Isabel Sonnenschein (Redaktion); J\u00fcrgen Sch\u00fcller (Grafik) \u00a0\u00a0 Kooperierende Institutionen und Projektmitarbeiterinnen und -mitarbeiter: Arch\u00e4ologische Analyse, Organisation, Auswertung und Publikation: Karol Pieta (Arch\u00e4ologisches Institut der Slowakischen Akademie der Wissenschaften Nitra (SAV)) Holzkonservierung: Joachim Schultze, Janosch Willers, Roland Aniol, Wolfgang Schr\u00f6der (MfA) Dendrochronologie: Peter Barta (Dendrochronological laboratory Bratislava) Strontiumisotopenanalysen: Karin Margarita Frei (Nationalmuseum Kopenhagen) Anthropologische Analysen: J\u00falius Jakab (Arch\u00e4ologisches Institut der Slowakische Akademie der Wissenschaften Nitra (SAV)) DNA Analysen: Morten Allentoft u. Peter de Basso Damgaard, Centre for GeoGenetics, Kopenhagen Rasterelektronenmikroskopie: Sylvia Mitschke (Curt-Engelhorn-Zentrum Arch\u00e4ometrie, Mannheim) Farb- und Farbstoffanalysen, Aminos\u00e4ureanalysen: Ina Vanden Berghe (IRPA\/KIK: Royal Institute of Cultural Heritage Br\u00fcssel) Arch\u00e4obotanik: Maria Hajnalov\u00e1 (Comenius Universit\u00e4t Bratislava) und Jana Mih\u00e1lyiov\u00e1 (Arch\u00e4ologisches Institut der Slowakische Akademie der Wissenschaften Nitra (SAV)) &#8211; Restauratorische Grabungsleitung, Pr\u00e4ventive Konservierung, Leitung Blockbergungen und Lederkonservierung: Dipl.-Rest. Gabriele Zink &#8211; Ausgraben der Blockbergungen:&nbsp;Dipl.-Rest. Gabriele Zink &#8211; Konservierung und Restaurierung von Leder und Textil:&nbsp;Dipl.-Rest. Gabriele Zink Ausgrabungen der Blockbergungen: Dorte Schaarschmidt, Arch\u00e4ologisches Landesamt Hannover, Tereza \u0160tolcov\u00e1, Arch\u00e4ologisches Institut der Slowakische Akademie der Wissenschaften Nitra (SAV) Analyse der stabilen Isotopen 13c und 15n (u. a. der Ern\u00e4hrungsgrundlagen des Mannes aus Poprad): Miriam Fi\u0161\u00e1kov\u00e1-N\u00fdvltov\u00e1 (Institute of Archaeology Brno); Analysen durchgef\u00fchrt am Centre of Applied Isotope Studies, University of Georgia, USA Analyse von Leder und Textilien: Tereza \u0160tolcov\u00e1 (Arch\u00e4ologisches Institut der Slowakische Akademie der Wissenschaften Nitra (SAV) Konservierung und Restaurierung von Textilien und Leder: Dorte Schaarschmidt, Arch\u00e4ologisches Landesamt f\u00fcr Denkmalpflege Hannover, Tereza \u0160tolcov\u00e1, Arch\u00e4ologisches Institut der Slowakische Akademie der Wissenschaften Nitra (SAV) Ausstellung und Pr\u00e4sentation der Funde: Podtatransk\u00e9 m\u00fazeum in Poprad (Direktorin Magdal\u00e9na Bekessov\u00e1)","og_url":"https:\/\/zbsa.eu\/en\/kammergrab-von-poprad-slowakei\/","og_site_name":"Zentrum f\u00fcr Baltische und Skandinavische Arch\u00e4ologie (ZBSA) \u2014 Zentrum f\u00fcr Baltische und Skandinavische Arch\u00e4ologie","article_published_time":"2021-03-10T14:54:32+00:00","article_modified_time":"2023-01-30T09:40:13+00:00","og_image":[{"url":"https:\/\/zbsa.eu\/wp-content\/uploads\/2021\/03\/image_preview-2-1.jpeg","type":"","width":"","height":""}],"author":"Isabel Sonnenschein","twitter_card":"summary_large_image","twitter_misc":{"Written by":"Isabel Sonnenschein","Estimated reading time":"7 minutes"},"schema":{"@context":"https:\/\/schema.org","@graph":[{"@type":"WebPage","@id":"https:\/\/zbsa.eu\/kammergrab-von-poprad-slowakei\/","url":"https:\/\/zbsa.eu\/kammergrab-von-poprad-slowakei\/","name":"Das fr\u00fchv\u00f6lkerwanderungszeitliche Kammergrab von Poprad, Slowakei \u2013 Ein interdisziplin\u00e4res Forschungsprojekt zur Auswertung eines au\u00dfergew\u00f6hnlichen Fundes - Zentrum f\u00fcr Baltische und Skandinavische Arch\u00e4ologie (ZBSA) \u2014 Zentrum f\u00fcr Baltische und Skandinavische Arch\u00e4ologie","isPartOf":{"@id":"https:\/\/zbsa.eu\/#website"},"primaryImageOfPage":{"@id":"https:\/\/zbsa.eu\/kammergrab-von-poprad-slowakei\/#primaryimage"},"image":{"@id":"https:\/\/zbsa.eu\/kammergrab-von-poprad-slowakei\/#primaryimage"},"thumbnailUrl":"https:\/\/zbsa.eu\/wp-content\/uploads\/2021\/03\/image_preview-2-1.jpeg","datePublished":"2021-03-10T14:54:32+00:00","dateModified":"2023-01-30T09:40:13+00:00","author":{"@id":"https:\/\/zbsa.eu\/#\/schema\/person\/aa6aee9c83eea77fef1443b78f8bddf6"},"breadcrumb":{"@id":"https:\/\/zbsa.eu\/kammergrab-von-poprad-slowakei\/#breadcrumb"},"inLanguage":"en-GB","potentialAction":[{"@type":"ReadAction","target":["https:\/\/zbsa.eu\/kammergrab-von-poprad-slowakei\/"]}]},{"@type":"ImageObject","inLanguage":"en-GB","@id":"https:\/\/zbsa.eu\/kammergrab-von-poprad-slowakei\/#primaryimage","url":"https:\/\/zbsa.eu\/wp-content\/uploads\/2021\/03\/image_preview-2-1.jpeg","contentUrl":"https:\/\/zbsa.eu\/wp-content\/uploads\/2021\/03\/image_preview-2-1.jpeg"},{"@type":"BreadcrumbList","@id":"https:\/\/zbsa.eu\/kammergrab-von-poprad-slowakei\/#breadcrumb","itemListElement":[{"@type":"ListItem","position":1,"name":"Startseite","item":"https:\/\/zbsa.eu\/"},{"@type":"ListItem","position":2,"name":"Themenbereiche","item":"https:\/\/zbsa.eu\/category\/themenbereiche\/"},{"@type":"ListItem","position":3,"name":"Forschungsschwerpunkte","item":"https:\/\/zbsa.eu\/category\/themenbereiche\/forschungsschwerpunkte\/"},{"@type":"ListItem","position":4,"name":"Jenseits des Grabes","item":"https:\/\/zbsa.eu\/category\/themenbereiche\/forschungsschwerpunkte\/jenseits-des-grabes\/"},{"@type":"ListItem","position":5,"name":"Das fr\u00fchv\u00f6lkerwanderungszeitliche Kammergrab von Poprad, Slowakei \u2013 Ein interdisziplin\u00e4res Forschungsprojekt zur Auswertung eines au\u00dfergew\u00f6hnlichen Fundes"}]},{"@type":"WebSite","@id":"https:\/\/zbsa.eu\/#website","url":"https:\/\/zbsa.eu\/","name":"Zentrum f\u00fcr Baltische und Skandinavische Arch\u00e4ologie (ZBSA) \u2014 Zentrum f\u00fcr Baltische und Skandinavische Arch\u00e4ologie","description":"","potentialAction":[{"@type":"SearchAction","target":{"@type":"EntryPoint","urlTemplate":"https:\/\/zbsa.eu\/?s={search_term_string}"},"query-input":{"@type":"PropertyValueSpecification","valueRequired":true,"valueName":"search_term_string"}}],"inLanguage":"en-GB"},{"@type":"Person","@id":"https:\/\/zbsa.eu\/#\/schema\/person\/aa6aee9c83eea77fef1443b78f8bddf6","name":"Isabel Sonnenschein","image":{"@type":"ImageObject","inLanguage":"en-GB","@id":"https:\/\/zbsa.eu\/#\/schema\/person\/image\/","url":"https:\/\/secure.gravatar.com\/avatar\/154fb03102f760e2c863e721ce0579b4ee12bb8ae780642286475aef675692c5?s=96&d=mm&r=g","contentUrl":"https:\/\/secure.gravatar.com\/avatar\/154fb03102f760e2c863e721ce0579b4ee12bb8ae780642286475aef675692c5?s=96&d=mm&r=g","caption":"Isabel Sonnenschein"},"url":"https:\/\/zbsa.eu\/en\/author\/isabel-sonnenschein\/"}]}},"featured_image_src":" ","featured_image_src_square":" ","author_info":{"display_name":"Isabel Sonnenschein","author_link":"https:\/\/zbsa.eu\/en\/author\/isabel-sonnenschein\/"},"category_info":"<a href=\"https:\/\/zbsa.eu\/en\/category\/themenbereiche\/forschungsschwerpunkte\/\" rel=\"category tag\">Forschungsschwerpunkte<\/a>,<a href=\"https:\/\/zbsa.eu\/en\/category\/themenbereiche\/forschungsschwerpunkte\/jenseits-des-grabes\/\" rel=\"category tag\">Jenseits des Grabes<\/a>,<a href=\"https:\/\/zbsa.eu\/en\/category\/themenbereiche\/mensch-und-gesellschaft\/\" rel=\"category tag\">Mensch und Gesellschaft<\/a>","tags_info":"<a href=\"https:\/\/zbsa.eu\/en\/tag\/jenseits-des-grabes\/\" rel=\"tag\">Jenseits des Grabes<\/a>","social_share_info":"<a data-share=\"facebook\" href=\"https:\/\/www.facebook.com\/sharer.php?u=https:\/\/zbsa.eu\/en\/kammergrab-von-poprad-slowakei\/\" class=\"pl-facebook-share social-share-default pl-social-share\" target=\"_blank\"><i class=\"fab fa-facebook-f\" aria-hidden=\"true\"><\/i><\/a><a data-share=\"twitter\" href=\"https:\/\/twitter.com\/share?url=https:\/\/zbsa.eu\/en\/kammergrab-von-poprad-slowakei\/\" class=\"pl-twiiter-share social-share-default pl-social-share\" target=\"_blank\"><i class=\"fab fa-twitter\" aria-hidden=\"true\"><\/i><\/a><a data-share=\"linkedin\" href=\"https:\/\/www.linkedin.com\/shareArticle?url=https:\/\/zbsa.eu\/en\/kammergrab-von-poprad-slowakei\/\" class=\"pl-linkedin-share social-share-default pl-social-share\" target=\"_blank\"><i class=\"fab fa-linkedin-in\" aria-hidden=\"true\"><\/i><\/a>","wordExcerpt_info":"<p>Das im Jahr 2006 ausgegrabene Kammergrab von Poprad-Matejovce in der Nordostslowakei wurde in einem internationalen Forschungsprojekt am ZBSA, in den Jahren 2012 bis 2015 gef\u00f6rdert durch die DFG, in enger Zusammenarbeit mit der Slowakischen Akademie der Wissenschaften in Nitra untersucht.<\/p>\n[caption id=\"attachment_2092\" align=\"alignright\" width=\"334\"]<img src=\"https:\/\/zbsa.eu\/wp-content\/uploads\/2021\/03\/image_preview-2-1.jpeg\" alt=\"\" width=\"334\" height=\"400\" \/> Das Grab w\u00e4hrend der Ausgrabung 2006[\/caption]\n<p>Die digitale Rekonstruktion und Analyse von Grabkammern, Mobiliar und der Ausstattung in GIS und 3D-Software sowie die interdisziplin\u00e4re Einbeziehung verschiedener naturwissenschaftlicher Analyseverfahren (u. a. Dendrochronologie, C14-Datierung, Strontiumisotopenanalysen, verschiedene Verfahren zur Analyse von Textilien, aDNA, pathologische und anthropologische Analysen) in Verbindung mit arch\u00e4ologischen Untersuchungen der Grabkonstruktion und der Grabausstattung stellen eine zeitgem\u00e4\u00dfe, detaillierte Aufarbeitung des Befundes im Rahmen des Forschungsprojektes dar.<\/p>\n<p>Das Grab stammt aus der fr\u00fchen V\u00f6lkerwanderungszeit und stellt mit den beiden vollst\u00e4ndig erhaltenen Grabkammern und dem Mobiliar einen singul\u00e4ren Grabfund dieser Zeit im mitteleurop\u00e4ischen Barbaricum dar. Es wurde wahrscheinlich nur wenige Jahrzehnte nach der Bestattung beraubt. Dabei l\u00e4sst sich durch die genaue Analyse der Fundlage und der Verlagerungen von Objekten die Vorgehensweise bei der Beraubung schrittweise nachvollziehen.<\/p>\n<p>Durch die Beraubung sind neben Keramikgef\u00e4\u00dfen nur wenige Beigaben und Teile der Tracht erhalten. Von fast gr\u00f6\u00dferer Bedeutung sind jedoch die hervorragend erhaltenen Objekte wie h\u00f6lzernes Mobiliar, Textilien und Leder. Teile des Grabes wurden im Block entnommen und von 2008 bis 2015 unter Laborbedingungen ausgegraben. Die dabei gefundenen Textilien und Lederobjekte zeigen eine Materialgruppe, wie sie in solcher Qualit\u00e4t nur selten zutage tritt.<\/p>\n<p>Mit der Freilegung sind verschiedene naturwissenschaftliche Untersuchungen verbunden wie Analysen von Strontiumisotopen, Aminos\u00e4uren und Farbresten von Textilien, die Materialbestimmungen mittels Rasterelektronenmikroskop sowie C14-Datierungen. Letztere dienen auch in Kombination mit dendrochronologischen Analysen der H\u00f6lzer (der beiden Grabkammern) zur naturwissenschaftlichen Datierung des Grabes. So ist nicht nur der genaue Bestattungszeitpunkt zu bestimmen: weitere Fragen stellen sich nach der Datierung des Kammerbaus, dem Alter der Beigaben und dem Zeitpunkt der Wieder\u00f6ffnung des Grabes. Erst dann kann ein genaues chronologisches Bild des Grabes mit allen verbundenen Vorg\u00e4ngen erstellt werden.<\/p>\n<p>Die 3,95 m x 2,70 m gro\u00dfe Au\u00dfenkammer wurde in Blockbautechnik mit Flachdach in Nord-S\u00fcdausrichtung konstruiert, w\u00e4hrend die innere, sarkophag\u00e4hnliche Kammer mit Giebeldach in einer g\u00e4nzlich anderen Konstruktion aufgebaut wurde. Sie hatte eine L\u00e4nge von 2,90 m und eine Breite von 1,70 m und war in Blockst\u00e4nderbautechnik konstruiert. Besonders hervorzuheben sind jedoch die hervorragend erhaltenen Bestandteile h\u00f6lzernen Mobiliars. So fand sich ehemals in der inneren Grabkammer aufgestellt ein gedrechselter runder Tisch bzw. ein Becken aus Pappelholz mit einem Durchmesser von 92 cm. Zahlreiche weitere h\u00f6lzerne Objekte geh\u00f6ren zu einer sorgf\u00e4ltig gedrechselten, h\u00f6lzernen Totenliege von 2 m L\u00e4nge, gefertigt aus Eibe. Verschiedene Analysen des Skelettmaterials ergaben, dass es sich bei dem Toten um einen unter 20j\u00e4hrigen Mann handelt, der lokaler Herkunft und au\u00dferordentlich gut ern\u00e4hrt war. Die aufw\u00e4ndige Konstruktion der beiden Grabkammern, die erhaltenen, teilweise kostbaren Grabbeigaben, die mit Gold belegten Textilien sowie die sorgf\u00e4ltig hergestellten M\u00f6bel belegen einen herausragenden, elit\u00e4ren Status des Bestatteten, der kulturell mit der Nordkarpathischen Gruppe in Zusammenhang gebracht werden kann.<\/p>\n<p><strong>Die Ergebnisse aus dem Forschungsprojekt werden derzeit f\u00fcr die mehrb\u00e4ndige monographische Publikation vorbereitet, von der der erste Band \u201eN. Lau\/K. Pieta\/T. \u0160tolcov\u00e1, Fundkatalog, Tafeln und Pl\u00e4ne. Unter Mitarbeit von L. \u00d8. Brandt, P. \u010cerve\u0148, K. G\u00f6bel, J. G\u00f6pfrich, M. Hab\u00e1nov\u00e1, M. Hajnalov\u00e1, \u0160. Hritz, Z. Huke\u013eov\u00e1, J. Jakab, J. Meurers-Balke, J. Mih\u00e1lyiov\u00e1, S. Mitschke, J. Nowotny, P. Proh\u00e1szka, P. Roth, D. Schaarschmidt, U. Schm\u00f6lcke, W. H. Schoch, U. Tegtmeier, I. Vanden Berghe, J. Zajonc und G. Zink. Poprad-Matejovce \uf02d Ein Kammergrab des 4. Jahrhunderts n. Chr. im Zipser Land 1 (Nitra, Schleswig 2022)\u201c bereits im Oktober 2022 erschienen ist. <br \/><\/strong><\/p>\n<p><strong>Bisherige Publikationen zum Grab von Poprad:<\/strong><\/p>\n<p>2007<\/p>\n<p>T. Belanov\u00e1\/K. Pieta, Discovery of a Unique Chamber Tomb in Poprad-Matejovce (Slovakia). Archaeological Textile Newsletter 44, 2007, 18\u201320.<\/p>\n<p>2009<\/p>\n<p>K. Pieta, Das germanische F\u00fcrstengrab aus Poprad-Matejovce. In: U. von Freeden\/H. Friesinger\/E. Wamers (Hrsg.), Glaube, Kult und Herrschaft. Ph\u00e4nomene des Religi\u00f6sen im 1. Jahrtausend n. Chr. in Mittel- und Nordeuropa. Akten des 59. Internat. Sachsensymposions und der Grundprobleme der fr\u00fchgeschichtlichen Entwicklung im Mitteldonauraum. Kolloquien zur Vor- und Fr\u00fchgeschichte 12 (Bonn 2009) 107\u2013122.<\/p>\n<p>T. \u0160tolcov\u00e1\/G. Zink\/K. Pieta, Textiles from the Chieftain Grave in Poprad-Matejovce. Report on the First Stage of Laboratory Examination. Arch. Korrbl. 39\/2, 2009, 263\u2013277.<\/p>\n<p>2013<\/p>\n<p>N. Lau, Das Grab von Poprad-Matejovce in der Slowakei \u2013 Ein Blockhaus mit Inneneinrichtung aus der fr\u00fchen V\u00f6lkerwanderungszeit. Arch\u00e4ologische Nachrichten aus Schleswig-Holstein 19, 2013, 16\u201319.<\/p>\n<p>T. \u0160tolcov\u00e1\/N. Lau, Das sp\u00e4tantike Kammergrab von Poprad-Matejovce \u2013 Repr\u00e4sentation von Status und Luxus im Tode. In: M. Tellenbach\/R. Schulz\/A. Wieczorek (Hrsg.), Die Macht der Toga. Dresscode im r\u00f6mischen Weltreich [Begleitband zur Ausstellung \u00bbDie Macht der Toga \u2013 Mode im r\u00f6mischen Weltreich\u00ab im Roemer- und Pelizaeus-Museum Hildesheim vom 20.04. bis zum 08.09.2013](Regensburg 2013).<\/p>\n<p>T. \u0160tolcov\u00e1\/G. Zink, Early Migration Period Textile and Leather Finds from the Chieftain\u2019s Grave in Poprad-Matejovce: Discovery, Retrieval and New Results of the Laboratory Examination. In J. Banck-Burgess\/C. N\u00fcbold (Hrsg.), The North European Symposium for Archaeological Textiles XI (Rahden\/Westf. 2013) 85\u201392.<\/p>\n<p>2014<\/p>\n<p>N. Lau\/K. Pieta, Das Grab von Poprad-Matejovce in der Slowakei \u2013Anlage, Konstruktion und Ausstattung eines fr\u00fchv\u00f6lkerwanderungszeitlichen Kammergrabes. In: A. Abegg-Wigg\/N. Lau (Hrsg.), Kammergr\u00e4ber im Barbaricum \u2013 Zu Einfl\u00fcssen und \u00dcbergangsph\u00e4nomenen von der vorr\u00f6mischen Eisenzeit bis in die V\u00f6lkerwanderungszeit. Internationale Tagung, Schleswig, 25.\u201327. November 2010. Schr. Arch. Landesmus. Ergr. 9 (Neum\u00fcnster\/Hamburg 2014) 343\u2013364.<\/p>\n<p>T. \u0160tolcov\u00e1\/D. Schaarschmidt\/S. Mitschke, Preliminary report on textile finds from the chieftain\u2019s grave in Poprad-Matejovce (Poster Nesat-Tagung Hallstatt 2014).<\/p>\n<p>T. \u0160tolcov\u00e1\/D. Schaarchmidt\/S. Mitschke, Textile Finds from a Chieftain\u00b4s Grave. Preliminary Report from Poprad-Matejovce, Slovakia. Archaeological Textiles Review 56, 2014, 50\u201359.<\/p>\n<p>2015<\/p>\n<p>D. Schaarschmidt\/T. \u0160tolcov\u00e1\/S. Mitschke, Poprad-Matejovce, Slowakei: Textilfunde aus einem fr\u00fchv\u00f6lkerwanderungszeitlichen F\u00fcrstengrab \u2013 Ein Zwischenbericht. Berichte zur Denkmalpflege in Niedersachsen 35, 2015, H. 4, 199\u2013204.<\/p>\n<p>T. \u0160tolcov\u00e1, Unique Early Migration Leather Finds from Poprad-Matejovce, Slovakia. Archaeological Leather Group Newsletter 5-8, 2015, 5\u20138.<\/p>\n<p>2017<\/p>\n<p>N. Lau, \u00dcberlegungen zur gedrechselten Totenliege aus dem fr\u00fchv\u00f6lkerwanderungszeitlichen Grab von Poprad-Matejovce. In: B. V. Eriksen\/A. Abegg-Wigg\/R. Bleile\/U. Ickerodt (Hrsg.), Interaktion ohne Grenzen. Beispiele arch\u00e4ologischer Forschungen am Beginn des 21. Jahrhunderts,\u00a0 Band 1 . Festschr. C. von Carnap-Bornheim (Schleswig 2017) 457\u2013466.<\/p>\n<p>N. Lau\/K. Pieta, Die antike \u00d6ffnung des Kammergrabes von Poprad-Matejovce. In: Na Hranic\u00edch a Imp\u00e9ria. Extra Fines Imperii. Festschrift J. Tejral (Brno 2017) 255\u2013265.<\/p>\n<p>2018<\/p>\n<p>P. de Barros Damgaard\/N. Marchi\/S. Rasmussen\/M. Peyrot\/G. Renaud\/Th. Korneliussen\/J. V. Moreno-Mayar\/M. Winther Pedersen\/A. Goldberg\/E. Usmanova\/N. Baimukhanov\/V. Loman\/L. Hedeager\/A. Gorm Pedersen\/K. Nielsen\/G. Afanasiev\/K. Akmatov\/A. Aldashev\/A. Alpaslan\/G. Baimbetov\/V. I. Bazaliiskii\/A. Beisenov\/B. Boldbaatar\/B. Boldgiv\/Ch. Dorzhu\/St. Ellingvag\/D. Erdenebaatar\/R. Dajani\/E. Dmitriev\/V. Evdokimov\/K. M. Frei\/A. Gromov\/A. Goryachev\/H. Hakonarson\/T. Hegay\/Z. Khachatryan\/R. Khaskhanov\/E. Kitov\/A. Kolbina\/T. Kubatbek\/A. Kukushkin\/I. Kukushkin\/N. Lau\/A. Margaryan\/I. Merkyte\/I. V. Mertz\/V. K. Mertz\/E. Mijiddorj\/V. Moiyesev\/G. Mukhtarova\/B. Nurmukhanbetov\/Z. Orozbekova\/I. Panyushkina\/K. Pieta\/V. Smr\u010dka\/I. Shevnina\/A. Logvin\/K.-G. Sj\u00f6gren\/T. \u0160tolcov\u00e1\/K. Tashbaeva\/A. Tkachev\/T. Tulegenov\/D. Voyakin\/L. Yepiskoposyan\/S. Undrakhbold\/V. Varfolomeev\/A. Weber\/N. Kradin\/M. E. Allentoft\/L. Orlando\/R. Nielsen\/M. Sikora\/E. Heyer\/K. Kristiansen\/E. Willerslev, 137 ancient human genomes from across the Eurasian steppes. Nature 557, issue 7705, 2018, 369\u2013374. doi:10.1038\/s41586-018-0094-2<\/p>\n<p>T. C. Jones\/B. M\u00fchlemann\/P. de Barros Damgaard\/M. E. Allentoft\/I. Shevnina\/A. Logvin\/E. Usmanova\/I. P. Panyushkina\/B. Boldgiv\/T. Bazartseren\/K. Tashbaeva\/V. Merz\/N. Lau\/V. Smr\u010dka\/D. Voyakin\/E. Kitov\/A. Epimakhov\/D. Pokutta\/M. Vicze\/T. D. Price\/V. Moiseyev\/A. J. Hansen\/L. Orlando\/S. Rasmussen\/M. Sikora\/L. Vinner, A. D. M. E. Osterhaus, D. J. Smith, D. Glebe, R. A. M. Fouchier, Chr. Drosten, K.-G. Sj\u00f6gren, K. Kristiansen, E. Willerslev, Ancient Hepatitis B viruses from the Bronze Age to the Medieval. Nature 557, issue 7705, 2018, 418-423. doi:10.1038\/s41586-018-0097-z<\/p>\n<p>2020<\/p>\n<p>N. Lau, Das Holzkammergrab von Poprad-Matejovce. Forschungen im Zipser Land. Arch\u00e4ologische Nachrichten 2020, 260\u2013261.<\/p>\n<p>N. Lau, Das Holzkammergrab von Poprad-Matejovce. Forschungen im Zipser Land. Arch\u00e4ologische Nachrichten digital 2020, 260\u2013261.<\/p>\n<p>2021<\/p>\n<p>N. Lau\/C. von Carnap-Bornheim, Grabkammer, Totenhaus, Ritualr\u00e4ume. \u00dcberlegungen zum Kammergrab von Poprad-Matejovce. In: Z. Robak\/M. Ruttkay (Hrsg.), Celts \u2013 Germans \u2013 Slavs. A Tribute Anthology to Karol Pieta. Slovensk\u00e1 Archeol\u00f3gia Suppl. 2 (Nitra 2021) 323\u200a\u2013\u200a332.<\/p>\n<p>2022<\/p>\n<p>\u00a0N. Lau\/K. Pieta\/T. \u0160tolcov\u00e1, Fundkatalog, Tafeln und Pl\u00e4ne. Unter Mitarbeit von L. \u00d8. Brandt, P. \u010cerve\u0148, K. G\u00f6bel, J. G\u00f6pfrich, M. Hab\u00e1nov\u00e1, M. Hajnalov\u00e1, \u0160. Hritz, Z. Huke\u013eov\u00e1, J. Jakab, J. Meurers-Balke, J. Mih\u00e1lyiov\u00e1, S. Mitschke, J. Nowotny, P. Proh\u00e1szka, P. Roth, D. Schaarschmidt, U. Schm\u00f6lcke, W. H. Schoch, U. Tegtmeier, I. Vanden Berghe, J. Zajonc und G. Zink. Poprad-Matejovce \uf02d Ein Kammergrab des 4. Jahrhunderts n. Chr. im Zipser Land 1 (Nitra, Schleswig 2022). <\/p>\n<p>\u00a0<\/p>\n<p>\u00a0<\/p>\n<h6>Themenbereiche<\/h6>\n<p>Mensch und Gesellschaft<\/p>\n<p>\u00a0\u00a0<\/p>\n<h6>Forschungsschwerpunkte<\/h6>\n<p>Jenseits des Grabes<\/p>\n<h6>Mitarbeiter<\/h6>\n<p><strong>Projektleitung:<\/strong>\u00a0Dr. \u00a0Nina Lau<\/p>\n<p><strong>Weitere ZBSA-Mitarbeiterinnen und Mitarbeiter:<\/strong><\/p>\n<p>Karin G\u00f6bel (GIS), John Meadows (C14), J\u00f6rg Nowotny (3D), Ulrich Schm\u00f6lcke (arch\u00e4ozoologische Analysen, Entomologie); Isabel Sonnenschein (Redaktion); J\u00fcrgen Sch\u00fcller (Grafik)<\/p>\n<p>\u00a0\u00a0<\/p>\n<h6>Kooperierende Institutionen und Projektmitarbeiterinnen und -mitarbeiter:<\/h6>\n<p>Arch\u00e4ologische Analyse, Organisation, Auswertung und Publikation: Karol Pieta (Arch\u00e4ologisches Institut der Slowakischen Akademie der Wissenschaften Nitra (SAV))<\/p>\n<p>Holzkonservierung: Joachim Schultze, Janosch Willers, Roland Aniol, Wolfgang Schr\u00f6der (MfA)<\/p>\n<p>Dendrochronologie: Peter Barta (Dendrochronological laboratory Bratislava)<\/p>\n<p>Strontiumisotopenanalysen: Karin Margarita Frei (Nationalmuseum Kopenhagen)<\/p>\n<p>Anthropologische Analysen: J\u00falius Jakab (Arch\u00e4ologisches Institut der Slowakische Akademie der Wissenschaften Nitra (SAV))<\/p>\n<p>DNA Analysen: Morten Allentoft u. Peter de Basso Damgaard, Centre for GeoGenetics, Kopenhagen<\/p>\n<p>Rasterelektronenmikroskopie: Sylvia Mitschke (Curt-Engelhorn-Zentrum Arch\u00e4ometrie, Mannheim)<\/p>\n<p>Farb- und Farbstoffanalysen, Aminos\u00e4ureanalysen: Ina Vanden Berghe (IRPA\/KIK: Royal Institute of Cultural Heritage Br\u00fcssel)<\/p>\n<p style=\"margin-bottom: 12.0pt\">Arch\u00e4obotanik: Maria Hajnalov\u00e1 (Comenius Universit\u00e4t Bratislava) und Jana Mih\u00e1lyiov\u00e1 (Arch\u00e4ologisches Institut der Slowakische Akademie der Wissenschaften Nitra (SAV))<\/p>\n<p>&#8211; Restauratorische Grabungsleitung, Pr\u00e4ventive Konservierung, Leitung Blockbergungen und Lederkonservierung: Dipl.-Rest. Gabriele Zink<\/p>\n<p>&#8211; Ausgraben der Blockbergungen:&nbsp;Dipl.-Rest. Gabriele Zink<\/p>\n<p>&#8211; Konservierung und Restaurierung von Leder und Textil:&nbsp;Dipl.-Rest. Gabriele Zink<\/p>\n<p>Ausgrabungen der Blockbergungen: Dorte Schaarschmidt, Arch\u00e4ologisches Landesamt Hannover, Tereza \u0160tolcov\u00e1, Arch\u00e4ologisches Institut der Slowakische Akademie der Wissenschaften Nitra (SAV)<\/p>\n<p>Analyse der stabilen Isotopen 13c und 15n (u. a. der Ern\u00e4hrungsgrundlagen des Mannes aus Poprad): Miriam Fi\u0161\u00e1kov\u00e1-N\u00fdvltov\u00e1 (Institute of Archaeology Brno); Analysen durchgef\u00fchrt am Centre of Applied Isotope Studies, University of Georgia, USA<\/p>\n<p>Analyse von Leder und Textilien: Tereza \u0160tolcov\u00e1 (Arch\u00e4ologisches Institut der Slowakische Akademie der Wissenschaften Nitra (SAV)<\/p>\n<p>Konservierung und Restaurierung von Textilien und Leder: Dorte Schaarschmidt, Arch\u00e4ologisches Landesamt f\u00fcr Denkmalpflege Hannover, Tereza \u0160tolcov\u00e1, Arch\u00e4ologisches Institut der Slowakische Akademie der Wissenschaften Nitra (SAV)<\/p>\n<p>Ausstellung und Pr\u00e4sentation der Funde: Podtatransk\u00e9 m\u00fazeum in Poprad (Direktorin Magdal\u00e9na Bekessov\u00e1)<\/p>\n","comment_info":"No Comments","acf":[],"_links":{"self":[{"href":"https:\/\/zbsa.eu\/en\/wp-json\/wp\/v2\/posts\/2080","targetHints":{"allow":["GET"]}}],"collection":[{"href":"https:\/\/zbsa.eu\/en\/wp-json\/wp\/v2\/posts"}],"about":[{"href":"https:\/\/zbsa.eu\/en\/wp-json\/wp\/v2\/types\/post"}],"author":[{"embeddable":true,"href":"https:\/\/zbsa.eu\/en\/wp-json\/wp\/v2\/users\/2"}],"replies":[{"embeddable":true,"href":"https:\/\/zbsa.eu\/en\/wp-json\/wp\/v2\/comments?post=2080"}],"version-history":[{"count":36,"href":"https:\/\/zbsa.eu\/en\/wp-json\/wp\/v2\/posts\/2080\/revisions"}],"predecessor-version":[{"id":10348,"href":"https:\/\/zbsa.eu\/en\/wp-json\/wp\/v2\/posts\/2080\/revisions\/10348"}],"wp:attachment":[{"href":"https:\/\/zbsa.eu\/en\/wp-json\/wp\/v2\/media?parent=2080"}],"wp:term":[{"taxonomy":"category","embeddable":true,"href":"https:\/\/zbsa.eu\/en\/wp-json\/wp\/v2\/categories?post=2080"},{"taxonomy":"post_tag","embeddable":true,"href":"https:\/\/zbsa.eu\/en\/wp-json\/wp\/v2\/tags?post=2080"}],"curies":[{"name":"wp","href":"https:\/\/api.w.org\/{rel}","templated":true}]}}