{"id":7436,"date":"2021-09-06T07:38:56","date_gmt":"2021-09-06T05:38:56","guid":{"rendered":"https:\/\/zbsa.eu\/?p=7436"},"modified":"2021-11-15T09:56:15","modified_gmt":"2021-11-15T08:56:15","slug":"september-2021","status":"publish","type":"post","link":"https:\/\/zbsa.eu\/en\/september-2021\/","title":{"rendered":"September 2021"},"content":{"rendered":"<div data-elementor-type=\"wp-post\" data-elementor-id=\"7436\" class=\"elementor elementor-7436\" data-elementor-post-type=\"post\">\n\t\t\t\t\t\t<section data-particle_enable=\"false\" data-particle-mobile-disabled=\"false\" class=\"elementor-section elementor-top-section elementor-element elementor-element-152e4497 elementor-section-boxed elementor-section-height-default elementor-section-height-default\" data-id=\"152e4497\" data-element_type=\"section\">\n\t\t\t\t\t\t<div class=\"elementor-container elementor-column-gap-default\">\n\t\t\t\t\t<div class=\"elementor-column elementor-col-100 elementor-top-column elementor-element elementor-element-5c3985f8\" data-id=\"5c3985f8\" data-element_type=\"column\">\n\t\t\t<div class=\"elementor-widget-wrap elementor-element-populated\">\n\t\t\t\t\t\t<div class=\"elementor-element elementor-element-2c165f66 elementor-widget elementor-widget-text-editor\" data-id=\"2c165f66\" data-element_type=\"widget\" data-widget_type=\"text-editor.default\">\n\t\t\t\t<div class=\"elementor-widget-container\">\n\t\t\t\t\t\t\t\t\t<p><\/p><h2 class=\"wp-block-heading\">Transitions of Specialized Foragers<\/h2><p><\/p><p><\/p><p><strong>Dr. Daniel Gro\u00df, Dr. Harald L\u00fcbke, Dr. Ulrich Schm\u00f6lcke<\/strong><\/p><p><\/p><p><\/p><p>Im Jahr 2020 endete die erste Projektphase des Sonderforschungsbereichs 1266: \u00bbTransformations-Dimensionen \u2013 Mensch-Umwelt Wechselwirkungen in Pr\u00e4historischen und Archaischen Gesellschaften\u00ab, sodass der Anfang des Jahres besonders im Zeichen der Verteidigung und Fortsetzung des Projektes stand. Die Evaluierung ergab, dass das Subprojekt \u00bbTransitions of Specialized Foragers\u00ab sehr gute Arbeit geleistet h\u00e4tte und auch in der zweiten Projektphase fortgesetzt werden soll.<\/p><p><\/p><p><\/p><div class=\"wp-block-image\"><figure class=\"alignleft size-medium\"><figcaption><\/figcaption><figure id=\"attachment_7439\" aria-describedby=\"caption-attachment-7439\" style=\"width: 300px\" class=\"wp-caption alignleft\"><a href=\"https:\/\/zbsa.eu\/wp-content\/uploads\/2021\/09\/befundsituation_duvensee.jpg\"><img fetchpriority=\"high\" decoding=\"async\" class=\"wp-image-7439 size-medium\" src=\"https:\/\/zbsa.eu\/wp-content\/uploads\/2021\/09\/befundsituation_duvensee-300x200.jpg\" alt=\"Befundsituation in Duvensee: Auswaschungen aus der R\u00f6ststelle am Ufer (Foto: D. Gro\u00df, ZBSA).\" width=\"300\" height=\"200\" srcset=\"https:\/\/zbsa.eu\/wp-content\/uploads\/2021\/09\/befundsituation_duvensee-300x200.jpg 300w, https:\/\/zbsa.eu\/wp-content\/uploads\/2021\/09\/befundsituation_duvensee-1024x683.jpg 1024w, https:\/\/zbsa.eu\/wp-content\/uploads\/2021\/09\/befundsituation_duvensee-768x512.jpg 768w, https:\/\/zbsa.eu\/wp-content\/uploads\/2021\/09\/befundsituation_duvensee-18x12.jpg 18w, https:\/\/zbsa.eu\/wp-content\/uploads\/2021\/09\/befundsituation_duvensee-1140x760.jpg 1140w, https:\/\/zbsa.eu\/wp-content\/uploads\/2021\/09\/befundsituation_duvensee.jpg 1230w\" sizes=\"(max-width: 300px) 100vw, 300px\" \/><\/a><figcaption id=\"caption-attachment-7439\" class=\"wp-caption-text\">Befundsituation in Duvensee: Auswaschungen aus der R\u00f6ststelle am Ufer (Foto: D. Gro\u00df, ZBSA).<\/figcaption><\/figure>In der nun laufenden zweiten Phase wird sich das Projekt auf weitere Fokusregionen konzentrieren, um von einer lokal\/regionalen Perspektive in eine globalere Analyse von Transformationsprozessen im Mesolithikum \u00fcberzugehen. Einer der wesentlichsten Aspekte dieser Phase ist die Erforschung von Interaktion zwischen Gruppen, um ideologische und sozio-kulturelle Ver\u00e4nderungen anhand der materiellen Kultur zu identifizieren. Ein Kernpunkt hierbei ist das Erkennen von Interaktionsmustern. Dies erfolgt durch die Integration weiterreichender Perspektiven als in der ersten Phase und der Erweiterung des Untersuchungsgebietes, um die Schl\u00fcsselfragen des Projektes zu beantworten: Warum sind soziale Transformationen und Instabilit\u00e4ten aufgetreten und welche internen (sozialen) und externen (\u00f6kologischen) Faktoren spielten hierbei eine Rolle? Inwiefern sind Transformationen in nordeurop\u00e4ischen J\u00e4ger-Sammler-Gesellschaften mit klimatischen und \u00f6kologischen Events verbunden? Welche Faktoren, Trigger und Ursachen f\u00fchrten zu Ver\u00e4nderungen des sozio-\u00f6konomischen Verhaltens dieser Gesellschaften und wie haben diese auf solche Einfl\u00fcsse reagiert? Was war die Skala, auf der sich \u00c4nderungen im Verhalten abgespielt haben? Waren sie pl\u00f6tzlich oder graduell, Krise oder Transformation?<\/figure><\/div><p><\/p><p><\/p><p><\/p><p><\/p><p>Trotz der pandemiebedingten Einschr\u00e4nkungen war es durch ein eigens entwickeltes Hygienekonzept m\u00f6glich, im Sommer und Herbst die Feldarbeiten auf Duvensee WP 10 fortzuf\u00fchren. In der sechsw\u00f6chigen Kampagne konnten weitere Bereiche des Fundplatzes untersucht und der Anschluss an die 2019 erfasste Uferzone gefunden werden. Neben einer Feuerstelle wurde zudem eine Knochenspitze gefunden, die jedoch schon so stark zersetzt war, dass eine eindeutige Typzuweisung nicht m\u00f6glich gewesen ist. Ein Gro\u00dfteil des Jahres wurde mit der Vorbereitung und dem Schreiben von Publikationen verbracht. So erschien das Buch \u00bbWorking at the Sharp End: From bone and antler to Early Mesolithic Life in Northern Europe\u00ab und weitere Publikationen aus dem Projekt, die sich unter anderem mit den geophysikalischen Untersuchungen in Duvensee und Landschaftsrekon-struktionen in Friesack besch\u00e4ftigen wie auch der Nachweisbarkeit von Auerochsen in arch\u00e4ologischen Fundinventaren.<\/p><p>Obligatorisch war die Teilnahme an der j\u00e4hrlich stattfindenden European Association of Archae-ologists Tagung in Budapest, die jedoch ausschlie\u00dflich digital stattgefunden hat, ebenso wie die nur alle f\u00fcnf Jahre abgehaltene Tagung zum Mesolithikum in Europa.<\/p><figure id=\"attachment_7449\" aria-describedby=\"caption-attachment-7449\" style=\"width: 1230px\" class=\"wp-caption aligncenter\"><a href=\"https:\/\/zbsa.eu\/wp-content\/uploads\/2021\/09\/knochenspitze_duvensee.jpg\"><img decoding=\"async\" class=\"size-full wp-image-7449\" src=\"https:\/\/zbsa.eu\/wp-content\/uploads\/2021\/09\/knochenspitze_duvensee.jpg\" alt=\"Schlecht erhaltene Knochenspitze aus Duvensee WP 10 (Foto: C. Dannenberg, SSHLM).\" width=\"1230\" height=\"230\" srcset=\"https:\/\/zbsa.eu\/wp-content\/uploads\/2021\/09\/knochenspitze_duvensee.jpg 1230w, https:\/\/zbsa.eu\/wp-content\/uploads\/2021\/09\/knochenspitze_duvensee-300x56.jpg 300w, https:\/\/zbsa.eu\/wp-content\/uploads\/2021\/09\/knochenspitze_duvensee-1024x191.jpg 1024w, https:\/\/zbsa.eu\/wp-content\/uploads\/2021\/09\/knochenspitze_duvensee-768x144.jpg 768w, https:\/\/zbsa.eu\/wp-content\/uploads\/2021\/09\/knochenspitze_duvensee-18x3.jpg 18w, https:\/\/zbsa.eu\/wp-content\/uploads\/2021\/09\/knochenspitze_duvensee-1140x213.jpg 1140w\" sizes=\"(max-width: 1230px) 100vw, 1230px\" \/><\/a><figcaption id=\"caption-attachment-7449\" class=\"wp-caption-text\">Schlecht erhaltene Knochenspitze aus Duvensee WP 10 (Foto: C. Dannenberg, SSHLM).<\/figcaption><\/figure><p><\/p>\t\t\t\t\t\t\t\t<\/div>\n\t\t\t\t<\/div>\n\t\t\t\t\t<\/div>\n\t\t<\/div>\n\t\t\t\t\t<\/div>\n\t\t<\/section>\n\t\t\t\t<\/div>","protected":false},"excerpt":{"rendered":"<p>Transitions of Specialized Foragers Dr. Daniel Gro\u00df, Dr. Harald L\u00fcbke, Dr. Ulrich Schm\u00f6lcke Im Jahr 2020 endete die erste Projektphase des Sonderforschungsbereichs 1266: \u00bbTransformations-Dimensionen \u2013 Mensch-Umwelt Wechselwirkungen in Pr\u00e4historischen und Archaischen Gesellschaften\u00ab, sodass der Anfang des Jahres besonders im Zeichen der Verteidigung und Fortsetzung des Projektes stand. Die Evaluierung ergab, dass das Subprojekt \u00bbTransitions of Specialized Foragers\u00ab sehr gute Arbeit geleistet h\u00e4tte und auch in der zweiten Projektphase fortgesetzt werden soll. Trotz der pandemiebedingten Einschr\u00e4nkungen war es durch ein eigens entwickeltes Hygienekonzept m\u00f6glich, im Sommer und Herbst die Feldarbeiten auf Duvensee WP 10 fortzuf\u00fchren. In der sechsw\u00f6chigen Kampagne konnten weitere Bereiche des Fundplatzes untersucht und der Anschluss an die 2019 erfasste Uferzone gefunden werden. Neben einer Feuerstelle wurde zudem eine Knochenspitze gefunden, die jedoch schon so stark zersetzt war, dass eine eindeutige Typzuweisung nicht m\u00f6glich gewesen ist. Ein Gro\u00dfteil des Jahres wurde mit der Vorbereitung und dem Schreiben von Publikationen verbracht. So erschien das Buch \u00bbWorking at the Sharp End: From bone and antler to Early Mesolithic Life in Northern Europe\u00ab und weitere Publikationen aus dem Projekt, die sich unter anderem mit den geophysikalischen Untersuchungen in Duvensee und Landschaftsrekon-struktionen in Friesack besch\u00e4ftigen wie auch der Nachweisbarkeit von Auerochsen in arch\u00e4ologischen Fundinventaren. Obligatorisch war die Teilnahme an der j\u00e4hrlich stattfindenden European Association of Archae-ologists Tagung in Budapest, die jedoch ausschlie\u00dflich digital stattgefunden hat, ebenso wie die nur alle f\u00fcnf Jahre abgehaltene Tagung zum Mesolithikum in Europa.<\/p>","protected":false},"author":3,"featured_media":0,"comment_status":"closed","ping_status":"closed","sticky":false,"template":"","format":"standard","meta":{"_eb_attr":"","inline_featured_image":false,"footnotes":""},"categories":[36,35],"tags":[],"class_list":["post-7436","post","type-post","status-publish","format-standard","hentry","category-kalenderblaetter-2021","category-kalenderblatt"],"yoast_head":"<!-- This site is optimized with the Yoast SEO plugin v24.4 - https:\/\/yoast.com\/wordpress\/plugins\/seo\/ -->\n<title>September 2021 - Zentrum f\u00fcr Baltische und Skandinavische Arch\u00e4ologie (ZBSA) \u2014 Zentrum f\u00fcr Baltische und Skandinavische Arch\u00e4ologie<\/title>\n<meta name=\"robots\" content=\"index, follow, max-snippet:-1, max-image-preview:large, max-video-preview:-1\" \/>\n<link rel=\"canonical\" href=\"https:\/\/zbsa.eu\/en\/september-2021\/\" \/>\n<meta property=\"og:locale\" content=\"en_GB\" \/>\n<meta property=\"og:type\" content=\"article\" \/>\n<meta property=\"og:title\" content=\"September 2021 - Zentrum f\u00fcr Baltische und Skandinavische Arch\u00e4ologie (ZBSA) \u2014 Zentrum f\u00fcr Baltische und Skandinavische Arch\u00e4ologie\" \/>\n<meta property=\"og:description\" content=\"Transitions of Specialized Foragers Dr. Daniel Gro\u00df, Dr. Harald L\u00fcbke, Dr. Ulrich Schm\u00f6lcke Im Jahr 2020 endete die erste Projektphase des Sonderforschungsbereichs 1266: \u00bbTransformations-Dimensionen \u2013 Mensch-Umwelt Wechselwirkungen in Pr\u00e4historischen und Archaischen Gesellschaften\u00ab, sodass der Anfang des Jahres besonders im Zeichen der Verteidigung und Fortsetzung des Projektes stand. Die Evaluierung ergab, dass das Subprojekt \u00bbTransitions of Specialized Foragers\u00ab sehr gute Arbeit geleistet h\u00e4tte und auch in der zweiten Projektphase fortgesetzt werden soll. Trotz der pandemiebedingten Einschr\u00e4nkungen war es durch ein eigens entwickeltes Hygienekonzept m\u00f6glich, im Sommer und Herbst die Feldarbeiten auf Duvensee WP 10 fortzuf\u00fchren. In der sechsw\u00f6chigen Kampagne konnten weitere Bereiche des Fundplatzes untersucht und der Anschluss an die 2019 erfasste Uferzone gefunden werden. Neben einer Feuerstelle wurde zudem eine Knochenspitze gefunden, die jedoch schon so stark zersetzt war, dass eine eindeutige Typzuweisung nicht m\u00f6glich gewesen ist. Ein Gro\u00dfteil des Jahres wurde mit der Vorbereitung und dem Schreiben von Publikationen verbracht. So erschien das Buch \u00bbWorking at the Sharp End: From bone and antler to Early Mesolithic Life in Northern Europe\u00ab und weitere Publikationen aus dem Projekt, die sich unter anderem mit den geophysikalischen Untersuchungen in Duvensee und Landschaftsrekon-struktionen in Friesack besch\u00e4ftigen wie auch der Nachweisbarkeit von Auerochsen in arch\u00e4ologischen Fundinventaren. Obligatorisch war die Teilnahme an der j\u00e4hrlich stattfindenden European Association of Archae-ologists Tagung in Budapest, die jedoch ausschlie\u00dflich digital stattgefunden hat, ebenso wie die nur alle f\u00fcnf Jahre abgehaltene Tagung zum Mesolithikum in Europa.\" \/>\n<meta property=\"og:url\" content=\"https:\/\/zbsa.eu\/en\/september-2021\/\" \/>\n<meta property=\"og:site_name\" content=\"Zentrum f\u00fcr Baltische und Skandinavische Arch\u00e4ologie (ZBSA) \u2014 Zentrum f\u00fcr Baltische und Skandinavische Arch\u00e4ologie\" \/>\n<meta property=\"article:published_time\" content=\"2021-09-06T05:38:56+00:00\" \/>\n<meta property=\"article:modified_time\" content=\"2021-11-15T08:56:15+00:00\" \/>\n<meta property=\"og:image\" content=\"https:\/\/zbsa.eu\/wp-content\/uploads\/2021\/09\/befundsituation_duvensee-300x200.jpg\" \/>\n<meta name=\"author\" content=\"Matthias Bolte\" \/>\n<meta name=\"twitter:card\" content=\"summary_large_image\" \/>\n<meta name=\"twitter:label1\" content=\"Written by\" \/>\n\t<meta name=\"twitter:data1\" content=\"Matthias Bolte\" \/>\n\t<meta name=\"twitter:label2\" content=\"Estimated reading time\" \/>\n\t<meta name=\"twitter:data2\" content=\"3 minutes\" \/>\n<script type=\"application\/ld+json\" class=\"yoast-schema-graph\">{\"@context\":\"https:\/\/schema.org\",\"@graph\":[{\"@type\":\"WebPage\",\"@id\":\"https:\/\/zbsa.eu\/september-2021\/\",\"url\":\"https:\/\/zbsa.eu\/september-2021\/\",\"name\":\"September 2021 - Zentrum f\u00fcr Baltische und Skandinavische Arch\u00e4ologie (ZBSA) \u2014 Zentrum f\u00fcr Baltische und Skandinavische Arch\u00e4ologie\",\"isPartOf\":{\"@id\":\"https:\/\/zbsa.eu\/#website\"},\"primaryImageOfPage\":{\"@id\":\"https:\/\/zbsa.eu\/september-2021\/#primaryimage\"},\"image\":{\"@id\":\"https:\/\/zbsa.eu\/september-2021\/#primaryimage\"},\"thumbnailUrl\":\"https:\/\/zbsa.eu\/wp-content\/uploads\/2021\/09\/befundsituation_duvensee-300x200.jpg\",\"datePublished\":\"2021-09-06T05:38:56+00:00\",\"dateModified\":\"2021-11-15T08:56:15+00:00\",\"author\":{\"@id\":\"https:\/\/zbsa.eu\/#\/schema\/person\/b980623b66a6ffb097697286521920c5\"},\"breadcrumb\":{\"@id\":\"https:\/\/zbsa.eu\/september-2021\/#breadcrumb\"},\"inLanguage\":\"en-GB\",\"potentialAction\":[{\"@type\":\"ReadAction\",\"target\":[\"https:\/\/zbsa.eu\/september-2021\/\"]}]},{\"@type\":\"ImageObject\",\"inLanguage\":\"en-GB\",\"@id\":\"https:\/\/zbsa.eu\/september-2021\/#primaryimage\",\"url\":\"https:\/\/zbsa.eu\/wp-content\/uploads\/2021\/09\/befundsituation_duvensee-300x200.jpg\",\"contentUrl\":\"https:\/\/zbsa.eu\/wp-content\/uploads\/2021\/09\/befundsituation_duvensee-300x200.jpg\"},{\"@type\":\"BreadcrumbList\",\"@id\":\"https:\/\/zbsa.eu\/september-2021\/#breadcrumb\",\"itemListElement\":[{\"@type\":\"ListItem\",\"position\":1,\"name\":\"Startseite\",\"item\":\"https:\/\/zbsa.eu\/\"},{\"@type\":\"ListItem\",\"position\":2,\"name\":\"Print Kalender\",\"item\":\"https:\/\/zbsa.eu\/category\/kalenderblatt\/\"},{\"@type\":\"ListItem\",\"position\":3,\"name\":\"Kalenderbl\u00e4tter 2021\",\"item\":\"https:\/\/zbsa.eu\/category\/kalenderblatt\/kalenderblaetter-2021\/\"},{\"@type\":\"ListItem\",\"position\":4,\"name\":\"September 2021\"}]},{\"@type\":\"WebSite\",\"@id\":\"https:\/\/zbsa.eu\/#website\",\"url\":\"https:\/\/zbsa.eu\/\",\"name\":\"Zentrum f\u00fcr Baltische und Skandinavische Arch\u00e4ologie (ZBSA) \u2014 Zentrum f\u00fcr Baltische und Skandinavische Arch\u00e4ologie\",\"description\":\"\",\"potentialAction\":[{\"@type\":\"SearchAction\",\"target\":{\"@type\":\"EntryPoint\",\"urlTemplate\":\"https:\/\/zbsa.eu\/?s={search_term_string}\"},\"query-input\":{\"@type\":\"PropertyValueSpecification\",\"valueRequired\":true,\"valueName\":\"search_term_string\"}}],\"inLanguage\":\"en-GB\"},{\"@type\":\"Person\",\"@id\":\"https:\/\/zbsa.eu\/#\/schema\/person\/b980623b66a6ffb097697286521920c5\",\"name\":\"Matthias Bolte\",\"image\":{\"@type\":\"ImageObject\",\"inLanguage\":\"en-GB\",\"@id\":\"https:\/\/zbsa.eu\/#\/schema\/person\/image\/\",\"url\":\"https:\/\/secure.gravatar.com\/avatar\/1f3bc1bfe4b641855cb944e558d4f3de1b57120f6dfe8f4368ebfe0384a5acab?s=96&d=mm&r=g\",\"contentUrl\":\"https:\/\/secure.gravatar.com\/avatar\/1f3bc1bfe4b641855cb944e558d4f3de1b57120f6dfe8f4368ebfe0384a5acab?s=96&d=mm&r=g\",\"caption\":\"Matthias Bolte\"},\"url\":\"https:\/\/zbsa.eu\/en\/author\/matthias-bolte\/\"}]}<\/script>\n<!-- \/ Yoast SEO plugin. -->","yoast_head_json":{"title":"September 2021 - Zentrum f\u00fcr Baltische und Skandinavische Arch\u00e4ologie (ZBSA) \u2014 Zentrum f\u00fcr Baltische und Skandinavische Arch\u00e4ologie","robots":{"index":"index","follow":"follow","max-snippet":"max-snippet:-1","max-image-preview":"max-image-preview:large","max-video-preview":"max-video-preview:-1"},"canonical":"https:\/\/zbsa.eu\/en\/september-2021\/","og_locale":"en_GB","og_type":"article","og_title":"September 2021 - Zentrum f\u00fcr Baltische und Skandinavische Arch\u00e4ologie (ZBSA) \u2014 Zentrum f\u00fcr Baltische und Skandinavische Arch\u00e4ologie","og_description":"Transitions of Specialized Foragers Dr. Daniel Gro\u00df, Dr. Harald L\u00fcbke, Dr. Ulrich Schm\u00f6lcke Im Jahr 2020 endete die erste Projektphase des Sonderforschungsbereichs 1266: \u00bbTransformations-Dimensionen \u2013 Mensch-Umwelt Wechselwirkungen in Pr\u00e4historischen und Archaischen Gesellschaften\u00ab, sodass der Anfang des Jahres besonders im Zeichen der Verteidigung und Fortsetzung des Projektes stand. Die Evaluierung ergab, dass das Subprojekt \u00bbTransitions of Specialized Foragers\u00ab sehr gute Arbeit geleistet h\u00e4tte und auch in der zweiten Projektphase fortgesetzt werden soll. Trotz der pandemiebedingten Einschr\u00e4nkungen war es durch ein eigens entwickeltes Hygienekonzept m\u00f6glich, im Sommer und Herbst die Feldarbeiten auf Duvensee WP 10 fortzuf\u00fchren. In der sechsw\u00f6chigen Kampagne konnten weitere Bereiche des Fundplatzes untersucht und der Anschluss an die 2019 erfasste Uferzone gefunden werden. Neben einer Feuerstelle wurde zudem eine Knochenspitze gefunden, die jedoch schon so stark zersetzt war, dass eine eindeutige Typzuweisung nicht m\u00f6glich gewesen ist. Ein Gro\u00dfteil des Jahres wurde mit der Vorbereitung und dem Schreiben von Publikationen verbracht. So erschien das Buch \u00bbWorking at the Sharp End: From bone and antler to Early Mesolithic Life in Northern Europe\u00ab und weitere Publikationen aus dem Projekt, die sich unter anderem mit den geophysikalischen Untersuchungen in Duvensee und Landschaftsrekon-struktionen in Friesack besch\u00e4ftigen wie auch der Nachweisbarkeit von Auerochsen in arch\u00e4ologischen Fundinventaren. Obligatorisch war die Teilnahme an der j\u00e4hrlich stattfindenden European Association of Archae-ologists Tagung in Budapest, die jedoch ausschlie\u00dflich digital stattgefunden hat, ebenso wie die nur alle f\u00fcnf Jahre abgehaltene Tagung zum Mesolithikum in Europa.","og_url":"https:\/\/zbsa.eu\/en\/september-2021\/","og_site_name":"Zentrum f\u00fcr Baltische und Skandinavische Arch\u00e4ologie (ZBSA) \u2014 Zentrum f\u00fcr Baltische und Skandinavische Arch\u00e4ologie","article_published_time":"2021-09-06T05:38:56+00:00","article_modified_time":"2021-11-15T08:56:15+00:00","og_image":[{"url":"https:\/\/zbsa.eu\/wp-content\/uploads\/2021\/09\/befundsituation_duvensee-300x200.jpg","type":"","width":"","height":""}],"author":"Matthias Bolte","twitter_card":"summary_large_image","twitter_misc":{"Written by":"Matthias Bolte","Estimated reading time":"3 minutes"},"schema":{"@context":"https:\/\/schema.org","@graph":[{"@type":"WebPage","@id":"https:\/\/zbsa.eu\/september-2021\/","url":"https:\/\/zbsa.eu\/september-2021\/","name":"September 2021 - Zentrum f\u00fcr Baltische und Skandinavische Arch\u00e4ologie (ZBSA) \u2014 Zentrum f\u00fcr Baltische und Skandinavische Arch\u00e4ologie","isPartOf":{"@id":"https:\/\/zbsa.eu\/#website"},"primaryImageOfPage":{"@id":"https:\/\/zbsa.eu\/september-2021\/#primaryimage"},"image":{"@id":"https:\/\/zbsa.eu\/september-2021\/#primaryimage"},"thumbnailUrl":"https:\/\/zbsa.eu\/wp-content\/uploads\/2021\/09\/befundsituation_duvensee-300x200.jpg","datePublished":"2021-09-06T05:38:56+00:00","dateModified":"2021-11-15T08:56:15+00:00","author":{"@id":"https:\/\/zbsa.eu\/#\/schema\/person\/b980623b66a6ffb097697286521920c5"},"breadcrumb":{"@id":"https:\/\/zbsa.eu\/september-2021\/#breadcrumb"},"inLanguage":"en-GB","potentialAction":[{"@type":"ReadAction","target":["https:\/\/zbsa.eu\/september-2021\/"]}]},{"@type":"ImageObject","inLanguage":"en-GB","@id":"https:\/\/zbsa.eu\/september-2021\/#primaryimage","url":"https:\/\/zbsa.eu\/wp-content\/uploads\/2021\/09\/befundsituation_duvensee-300x200.jpg","contentUrl":"https:\/\/zbsa.eu\/wp-content\/uploads\/2021\/09\/befundsituation_duvensee-300x200.jpg"},{"@type":"BreadcrumbList","@id":"https:\/\/zbsa.eu\/september-2021\/#breadcrumb","itemListElement":[{"@type":"ListItem","position":1,"name":"Startseite","item":"https:\/\/zbsa.eu\/"},{"@type":"ListItem","position":2,"name":"Print Kalender","item":"https:\/\/zbsa.eu\/category\/kalenderblatt\/"},{"@type":"ListItem","position":3,"name":"Kalenderbl\u00e4tter 2021","item":"https:\/\/zbsa.eu\/category\/kalenderblatt\/kalenderblaetter-2021\/"},{"@type":"ListItem","position":4,"name":"September 2021"}]},{"@type":"WebSite","@id":"https:\/\/zbsa.eu\/#website","url":"https:\/\/zbsa.eu\/","name":"Zentrum f\u00fcr Baltische und Skandinavische Arch\u00e4ologie (ZBSA) \u2014 Zentrum f\u00fcr Baltische und Skandinavische Arch\u00e4ologie","description":"","potentialAction":[{"@type":"SearchAction","target":{"@type":"EntryPoint","urlTemplate":"https:\/\/zbsa.eu\/?s={search_term_string}"},"query-input":{"@type":"PropertyValueSpecification","valueRequired":true,"valueName":"search_term_string"}}],"inLanguage":"en-GB"},{"@type":"Person","@id":"https:\/\/zbsa.eu\/#\/schema\/person\/b980623b66a6ffb097697286521920c5","name":"Matthias Bolte","image":{"@type":"ImageObject","inLanguage":"en-GB","@id":"https:\/\/zbsa.eu\/#\/schema\/person\/image\/","url":"https:\/\/secure.gravatar.com\/avatar\/1f3bc1bfe4b641855cb944e558d4f3de1b57120f6dfe8f4368ebfe0384a5acab?s=96&d=mm&r=g","contentUrl":"https:\/\/secure.gravatar.com\/avatar\/1f3bc1bfe4b641855cb944e558d4f3de1b57120f6dfe8f4368ebfe0384a5acab?s=96&d=mm&r=g","caption":"Matthias Bolte"},"url":"https:\/\/zbsa.eu\/en\/author\/matthias-bolte\/"}]}},"featured_image_src":" ","featured_image_src_square":" ","author_info":{"display_name":"Matthias Bolte","author_link":"https:\/\/zbsa.eu\/en\/author\/matthias-bolte\/"},"category_info":"<a href=\"https:\/\/zbsa.eu\/en\/category\/kalenderblatt\/kalenderblaetter-2021\/\" rel=\"category tag\">Kalenderbl\u00e4tter 2021<\/a>,<a href=\"https:\/\/zbsa.eu\/en\/category\/kalenderblatt\/\" rel=\"category tag\">Print Kalender<\/a>","tags_info":"","social_share_info":"<a data-share=\"facebook\" href=\"https:\/\/www.facebook.com\/sharer.php?u=https:\/\/zbsa.eu\/en\/september-2021\/\" class=\"pl-facebook-share social-share-default pl-social-share\" target=\"_blank\"><i class=\"fab fa-facebook-f\" aria-hidden=\"true\"><\/i><\/a><a data-share=\"twitter\" href=\"https:\/\/twitter.com\/share?url=https:\/\/zbsa.eu\/en\/september-2021\/\" class=\"pl-twiiter-share social-share-default pl-social-share\" target=\"_blank\"><i class=\"fab fa-twitter\" aria-hidden=\"true\"><\/i><\/a><a data-share=\"linkedin\" href=\"https:\/\/www.linkedin.com\/shareArticle?url=https:\/\/zbsa.eu\/en\/september-2021\/\" class=\"pl-linkedin-share social-share-default pl-social-share\" target=\"_blank\"><i class=\"fab fa-linkedin-in\" aria-hidden=\"true\"><\/i><\/a>","wordExcerpt_info":"<\/p>\n<p><!-- wp:heading -->\n<\/p>\n<h2>Transitions of Specialized Foragers<\/h2>\n<p>\n<!-- \/wp:heading --><\/p>\n<\/p>\n<p><!-- wp:paragraph -->\n<\/p>\n<p><strong>Dr. Daniel Gro\u00df, Dr. Harald L\u00fcbke, Dr. Ulrich Schm\u00f6lcke<\/strong><\/p>\n<p>\n<!-- \/wp:paragraph --><\/p>\n<\/p>\n<p><!-- wp:paragraph -->\n<\/p>\n<p>Im Jahr 2020 endete die erste Projektphase des Sonderforschungsbereichs 1266: \u00bbTransformations-Dimensionen \u2013 Mensch-Umwelt Wechselwirkungen in Pr\u00e4historischen und Archaischen Gesellschaften\u00ab, sodass der Anfang des Jahres besonders im Zeichen der Verteidigung und Fortsetzung des Projektes stand. Die Evaluierung ergab, dass das Subprojekt \u00bbTransitions of Specialized Foragers\u00ab sehr gute Arbeit geleistet h\u00e4tte und auch in der zweiten Projektphase fortgesetzt werden soll.<\/p>\n<p>\n<!-- \/wp:paragraph --><\/p>\n<\/p>\n<p><!-- wp:image {\"align\":\"left\",\"id\":7439,\"sizeSlug\":\"medium\",\"linkDestination\":\"media\"} -->\n<\/p>\n<figure><figcaption><\/figcaption>[caption id=\"attachment_7439\" align=\"alignleft\" width=\"300\"]<a href=\"https:\/\/zbsa.eu\/wp-content\/uploads\/2021\/09\/befundsituation_duvensee.jpg\"><img src=\"https:\/\/zbsa.eu\/wp-content\/uploads\/2021\/09\/befundsituation_duvensee-300x200.jpg\" alt=\"Befundsituation in Duvensee: Auswaschungen aus der R\u00f6ststelle am Ufer (Foto: D. Gro\u00df, ZBSA).\" width=\"300\" height=\"200\" \/><\/a> Befundsituation in Duvensee: Auswaschungen aus der R\u00f6ststelle am Ufer (Foto: D. Gro\u00df, ZBSA).[\/caption]In der nun laufenden zweiten Phase wird sich das Projekt auf weitere Fokusregionen konzentrieren, um von einer lokal\/regionalen Perspektive in eine globalere Analyse von Transformationsprozessen im Mesolithikum \u00fcberzugehen. Einer der wesentlichsten Aspekte dieser Phase ist die Erforschung von Interaktion zwischen Gruppen, um ideologische und sozio-kulturelle Ver\u00e4nderungen anhand der materiellen Kultur zu identifizieren. Ein Kernpunkt hierbei ist das Erkennen von Interaktionsmustern. Dies erfolgt durch die Integration weiterreichender Perspektiven als in der ersten Phase und der Erweiterung des Untersuchungsgebietes, um die Schl\u00fcsselfragen des Projektes zu beantworten: Warum sind soziale Transformationen und Instabilit\u00e4ten aufgetreten und welche internen (sozialen) und externen (\u00f6kologischen) Faktoren spielten hierbei eine Rolle? Inwiefern sind Transformationen in nordeurop\u00e4ischen J\u00e4ger-Sammler-Gesellschaften mit klimatischen und \u00f6kologischen Events verbunden? Welche Faktoren, Trigger und Ursachen f\u00fchrten zu Ver\u00e4nderungen des sozio-\u00f6konomischen Verhaltens dieser Gesellschaften und wie haben diese auf solche Einfl\u00fcsse reagiert? Was war die Skala, auf der sich \u00c4nderungen im Verhalten abgespielt haben? Waren sie pl\u00f6tzlich oder graduell, Krise oder Transformation?<\/figure>\n<p>\n<!-- \/wp:image --><\/p>\n<\/p>\n<p><!-- wp:paragraph -->\n<\/p>\n<p>\n<!-- \/wp:paragraph --><\/p>\n<\/p>\n<p><!-- wp:paragraph -->\n<\/p>\n<p>Trotz der pandemiebedingten Einschr\u00e4nkungen war es durch ein eigens entwickeltes Hygienekonzept m\u00f6glich, im Sommer und Herbst die Feldarbeiten auf Duvensee WP 10 fortzuf\u00fchren. In der sechsw\u00f6chigen Kampagne konnten weitere Bereiche des Fundplatzes untersucht und der Anschluss an die 2019 erfasste Uferzone gefunden werden. Neben einer Feuerstelle wurde zudem eine Knochenspitze gefunden, die jedoch schon so stark zersetzt war, dass eine eindeutige Typzuweisung nicht m\u00f6glich gewesen ist. Ein Gro\u00dfteil des Jahres wurde mit der Vorbereitung und dem Schreiben von Publikationen verbracht. So erschien das Buch \u00bbWorking at the Sharp End: From bone and antler to Early Mesolithic Life in Northern Europe\u00ab und weitere Publikationen aus dem Projekt, die sich unter anderem mit den geophysikalischen Untersuchungen in Duvensee und Landschaftsrekon-struktionen in Friesack besch\u00e4ftigen wie auch der Nachweisbarkeit von Auerochsen in arch\u00e4ologischen Fundinventaren.<\/p>\n<p>Obligatorisch war die Teilnahme an der j\u00e4hrlich stattfindenden European Association of Archae-ologists Tagung in Budapest, die jedoch ausschlie\u00dflich digital stattgefunden hat, ebenso wie die nur alle f\u00fcnf Jahre abgehaltene Tagung zum Mesolithikum in Europa.<\/p>\n[caption id=\"attachment_7449\" align=\"aligncenter\" width=\"1230\"]<a href=\"https:\/\/zbsa.eu\/wp-content\/uploads\/2021\/09\/knochenspitze_duvensee.jpg\"><img loading=\"lazy\" src=\"https:\/\/zbsa.eu\/wp-content\/uploads\/2021\/09\/knochenspitze_duvensee.jpg\" alt=\"Schlecht erhaltene Knochenspitze aus Duvensee WP 10 (Foto: C. Dannenberg, SSHLM).\" width=\"1230\" height=\"230\" \/><\/a> Schlecht erhaltene Knochenspitze aus Duvensee WP 10 (Foto: C. Dannenberg, SSHLM).[\/caption]\n<p>\n<!-- \/wp:paragraph --><\/p>\n","comment_info":"No Comments","acf":[],"_links":{"self":[{"href":"https:\/\/zbsa.eu\/en\/wp-json\/wp\/v2\/posts\/7436","targetHints":{"allow":["GET"]}}],"collection":[{"href":"https:\/\/zbsa.eu\/en\/wp-json\/wp\/v2\/posts"}],"about":[{"href":"https:\/\/zbsa.eu\/en\/wp-json\/wp\/v2\/types\/post"}],"author":[{"embeddable":true,"href":"https:\/\/zbsa.eu\/en\/wp-json\/wp\/v2\/users\/3"}],"replies":[{"embeddable":true,"href":"https:\/\/zbsa.eu\/en\/wp-json\/wp\/v2\/comments?post=7436"}],"version-history":[{"count":14,"href":"https:\/\/zbsa.eu\/en\/wp-json\/wp\/v2\/posts\/7436\/revisions"}],"predecessor-version":[{"id":7453,"href":"https:\/\/zbsa.eu\/en\/wp-json\/wp\/v2\/posts\/7436\/revisions\/7453"}],"wp:attachment":[{"href":"https:\/\/zbsa.eu\/en\/wp-json\/wp\/v2\/media?parent=7436"}],"wp:term":[{"taxonomy":"category","embeddable":true,"href":"https:\/\/zbsa.eu\/en\/wp-json\/wp\/v2\/categories?post=7436"},{"taxonomy":"post_tag","embeddable":true,"href":"https:\/\/zbsa.eu\/en\/wp-json\/wp\/v2\/tags?post=7436"}],"curies":[{"name":"wp","href":"https:\/\/api.w.org\/{rel}","templated":true}]}}