{"id":8834,"date":"2021-11-01T10:59:10","date_gmt":"2021-11-01T09:59:10","guid":{"rendered":"https:\/\/zbsa.eu\/?p=8834"},"modified":"2021-11-01T15:11:03","modified_gmt":"2021-11-01T14:11:03","slug":"jens-schneeweiss","status":"publish","type":"post","link":"https:\/\/zbsa.eu\/en\/jens-schneeweiss\/","title":{"rendered":"PD Dr. phil. Jens Schneewei\u00df"},"content":{"rendered":"<div data-elementor-type=\"wp-post\" data-elementor-id=\"8834\" class=\"elementor elementor-8834\" data-elementor-post-type=\"post\">\n\t\t\t\t\t\t<section data-particle_enable=\"false\" data-particle-mobile-disabled=\"false\" class=\"elementor-section elementor-top-section elementor-element elementor-element-6ee559c1 elementor-section-boxed elementor-section-height-default elementor-section-height-default\" data-id=\"6ee559c1\" data-element_type=\"section\">\n\t\t\t\t\t\t<div class=\"elementor-container elementor-column-gap-default\">\n\t\t\t\t\t<div class=\"elementor-column elementor-col-100 elementor-top-column elementor-element elementor-element-743d861f\" data-id=\"743d861f\" data-element_type=\"column\" data-settings=\"{&quot;animation&quot;:&quot;none&quot;}\">\n\t\t\t<div class=\"elementor-widget-wrap elementor-element-populated\">\n\t\t\t\t\t\t<div class=\"elementor-element elementor-element-7433dd86 elementor-widget elementor-widget-text-editor\" data-id=\"7433dd86\" data-element_type=\"widget\" data-widget_type=\"text-editor.default\">\n\t\t\t\t<div class=\"elementor-widget-container\">\n\t\t\t\t\t\t\t\t\t<p><a href=\"https:\/\/zbsa.eu\/wp-content\/uploads\/2021\/11\/j_schneeweiss.jpg\"><img fetchpriority=\"high\" decoding=\"async\" class=\"aligncenter wp-image-8840\" src=\"https:\/\/zbsa.eu\/wp-content\/uploads\/2021\/11\/j_schneeweiss.jpg\" alt=\"PD Dr. phil. Jens Schneewei\u00df\" width=\"370\" height=\"370\" srcset=\"https:\/\/zbsa.eu\/wp-content\/uploads\/2021\/11\/j_schneeweiss.jpg 500w, https:\/\/zbsa.eu\/wp-content\/uploads\/2021\/11\/j_schneeweiss-300x300.jpg 300w, https:\/\/zbsa.eu\/wp-content\/uploads\/2021\/11\/j_schneeweiss-150x150.jpg 150w, https:\/\/zbsa.eu\/wp-content\/uploads\/2021\/11\/j_schneeweiss-12x12.jpg 12w, https:\/\/zbsa.eu\/wp-content\/uploads\/2021\/11\/j_schneeweiss-75x75.jpg 75w\" sizes=\"(max-width: 370px) 100vw, 370px\" \/><\/a><\/p>\t\t\t\t\t\t\t\t<\/div>\n\t\t\t\t<\/div>\n\t\t\t\t\t<\/div>\n\t\t<\/div>\n\t\t\t\t\t<\/div>\n\t\t<\/section>\n\t\t\t\t<section data-particle_enable=\"false\" data-particle-mobile-disabled=\"false\" class=\"elementor-section elementor-top-section elementor-element elementor-element-358638aa elementor-section-boxed elementor-section-height-default elementor-section-height-default\" data-id=\"358638aa\" data-element_type=\"section\">\n\t\t\t\t\t\t<div class=\"elementor-container elementor-column-gap-default\">\n\t\t\t\t\t<div class=\"elementor-column elementor-col-100 elementor-top-column elementor-element elementor-element-467c4de7\" data-id=\"467c4de7\" data-element_type=\"column\">\n\t\t\t<div class=\"elementor-widget-wrap elementor-element-populated\">\n\t\t\t\t\t\t<div class=\"elementor-element elementor-element-545ccbd1 elementor-widget elementor-widget-text-editor\" data-id=\"545ccbd1\" data-element_type=\"widget\" data-widget_type=\"text-editor.default\">\n\t\t\t\t<div class=\"elementor-widget-container\">\n\t\t\t\t\t\t\t\t\t<p style=\"text-align: center;\">E-Mail: <a href=\"mailto:jens.schneeweiss@zbsa.eu\">jens.schneeweiss@zbsa.eu<\/a> \u2022 Telefon: +49\/(0)4621\/813 \u2013 483 \u2022 Fax: +49\/(0)4621\/813 \u2013 535<\/p>\t\t\t\t\t\t\t\t<\/div>\n\t\t\t\t<\/div>\n\t\t\t\t\t<\/div>\n\t\t<\/div>\n\t\t\t\t\t<\/div>\n\t\t<\/section>\n\t\t\t\t<section data-particle_enable=\"false\" data-particle-mobile-disabled=\"false\" class=\"elementor-section elementor-top-section elementor-element elementor-element-2144275b elementor-section-boxed elementor-section-height-default elementor-section-height-default\" data-id=\"2144275b\" data-element_type=\"section\">\n\t\t\t\t\t\t<div class=\"elementor-container elementor-column-gap-default\">\n\t\t\t\t\t<div class=\"elementor-column elementor-col-100 elementor-top-column elementor-element elementor-element-70113916\" data-id=\"70113916\" data-element_type=\"column\">\n\t\t\t<div class=\"elementor-widget-wrap elementor-element-populated\">\n\t\t\t\t\t\t<div class=\"elementor-element elementor-element-2b406e41 elementor-widget-divider--view-line elementor-widget elementor-widget-divider\" data-id=\"2b406e41\" data-element_type=\"widget\" data-widget_type=\"divider.default\">\n\t\t\t\t<div class=\"elementor-widget-container\">\n\t\t\t\t\t\t\t<div class=\"elementor-divider\">\n\t\t\t<span class=\"elementor-divider-separator\">\n\t\t\t\t\t\t<\/span>\n\t\t<\/div>\n\t\t\t\t\t\t<\/div>\n\t\t\t\t<\/div>\n\t\t\t\t\t<\/div>\n\t\t<\/div>\n\t\t\t\t\t<\/div>\n\t\t<\/section>\n\t\t\t\t<section data-particle_enable=\"false\" data-particle-mobile-disabled=\"false\" class=\"elementor-section elementor-top-section elementor-element elementor-element-2a7c8bc7 elementor-section-boxed elementor-section-height-default elementor-section-height-default\" data-id=\"2a7c8bc7\" data-element_type=\"section\">\n\t\t\t\t\t\t<div class=\"elementor-container elementor-column-gap-default\">\n\t\t\t\t\t<div class=\"elementor-column elementor-col-100 elementor-top-column elementor-element elementor-element-4bcc6643\" data-id=\"4bcc6643\" data-element_type=\"column\">\n\t\t\t<div class=\"elementor-widget-wrap elementor-element-populated\">\n\t\t\t\t\t\t<div class=\"elementor-element elementor-element-2bad9954 elementor-widget elementor-widget-text-editor\" data-id=\"2bad9954\" data-element_type=\"widget\" data-widget_type=\"text-editor.default\">\n\t\t\t\t<div class=\"elementor-widget-container\">\n\t\t\t\t\t\t\t\t\t<h5>Vita<\/h5><p>Geboren am 24.12.1969 in Berlin.<\/p><p>1990 bis 1993 Studium der Humanmedizin in Berlin und St. Petersburg.<\/p><p>1993 bis 2000 Studium der der Ur- und Fr\u00fchgeschichte, Klassischen Arch\u00e4ologie, Europ\u00e4ischen Ethnologie und Geologie an der Humboldt-Universit\u00e4t zu Berlin und an der Technischen Universit\u00e4t Berlin. Magister Artium zum Thema: &#8222;Der Werder zwischen Altentreptow-Friedland-Neubrandenburg vom 6. Jh. v. Chr. bis zum 13. Jh. n. Chr.\u201c (Betreuer: Achim Leube, Eike Gringmuth-Dallmer).<\/p><p>2000 bis 2004 wissenschaftlicher Mitarbeiter an der Eurasien-Abteilung und dem Skythenreferat des Deutschen Arch\u00e4ologischen Instituts in Berlin.<\/p><p>2004 Promotion zum Thema &#8222;Die Siedlung \u010ci\u010da in der westsibirischen Waldsteppe. Untersuchungen zur Keramik, Chronologie und kulturellen Stellung in der Sp\u00e4tbronzezeit und der \u00dcbergangsperiode zur fr\u00fchen Eisenzeit&#8220; an der Humboldt-Universit\u00e4t zu Berlin (Betreuer: Johan Callmer, Hermann Parzinger).<\/p><p>2005 bis 2010 wissenschaftlicher Mitarbeiter an der Universit\u00e4t G\u00f6ttingen im DFG-Projekt \u201eSlawen an der unteren Mittelelbe\u201c.<\/p><p>Von Mai bis Oktober 2010 Forschungsstipendiat des DAAD und der MSH am Centre de recherches arch\u00e9ologiques et historiques anciennes et m\u00e9di\u00e9vales (Centre Michel de Bo\u00fcard) der Universit\u00e9 de Caen Basse-Normandie zum Thema: &#8222;Grenzen, R\u00e4ume und Kulturtransfer zwischen Normandie und Novgorod zur Wikingerzeit&#8220;.<\/p><p>2010 bis 2014 wissenschaftlicher Mitarbeiter und Kustos der Lehrsammlung des Seminars f\u00fcr Ur- und Fr\u00fchgeschichte der Universit\u00e4t G\u00f6ttingen.<\/p><p>Zwischen 2015 und 2017 (insgesamt 18 Monate) Feodor Lynen Forschungsstipendiat der Alexander von Humbodt-Stiftung am Institut f\u00fcr die Geschichte der Materiellen Kultur der Russischen Akademie der Wissenschaften St. Petersburg zum Thema: &#8222;Siedlungs- und Landschaftsarch\u00e4ologie in der osteurop\u00e4ischen Waldzone im 1. Jahrtausend n. Chr.&#8220;.<\/p><p>November 2017 bis Oktober 2018 wissenschaftlicher Mitarbeiter am Leibniz-Institut f\u00fcr Geschichte und Kultur des \u00f6stlichen Europa (GWZO) in Leipzig.<\/p><p>Seit Oktober 2019 wissenschaftlicher Mitarbeiter im Exzellenzcluster ROOTS an der CAU Kiel und am ZBSA in Schleswig.<\/p><p>2019 Habilitation an der Philosophischen Fakult\u00e4t der Georg-August-Universit\u00e4t G\u00f6ttingen. Thema der Habilitationsschrift: &#8222;Zwischen den Welten. Arch\u00e4ologie einer europ\u00e4ischen Grenzregion zwischen Sachsen, Slawen, Franken und D\u00e4nen&#8220;. Venia legendi f\u00fcr das Fach Ur- und Fr\u00fchgeschichte.<\/p>\t\t\t\t\t\t\t\t<\/div>\n\t\t\t\t<\/div>\n\t\t\t\t<div class=\"elementor-element elementor-element-66d95b5d elementor-widget elementor-widget-text-editor\" data-id=\"66d95b5d\" data-element_type=\"widget\" data-widget_type=\"text-editor.default\">\n\t\t\t\t<div class=\"elementor-widget-container\">\n\t\t\t\t\t\t\t\t\t<h5>Arbeitsschwerpunkte<\/h5><ul><li>Arch\u00e4ologie der Wikingerzeit und des slawischen Mittelalters im n\u00f6rdlichen Europa<\/li><li>Burgwallforschung im \u00f6stlichen Ostseeraum<\/li><li>Die osteurop\u00e4ische Waldzone in Eisenzeit und Fr\u00fchmittelalter (Siedlungs-, Wirtschafts- und Landschaftsgeschichte)<\/li><li>Bronze- und Eisenzeit Sibiriens und Innerasiens<\/li><\/ul>\t\t\t\t\t\t\t\t<\/div>\n\t\t\t\t<\/div>\n\t\t\t\t<div class=\"elementor-element elementor-element-69a4ece5 elementor-widget elementor-widget-text-editor\" data-id=\"69a4ece5\" data-element_type=\"widget\" data-widget_type=\"text-editor.default\">\n\t\t\t\t<div class=\"elementor-widget-container\">\n\t\t\t\t\t\t\t\t\t<h5>Weitere Forschungsfelder und -interessen<\/h5><ul><li>Siedlungs- und Landschaftsarch\u00e4ologie (Methodik)<\/li><li>Subsistenzwirtschaft und Abfallmanagement vorindustrieller Gesellschaften<\/li><li>Vorgewerbliche Siedlungskeramik: Produktion, Gebrauchsanalyse, Funktionsebenen<\/li><li>Genese von Anthrosolen \/ Kulturschichten, arch\u00e4ologische Taphonomie<\/li><li>Soziale Funktion von Mobilit\u00e4t, Identit\u00e4tsforschung<\/li><li>\u201eZeitgeist\u201c und Kulturtransfer<\/li><li>Physikalische und statistische Datierungsmethoden<\/li><\/ul>\t\t\t\t\t\t\t\t<\/div>\n\t\t\t\t<\/div>\n\t\t\t\t\t<\/div>\n\t\t<\/div>\n\t\t\t\t\t<\/div>\n\t\t<\/section>\n\t\t\t\t<section data-particle_enable=\"false\" data-particle-mobile-disabled=\"false\" class=\"elementor-section elementor-top-section elementor-element elementor-element-870d719 elementor-section-boxed elementor-section-height-default elementor-section-height-default\" data-id=\"870d719\" data-element_type=\"section\">\n\t\t\t\t\t\t<div class=\"elementor-container elementor-column-gap-default\">\n\t\t\t\t\t<div class=\"elementor-column elementor-col-100 elementor-top-column elementor-element elementor-element-3ba4a95\" data-id=\"3ba4a95\" data-element_type=\"column\">\n\t\t\t<div class=\"elementor-widget-wrap elementor-element-populated\">\n\t\t\t\t\t\t<div class=\"elementor-element elementor-element-6f8576a elementor-widget elementor-widget-text-editor\" data-id=\"6f8576a\" data-element_type=\"widget\" data-widget_type=\"text-editor.default\">\n\t\t\t\t<div class=\"elementor-widget-container\">\n\t\t\t\t\t\t\t\t\t<h5>Publikationen (Auswahl)<\/h5>\t\t\t\t\t\t\t\t<\/div>\n\t\t\t\t<\/div>\n\t\t\t\t\t<\/div>\n\t\t<\/div>\n\t\t\t\t\t<\/div>\n\t\t<\/section>\n\t\t\t\t<section data-particle_enable=\"false\" data-particle-mobile-disabled=\"false\" class=\"elementor-section elementor-top-section elementor-element elementor-element-aeb8276 elementor-section-boxed elementor-section-height-default elementor-section-height-default\" data-id=\"aeb8276\" data-element_type=\"section\">\n\t\t\t\t\t\t<div class=\"elementor-container elementor-column-gap-default\">\n\t\t\t\t\t<div class=\"elementor-column elementor-col-100 elementor-top-column elementor-element elementor-element-738a417\" data-id=\"738a417\" data-element_type=\"column\">\n\t\t\t<div class=\"elementor-widget-wrap elementor-element-populated\">\n\t\t\t\t\t\t<div class=\"elementor-element elementor-element-68103e6 elementor-widget elementor-widget-toggle\" data-id=\"68103e6\" data-element_type=\"widget\" data-widget_type=\"toggle.default\">\n\t\t\t\t<div class=\"elementor-widget-container\">\n\t\t\t\t\t\t\t<div class=\"elementor-toggle\">\n\t\t\t\t\t\t\t<div class=\"elementor-toggle-item\">\n\t\t\t\t\t<div id=\"elementor-tab-title-1091\" class=\"elementor-tab-title\" data-tab=\"1\" role=\"button\" aria-controls=\"elementor-tab-content-1091\" aria-expanded=\"false\">\n\t\t\t\t\t\t\t\t\t\t\t\t<span class=\"elementor-toggle-icon elementor-toggle-icon-left\" aria-hidden=\"true\">\n\t\t\t\t\t\t\t\t\t\t\t\t\t\t\t<span class=\"elementor-toggle-icon-closed\"><i class=\"fas fa-caret-right\"><\/i><\/span>\n\t\t\t\t\t\t\t\t<span class=\"elementor-toggle-icon-opened\"><i class=\"elementor-toggle-icon-opened fas fa-caret-up\"><\/i><\/span>\n\t\t\t\t\t\t\t\t\t\t\t\t\t<\/span>\n\t\t\t\t\t\t\t\t\t\t\t\t<a class=\"elementor-toggle-title\" tabindex=\"0\">Monographien\/B\u00fccher<\/a>\n\t\t\t\t\t<\/div>\n\n\t\t\t\t\t<div id=\"elementor-tab-content-1091\" class=\"elementor-tab-content elementor-clearfix\" data-tab=\"1\" role=\"region\" aria-labelledby=\"elementor-tab-title-1091\"><ul><li>Zwischen den Welten. Arch\u00e4ologie einer europ\u00e4ischen Grenzregion zwischen Sachsen, Slawen, Franken und D\u00e4nen. G\u00f6ttinger Schriften zur Vor- und Fr\u00fchgeschichte 36. Wachholtz-Verlag (Kiel\/Hamburg 2020)<\/li><li>Arch\u00e4ologische Streiflichter vom H\u00f6hbeck zum 1200. Jahrestag seiner Ersterw\u00e4hnung. Von den Anf\u00e4ngen bis ins Mittelalter (L\u00fcneburg 2010).<br \/>\u2022\u00a0\u00a0\u00a0 Die Siedlung \u010ci\u010da in der westsibirischen Waldsteppe I. Untersuchungen zur Keramik, Chronologie und kulturellen Stellung in der Sp\u00e4tbronzezeit und der \u00dcbergangsperiode zur fr\u00fchen Eisenzeit. Arch\u00e4ologie in Eurasien 22 (Mainz 2007).<br \/>\u2022\u00a0\u00a0\u00a0 Der Werder zwischen Altentreptow-Friedland-Neubrandenburg vom 6. Jh. vor bis zum 13. Jh. n. Chr. Siedlungsarch\u00e4ologische Untersuchungen einer Kleinlandschaft in Nordostdeutschland (= Universit\u00e4tsforschungen zur Pr\u00e4historischen Arch\u00e4ologie 102), (Bonn 2003).<\/li><\/ul><p><strong>mit Autorenkollektiv<\/strong><\/p><ul><li>mit V.I. Molodin, H. Parzinger u. a., \u010ci\u010da \u2013 eine befestigte Ansiedlung der \u00dcbergangsperiode von der Sp\u00e4tbronze- zur Fr\u00fcheisenzeit in der Barabinsker Waldsteppe. Teil 1 (Novosibirsk 2001). Teil 2 (Novosibirsk-Berlin 2004). Teil 3 (Novosibirsk-Berlin 2009).<\/li><\/ul><p><strong>Herausgeberschaft<\/strong><\/p><ul><li>mit I. Heske und H.-J. N\u00fcsse, \u201eLandschaft, Besiedlung und Siedlung\u201c. Arch\u00e4ologische Studien im nordeurop\u00e4ischen Kontext. Festschrift f\u00fcr Karl-Heinz Willroth zu seinem 65. Geburtstag. G\u00f6ttinger Schriften zur Vor- und Fr\u00fchgeschichte 33 (Neum\u00fcnster-Hamburg 2013).<\/li><li>mit K.-H. Willroth, H.-J. Beug, F. L\u00fcth, F. Schopper, S. Messal, Slawen an der unteren Mittelelbe. Untersuchungen zur l\u00e4ndlichen Besiedlung, zum Burgenbau, zu Besiedlungsstrukturen und zum Landschaftswandel. Beitr\u00e4ge zum Kolloquium vom 7.-9. April 2010 in Frankfurt a. M. Fr\u00fchmittelalterliche Arch\u00e4ologie zwischen Ostsee und Mittelmeer 4 (Wiesbaden 2013).<\/li><li>mit K.-H. Willroth, Slawen an der Elbe. G\u00f6ttinger Forschungen zur Ur- und Fr\u00fchgeschichte 1 (G\u00f6ttingen 2011).<\/li><li>mit G.H. Jeute und C. Theune, aedificatio terrae. Beitr\u00e4ge zur Umwelt- und Siedlungsarch\u00e4ologie Mitteleuropas. Festschrift f\u00fcr Eike Gringmuth-Dallmer zum 65. Geburtstag, Studia honoraria 26 (Rahden \/ Westfalen 2007).<\/li><\/ul><p>\u00a0<\/p><\/div>\n\t\t\t\t<\/div>\n\t\t\t\t\t\t\t<div class=\"elementor-toggle-item\">\n\t\t\t\t\t<div id=\"elementor-tab-title-1092\" class=\"elementor-tab-title\" data-tab=\"2\" role=\"button\" aria-controls=\"elementor-tab-content-1092\" aria-expanded=\"false\">\n\t\t\t\t\t\t\t\t\t\t\t\t<span class=\"elementor-toggle-icon elementor-toggle-icon-left\" aria-hidden=\"true\">\n\t\t\t\t\t\t\t\t\t\t\t\t\t\t\t<span class=\"elementor-toggle-icon-closed\"><i class=\"fas fa-caret-right\"><\/i><\/span>\n\t\t\t\t\t\t\t\t<span class=\"elementor-toggle-icon-opened\"><i class=\"elementor-toggle-icon-opened fas fa-caret-up\"><\/i><\/span>\n\t\t\t\t\t\t\t\t\t\t\t\t\t<\/span>\n\t\t\t\t\t\t\t\t\t\t\t\t<a class=\"elementor-toggle-title\" tabindex=\"0\">Buchbeitr\u00e4ge<\/a>\n\t\t\t\t\t<\/div>\n\n\t\t\t\t\t<div id=\"elementor-tab-content-1092\" class=\"elementor-tab-content elementor-clearfix\" data-tab=\"2\" role=\"region\" aria-labelledby=\"elementor-tab-title-1092\"><ul><li>mit H. J\u00f6ns, E. Gringmuth-Dallmer, S. Messal, Die Slawen. Nachbarn m\u00e4chtiger Reiche. In: E. B\u00e1nffy, K. P. Hofmann, P. Rummel (Hrsg.), Spuren des Menschen. 800000 Jahre Geschichte in Europa (Stuttgart 2019) 342\u2013367.<\/li><li>Menschen im Sumpf. In: E. B\u00e1nffy, K. P. Hofmann, P. Rummel (Hrsg.), Spuren des Menschen. 800000 Jahre Geschichte in Europa (Stuttgart 2019) 344.<\/li><li>Wo lag Schezla? Ein vergessener Grenzort des fr\u00fchen 9. Jahrhunderts. In: B. Ludowici (Hrsg.), Saxones. Neue Studien zur Sachsenforschung 7 (Darmstadt 2019) 287\u2013289.<\/li><li>\u041a\u0430\u043a \u0438\u0441\u0442\u043e\u0440\u0438\u0447\u0435\u0441\u043a\u0438\u0435 \u0434\u0430\u0442\u044b \u043c\u043e\u0433\u0443\u0442 \u0432\u043b\u0438\u044f\u0442\u044c \u043d\u0430 \u0430\u0440\u0445\u0435\u043e\u043b\u043e\u0433\u0438\u0447\u0435\u0441\u043a\u043e\u0435 \u0438\u0441\u0441\u043b\u0435\u0434\u043e\u0432\u0430\u043d\u0438\u0435 (\u0442\u0440\u0438 \u043a\u043b\u044e\u0447\u0435\u0432\u044b\u0435 \u0434\u0430\u0442\u044b \u044d\u043f\u043e\u0445\u0438 \u0432\u0438\u043a\u0438\u043d\u0433\u043e\u0432: 793 \u0433., 862 \u0433. \u0438 929 \u0433.) \/ How historical dates can affect archaeological research (the Viking Age examples of 793 AD, 862 AD and 929 AD). In: M. T. Kashuba, E. Kaiser (Hrsg.), Principles and Methods of Dating in Archaeology (Neolithic \u2013 Middle Ages) (St. Petersburg 2018) 206\u2013232.<\/li><li>\u0420\u0430\u043d\u043d\u0435\u0441\u0440\u0435\u0434\u043d\u0435\u0432\u0435\u043a\u043e\u0432\u044b\u0435 \u0433\u043e\u0440\u043e\u0434\u0438\u0449\u0430 \u0441\u0435\u0432\u0435\u0440\u043d\u043e\u0439 \u0413\u0435\u0440\u043c\u0430\u043d\u0438\u0438 [Early medieval strongholds in Northern Germany]. In: \u041d.\u0418. \u041f\u043b\u0430\u0442\u043e\u043d\u043e\u0432\u0430 (Hrsg.), \u00c9lite ou \u00c9galit\u00e9\u2026 \u0421\u0435\u0432\u0435\u0440\u043d\u0430\u044f \u0420\u0443\u0441\u044c \u0438 \u043a\u0443\u043b\u044c\u0442\u0443\u0440\u043d\u044b\u0435 \u0442\u0440\u0430\u043d\u0441\u0444\u043e\u0440\u043c\u0430\u0446\u0438\u0438 \u0432 \u0415\u0432\u0440\u043e\u043f\u0435 VII\u2013XII \u0432\u0432. [Northern Rus&#8216; and cultural transformations in Europe in the 600-1300 A.D.] (St. Petersburg 2017) 198-224.<\/li><li>\u041a \u0432\u043e\u043f\u0440\u043e\u0441\u0443 \u043e \u0432\u043b\u0438\u044f\u043d\u0438\u0438 \u0438\u0441\u0442\u043e\u0440\u0438\u0447\u0435\u0441\u043a\u0438\u0445 \u0434\u0430\u0442 \u043d\u0430 \u0430\u0440\u0445\u0435\u043e\u043b\u043e\u0433\u0438\u0447\u0435\u0441\u043a\u043e\u0435 \u0438\u0441\u0441\u043b\u0435\u0434\u043e\u0432\u0430\u043d\u0438\u0435 (\u0442\u0440\u0438 \u043a\u043b\u044e\u0447\u0435\u0432\u044b\u0435 \u0434\u0430\u0442\u044b \u044d\u043f\u043e\u0445\u0438 \u0432\u0438\u043a\u0438\u043d\u0433\u043e\u0432: 793 \u0433., 862 \u0433. \u0438 929 \u0433.) [How historical dates can affect archaeological research (three Viking Age examples: 793 A.D., 862 A.D. and 929 A.D.)]. In: \u041d.\u0418. \u041f\u043b\u0430\u0442\u043e\u043d\u043e\u0432\u0430 (Hrsg.), \u00c9lite ou \u00c9galit\u00e9\u2026 \u0421\u0435\u0432\u0435\u0440\u043d\u0430\u044f \u0420\u0443\u0441\u044c \u0438 \u043a\u0443\u043b\u044c\u0442\u0443\u0440\u043d\u044b\u0435 \u0442\u0440\u0430\u043d\u0441\u0444\u043e\u0440\u043c\u0430\u0446\u0438\u0438 \u0432 \u0415\u0432\u0440\u043e\u043f\u0435 VII\u2013XII \u0432\u0432. [Northern Rus&#8216; and cultural transformations in Europe in the 600-1300 A.D.] (St. Petersburg 2017) 40-68.<\/li><li>\u041a\u0435\u0440\u0430\u043c\u0438\u043a\u0430 \u043a\u0430\u043a \u0441\u0432\u0438\u0434\u0435\u0442\u0435\u043b\u044c\u0441\u0442\u0432\u043e \u0438\u0434\u0435\u043d\u0442\u0438\u0447\u043d\u043e\u0441\u0442\u0438 \u0438 \u043a\u0443\u043b\u044c\u0442\u0443\u0440\u043d\u043e\u0433\u043e \u0442\u0440\u0430\u043d\u0441\u0444\u0435\u0440\u0430? \u0421\u0430\u043a\u0441\u043e\u043d\u0441\u043a\u0430\u044f \u0438 \u0441\u043b\u0430\u0432\u044f\u043d\u0441\u043a\u0430\u044f \u043a\u0435\u0440\u0430\u043c\u0438\u043a\u0430 VIII\u2013X \u0432\u0432. \u0432 \u041d\u0438\u0436\u043d\u0435\u043c \u041f\u043e\u044d\u043b\u044c\u0431\u044c\u0435. [Keramik als Zeugnis von Identit\u00e4t und Kulturtransfer? Das Beispiel der s\u00e4chsischen und slawischen Keramik vom 8.-10. Jh. im unteren Elbgebiet] In: \u0415\u0432\u0440\u043e\u043f\u0430 \u043e\u0442 \u041b\u0430\u0442\u0435\u043d\u0430 \u0434\u043e \u0421\u0440\u0435\u0434\u043d\u0435\u0432\u0435\u043a\u043e\u0432\u044c\u044f. \u0412\u0430\u0440\u0432\u0430\u0440\u0441\u043a\u0438\u0439 \u043c\u0438\u0440 \u0438 \u0440\u043e\u0436\u0434\u0435\u043d\u0438\u0435 \u0441\u043b\u0430\u0432\u044f\u043d\u0441\u043a\u0438\u0445 \u043a\u0443\u043b\u044c\u0442\u0443\u0440. \u041a 60-\u043b\u0435\u0442\u0438\u044e \u0410.\u041c. \u041e\u0431\u043b\u043e\u043c\u0441\u043a\u043e\u0433\u043e. \u0420\u0430\u043d\u043d\u0435\u0441\u043b\u0430\u0432\u044f\u043d\u0441\u043a\u0438\u0439 \u043c\u0438\u0440 19 (\u041c\u043e\u0441\u043a\u0432\u0430 2017) 90-102.<\/li><li>Aus dem Nichts zur Weltmacht? Die l\u00e4ndliche Besiedlung der Waldzone Nordwestrusslands vor Beginn der Staatlichkeit. Geschichte und Perspektiven der Forschung. In: B. V. Eriksen, A. Abegg-Wigg, R. Bleile, U. Ickerodt (Hrsg.), Interaktion ohne Grenzen. Beispiele arch\u00e4ologischer Forschungen am Beginn des 21. Jahrhunderts. Festschrift f\u00fcr Claus von Carnap-Bornheim zum 60. Geburtstag (Schleswig 2017) 717-730.<\/li><li>Identit\u00e4t und Ethnizit\u00e4t im Fr\u00fchmittelalter. Zur Rolle der Arch\u00e4ologie in der aktuellen Diskussion. In: \u0413\u043e\u0440\u043e\u0434\u0430 \u0438 \u0432\u0435\u0441\u0438 \u0441\u0440\u0435\u0434\u043d\u0435\u0432\u0435\u043a\u043e\u0432\u043e\u0439 \u0420\u0443\u0441\u0438: \u0430\u0440\u0445\u0435\u043e\u043b\u043e\u0433\u0438\u044f, \u0438\u0441\u0442\u043e\u0440\u0438\u044f, \u043a\u0443\u043b\u044c\u0442\u0443\u0440\u0430 (\u041coskau 2015) 574-591.<\/li><li>Das Kastell hohbuoki und der Ort Schezla an der Elbe. In: R.-M. Weiss\/A. Klammt (Hrsg.), Mythos Hammaburg \u2013 Arch\u00e4ologische Entdeckungen zu den Anf\u00e4ngen Hamburgs. Ver\u00f6ffentlichung des Helms-Museums, Arch\u00e4ologisches Museum Hamburg, Stadtmuseum Harburg 107 (Hamburg 2014) 346\u2013356.<\/li><li>Zur Einf\u00fchrung: Slawische und s\u00e4chsische Burgen des 8. bis 10. Jahrhunderts \u2013 Typen, Konstruktionsweise, Funktion. In: R.-M. Weiss\/A. Klammt (Hrsg.), Mythos Hammaburg \u2013 Arch\u00e4ologische Entdeckungen zu den Anf\u00e4ngen Hamburgs. Ver\u00f6ffentlichung des Helms-Museums, Arch\u00e4ologisches Museum Hamburg, Stadtmuseum Harburg 107 (Hamburg 2014) 316-317.<\/li><li>\u041e\u0431 \u0438\u0437\u0443\u0447\u0435\u043d\u0438\u0438 \u043f\u043e\u0441\u0435\u043b\u0435\u043d\u0438\u0439 (\u0432\u0437\u0433\u043b\u044f\u0434 \u0438\u0437\u0434\u0430\u043b\u0435\u043a\u0430) [Zur Erforschung von Siedlungen (aus der Fernsicht)]. In: \u0410\u043b\u043a\u0435\u0441\u0430\u043d\u0434\u0440 \u0412\u0430\u0441\u0438\u043b\u044c\u0435\u0432\u0438\u0447 \u041c\u0430\u0442\u0432\u0435\u0435\u0432. \u0421\u0431\u043e\u0440\u043d\u0438\u043a \u043d\u0430\u0443\u0447\u043d\u044b\u0445 \u0442\u0440\u0443\u0434\u043e\u0432 \u0438 \u0432\u043e\u0441\u043f\u043e\u043c\u0438\u043d\u0430\u043d\u0438\u0439 \u043f\u043e\u0441\u0432\u044f\u0449\u0435\u043d \u043f\u0430\u043c\u044f\u0442\u0438 \u0410.\u0412. \u041c\u0430\u0442\u0432\u0435\u0435\u0432\u0430 (\u0422\u044e\u043c\u0435\u043d\u044c 2014) 128-140.<\/li><li>Hirschkult bei den Germanen? Die Deponierung von Hirschgeweih und Feuerbock aus Vietze an der Elbe. In: I. Heske, H.-J. N\u00fcsse, J. Schneewei\u00df (Hrsg.), \u201eLandschaft, Besiedlung und Siedlung\u201c. Arch\u00e4ologische Studien im nordeurop\u00e4ischen Kontext. Festschrift f\u00fcr Karl-Heinz Willroth zu seinem 65. Geburtstag. G\u00f6ttinger Schriften zur Vor- und Fr\u00fchgeschichte 33, Neum\u00fcnster-Hamburg 2013, 177-190.<\/li><li>In: K.-H. Willroth, H.-J. Beug, F. L\u00fcth, F. Schopper, S. Messal, J. Schneewei\u00df (Hrsg.), Slawen an der unteren Mittelelbe. Untersuchungen zur l\u00e4ndlichen Besiedlung, zum Burgenbau, zu Besiedlungsstrukturen und zum Landschaftswandel. Fr\u00fchmittelalterliche Arch\u00e4ologie zwischen Ostsee und Mittelmeer 4 (Wiesbaden 2013):<ul><li>mit H. J\u00f6ns, Fr\u00fche Slawen \u2013 Einwanderung, fr\u00fcheste Nachweise l\u00e4ndlicher Siedlungen. Einleitung und Diskussion, 35-38.<\/li><li>Fr\u00fche Slawen am H\u00f6hbeck, 53-60.<\/li><li>Slawenzeitliche Befestigungen am H\u00f6hbeck,79-90.<\/li><li>Raumnutzung und Siedlungsgef\u00fcge im Seegem\u00fcndungsgebiet, 117-124.<\/li><li>mit H. Kennecke, Schezla \u2013 Hohbuoki \u2013 Lenzen \u2013 Meetschow: Neues zur Ostgrenze des Fr\u00e4n-kischen Reiches, 159-164.<\/li><li>Handel und Handwerk in den slawischen Siedlungen am H\u00f6hbeck, 225-230.<\/li><\/ul><\/li><li>Sachsen, Franken, Slawen \u2013 zur Geschichte einer Grenzregion an der Elbe. Ein Vorbericht zu den Ausgrabungen des G\u00f6ttinger Seminars f\u00fcr Ur- und Fr\u00fchgeschichte am H\u00f6hbeck. In: K.-H. Willroth, J. Schneewei\u00df (Hrsg.), Slawen an der Elbe. G\u00f6ttinger Forschungen zur Ur- und Fr\u00fchgeschichte 1 (G\u00f6ttingen 2011) 57-102.<\/li><li>mit M. Posselt, Die geophysikalischen Prospektionen der Jahre 2005\/2006 am Burgwall von Meet-schow. In: K.-H. Willroth, J. Schneewei\u00df (Hrsg.), Slawen an der Elbe .G\u00f6ttinger Forschungen zur Ur- und Fr\u00fchgeschichte 1 (G\u00f6ttingen 2011) 103-120.<\/li><li>Eine Heiligenfibel aus Vietze-H\u00f6hbeck, Lkr. L\u00fcchow-Dannenberg, an der Ostgrenze des Fr\u00e4nkischen Reiches. In: C. Theune, F. Biermann, R. Struwe, G.H. Jeute (Hrsg.), Zwischen Fjorden und Steppe. Festschrift f\u00fcr Johan Callmer (= Internationale Arch\u00e4ologie, Studia honoraria 31), (Rahden\/Westfalen 2010) 251-262.<\/li><li>\u201eProtourbane\u201c Siedlungen an der Wende vom 2. zum 1. Jahrtausend v. Chr. in der westsibirischen Waldsteppenzone. In: B. Horejs, T. Kienlin (Hrsg.), Siedlung und Handwerk. Studien zu sozialen Kontexten in der Bronzezeit. Beitr\u00e4ge zu den Sitzungen der AG Bronzezeit 2007 und 2008. Universit\u00e4tsforschungen zur Pr\u00e4historischen Arch\u00e4ologie 194 (Bonn 2010) 157-171.<\/li><li>\u041a\u0443\u043b\u044c\u0442\u0443\u0440\u043d\u0430\u044f \u043e\u0431\u0441\u0442\u0430\u043d\u043e\u0432\u043a\u0430 \u043d\u0430 \u0440\u0443\u0431\u0435\u0436\u0435 II-I \u0442\u044b\u0441. \u0434\u043e \u043d.\u044d. \u0432 \u0437\u0430\u043f\u0430\u0434\u043d\u043e\u0441\u0438\u0431\u0438\u0440\u0441\u043a\u043e\u0439 \u043b\u0435\u0441\u043e\u0441\u0442\u0435\u043f\u0438 \u043d\u0430 \u043e\u0441\u043d\u043e\u0432\u0435 \u0430\u043d\u0430\u043b\u0438\u0437\u0430 \u043a\u0435\u0440\u0430\u043c\u0438\u0447\u0435\u0441\u043a\u043e\u0433\u043e \u043a\u043e\u043c\u043f\u043b\u0435\u043a\u0441\u0430 \u043f\u0430\u043c\u044f\u0442\u043d\u0438\u043a\u0430 \u0427\u0438\u0447\u0430-1 [Die kulturellen Verh\u00e4ltnisse an der Wende vom 2. zum 1. Jahrtausend n. Chr. in der westsibirischen Waldsteppe auf der Grundlage der Keramikanalyse von \u010ci\u010da 1]. In: \u042d\u0442\u043d\u043e\u043a\u0443\u043b\u044c\u0442\u0443\u0440\u043d\u044b\u0435 \u043f\u0440\u043e\u0446\u0435\u0441\u0441\u044b \u0432 \u0412\u0435\u0440\u0445\u043d\u0435\u043c \u041f\u0440\u0438\u043e\u0431\u044c\u0435 \u0438 \u0441\u043e\u043f\u0440\u0435\u0434\u0435\u043b\u044c\u043d\u044b\u0445 \u0440\u0435\u0433\u0438\u043e\u043d\u0430\u0445 \u0432 \u043a\u043e\u043d\u0446\u0435 \u044d\u043f\u043e\u0445\u0438 \u0431\u0440\u043e\u043d\u0437\u044b (\u0411\u0430\u0440\u043d\u0430\u0443\u043b 2008) 144-160.<\/li><li>Pflugspuren und optisch stimulierte Lumineszenz (OSL) \u2013 M\u00f6glichkeiten und Grenzen. In: G. H. Jeute, J. Schneewei\u00df, C. Theune (Hrsg.), aedificatio terrae. Beitr\u00e4ge zur Umwelt- und Siedlungsarch\u00e4ologie Mitteleuropas. Festschrift f\u00fcr E. Gringmuth-Dallmer (= Internationale Arch\u00e4ologie, Studia honoraria 26), (Rahden\/Westfalen 2007) 325-332.<\/li><li>Die Eisenverh\u00fcttung im westlichen Odergebiet. In: E. Gringmuth-Dallmer, L. Leciejewicz (Hrsg.), Forschungen zu Mensch und Umwelt im Odergebiet in ur- und fr\u00fchgeschichtlicher Zeit (= R\u00f6misch-Germanische Forschungen 60). (Mainz 2002) 363-369.<\/li><li>Die siedlungsarch\u00e4ologische Kartierung einer Mikroregion. Ein Beispiel f\u00fcr den Einsatz von GIS in der Arch\u00e4ologie. In: B. Biste, R. Hohls (Hrsg.), Fachinformation und EDV-Arbeitstechniken f\u00fcr Historiker. Einf\u00fchrung und Arbeitsbuch (= HSR-Suppl. 12), (K\u00f6ln 2000) 354-365.<\/li><li>Der Werder (Mecklenburg) und seine Besiedlung in fr\u00fchgeschichtlicher Zeit. In: K.-D. J\u00e4ger (Hrsg.), Neue Forschungen zur Siedlungsarch\u00e4ologie in Ostdeutschland (= Alteurop\u00e4ische Forschungen 4) (Weissbach 2000) 1-46.<\/li><\/ul><\/div>\n\t\t\t\t<\/div>\n\t\t\t\t\t\t\t<div class=\"elementor-toggle-item\">\n\t\t\t\t\t<div id=\"elementor-tab-title-1093\" class=\"elementor-tab-title\" data-tab=\"3\" role=\"button\" aria-controls=\"elementor-tab-content-1093\" aria-expanded=\"false\">\n\t\t\t\t\t\t\t\t\t\t\t\t<span class=\"elementor-toggle-icon elementor-toggle-icon-left\" aria-hidden=\"true\">\n\t\t\t\t\t\t\t\t\t\t\t\t\t\t\t<span class=\"elementor-toggle-icon-closed\"><i class=\"fas fa-caret-right\"><\/i><\/span>\n\t\t\t\t\t\t\t\t<span class=\"elementor-toggle-icon-opened\"><i class=\"elementor-toggle-icon-opened fas fa-caret-up\"><\/i><\/span>\n\t\t\t\t\t\t\t\t\t\t\t\t\t<\/span>\n\t\t\t\t\t\t\t\t\t\t\t\t<a class=\"elementor-toggle-title\" tabindex=\"0\">Originalarbeiten<\/a>\n\t\t\t\t\t<\/div>\n\n\t\t\t\t\t<div id=\"elementor-tab-content-1093\" class=\"elementor-tab-content elementor-clearfix\" data-tab=\"3\" role=\"region\" aria-labelledby=\"elementor-tab-title-1093\"><ul><li>mit W. Kirleis, M. Wieckowska-L\u00fcth, H. Piezonka, N. Nedomolkina, S. Lorenz, V. Elberfeld, The development of plant use and cultivation in the Sukhona Basin, north-west Russia. In: S. Vanhanen and P. Lageraas (eds.), Archaeobotanical studies of past plant cultivation in northern Europe (Barkhuis Publishing, Groningen 2020) 101-117.<\/li><li>mit A. Bartrow, Kirche von unten \u2013 Aktuelle Forschungsergebnisse zur Feldsteinkapelle von Vietze. Hannoversches Wendland 19, 2016\u20132019 (L\u00fcchow 2019) 143\u2013168.<\/li><li>\u201cLate Antique Little Ice Age\u201d \u0438 \u0440\u0430\u0441\u043f\u0440\u043e\u0441\u0442\u0440\u0430\u043d\u0435\u043d\u0438\u0435 \u0441\u043b\u0430\u0432\u044f\u043d \u0432 \u0442\u0440\u0435\u0442\u044c\u0435\u0439 \u0447\u0435\u0442\u0432\u0435\u0440\u0442\u0438 I \u0442\u044b\u0441. \u043d. \u044d., \u0423\u0440\u0430\u043b\u044c\u0441\u043a\u0438\u0439 \u0438\u0441\u0442\u043e\u0440\u0438\u0447\u0435\u0441\u043a\u0438\u0439 \u0432\u0435\u0441\u0442\u043d\u0438\u043a \u2116 4 (65), 2019, 52\u201363.<\/li><li>mit J. Sikora, P. Kittel u. a., A palaeoenvironmental reconstruction of the rampart construction of the medieval ring-fort in Rozprza, Central Poland, Archaeological and Anthropological Sciences 2019.<\/li><li>mit L. S. Shumilovskikh, V. Ye. Rodinkova u. a., Insights into the late Holocene vegetation history of the East European forest-steppe: case study Sudzha (Kursk region, Russia), Vegetation History and Archaeobotany 2019.<\/li><li>mit B. Gro\u00dfkopf, G. Bucher, A. Kronz, J. R. Ruppel, L. Shumilovskikh, N. Zornhagen, Alte Sammlungsobjekte \u2013 neue Erkenntnisse. Eine Teremok-Schatulle mit Mumienknochen, G\u00f6ttinger Jahrbuch 66, 2018, 149\u2013172.<\/li><li>mit F. Becker, V.I. Molodin, H. Parzinger, Z.V. Marchenko, S.V. Svyatko, Radiocarbon chronology of occupation of the site Chicha and Bayesian statistics for the assessment of a discontinuous transition from Late Bronze to Early Iron Age (West Siberia). Russian Geology and Geophysics 59, 2018, 635\u2013651.<\/li><li>mit J. Brandt, Ein neuer Blick auf die \u201eAlte Burg\u201c von Hollenstedt im Lichte aktueller Untersuchungen. Hammaburg N.F. 17, 2017, 71-145.<\/li><li>mit K. Struckmeyer, J. Brandt, S. Hesse, D. N\u00f6sler, Arch\u00e4ometrische Untersuchungen s\u00e4chsisch-slawischer Keramik im nord\u00f6stlichen Niedersachsen \u2013 erste Ergebnisse und Perspektiven. Arch\u00e4ologisches Korrespondenzblatt 46, 2016, 517-538.<\/li><li>mit F. Becker, Zur absoluten Chronologie der westsibirischen Sp\u00e4tbronze- und fr\u00fchen Eisenzeit. Die \u00dcberpr\u00fcfung der Besiedlungsphasen in \u010ci\u010da mit Bayes\u2019scher Statistik. Pr\u00e4historische Zeitschrift 91 (2), 2016, 431\u2013470.<\/li><li>\u0421\u043b\u0430\u0432\u044f\u043d\u0441\u043a\u0430\u044f \u0430\u0440\u0445\u0435\u043e\u043b\u043e\u0433\u0438\u044f \u0432 \u0413\u0435\u0440\u043c\u0430\u043d\u0438\u0438 \u043f\u043e\u0441\u043b\u0435 \u0412\u0442\u043e\u0440\u043e\u0439 \u043c\u0438\u0440\u043e\u0432\u043e\u0439 \u0432\u043e\u0439\u043d\u044b: \u043d\u0430\u0443\u0447\u043d\u0430\u044f \u043d\u0430\u043f\u0440\u0430\u0432\u043b\u0435\u043d\u043d\u043e\u0441\u0442\u044c \u0432\u0447\u0435\u0440\u0430 \u0438 \u0441\u0435\u0433\u043e\u0434\u043d\u044f [Die Arch\u00e4ologie der Slawen in Deutschland nach dem Zweiten Weltkrieg: Wissenschaftliche Ausrichtung gestern und heute]. \u041a\u0440\u0430\u0442\u043a\u0438\u0435 \u0441\u043e\u043e\u0431\u0449\u0435\u043d\u0438\u044f \u0418\u043d\u0441\u0442\u0438\u0442\u0443\u0442\u0430 \u0430\u0440\u0445\u0435\u043e\u043b\u043e\u0433\u0438\u0438 (\u041a\u0421\u0418\u0410) 240, 2015, 71-90.<\/li><li>mit K. Wiedner, M. Dippold, B. Glaser, Anthropogenic Dark Earth in Northern Germany \u2013 The Nordic Analogue to terra preta de \u00cdndio in Amazonia?, Catena Special Issue: Man versus Nature: natural and anthropogenic footprints recorded in soils. Catena 132 (2015), 114\u2013125.<\/li><li>mit N. Rjabogina, Die Wechselwirkungen zwischen naturr\u00e4umlichen Ver\u00e4nderungen und Kulturentwicklung in der westsibirischen Waldsteppenzone im 2. und 1. Jahrtausend v. Chr. In: O. Heinrich-Ta\u00acmaska\/M. Hardt\/L. R\u00e9v\u00e9sz\/W. Schenk (Hrsg.), Offene Landschaften. Siedlungsforschung 31, 2014, 63-93.<\/li><li>mit T. Schatz, The impact of landscape change on the significance of political centres along the lower Elbe River in the 10th century A.D, Quaternary International 324 (2014), 20-33.<\/li><li>Normannen, D\u00e4nen, Wikinger, War\u00e4ger. Eine vergleichende historisch-arch\u00e4ologische Betrachtung zwischen Normandie, unterer Elbregion und Novgorod zur Wikingerzeit. Zeitschrift f\u00fcr Arch\u00e4ologie des Mittelalters 40, 2012, 99-125.<\/li><li>Neues vom H\u00f6hbeck-Kastell. Nachrichten aus Niedersachsens Urgeschichte 81, 2012, 81-110.<\/li><li>Neue \u00dcberlegungen zur Lokalisierung von Schezla, Arch\u00e4ologische Berichte des Landkreises Rotenburg (W\u00fcmme) 16, 2010, 119-161.<\/li><li>mit K. Privat, N. Benecke, S. K. Vasil\u2019ev, T. O\u2019Connell, R. Hedges, O. Craig, Economy and diet at the Late Bronze Age \u2013 Iron Age site of \u010ci\u010da: Artefactual, archaeozoological and biochemical analyses, Eurasia Antiqua 11, 2005, 419-448.<\/li><li>mit V. I. Molodin, H. Parzinger u. a., Archaeological and Geophysical Investigations carried out by the joint Russian-German Expedition at the Bronze\/ Iron Age settlement of Chicha in the Baraba Steppe. Preliminary results. Archaeology, Ethnology &amp; Anthropology of Eurasia 3, 2001, 104-127.<\/li><li>mit V. I. Molodin, H. Parzinger u. a., \u010ci\u010da \u2013 eine befestigte Ansiedlung der \u00dcbergangsperiode von der Sp\u00e4tbronze- zur Fr\u00fcheisenzeit in der Barabinsker Waldsteppe. Vorbericht der Kampagnen 1999-2001. Eurasia Antiqua 8, 2002, 185-236.<\/li><li>\u201eKippelkahn\u201c und \u201eSeelenverk\u00e4ufer\u201c \u2013 Die Einb\u00e4ume des M\u00e4rkischen Museums zu Berlin. Jahrbuch 6 Stiftung Stadtmuseum Berlin 2000 (Berlin 2001) 128-156.<\/li><li>Die ur- und fr\u00fchgeschichtliche Eisenverh\u00fcttung und \u2013verarbeitung im westlichen Odergebiet. Ethnographisch-Arch\u00e4ologische Zeitschrift 37, 1996, 335-363.<\/li><\/ul><\/div>\n\t\t\t\t<\/div>\n\t\t\t\t\t\t\t<div class=\"elementor-toggle-item\">\n\t\t\t\t\t<div id=\"elementor-tab-title-1094\" class=\"elementor-tab-title\" data-tab=\"4\" role=\"button\" aria-controls=\"elementor-tab-content-1094\" aria-expanded=\"false\">\n\t\t\t\t\t\t\t\t\t\t\t\t<span class=\"elementor-toggle-icon elementor-toggle-icon-left\" aria-hidden=\"true\">\n\t\t\t\t\t\t\t\t\t\t\t\t\t\t\t<span class=\"elementor-toggle-icon-closed\"><i class=\"fas fa-caret-right\"><\/i><\/span>\n\t\t\t\t\t\t\t\t<span class=\"elementor-toggle-icon-opened\"><i class=\"elementor-toggle-icon-opened fas fa-caret-up\"><\/i><\/span>\n\t\t\t\t\t\t\t\t\t\t\t\t\t<\/span>\n\t\t\t\t\t\t\t\t\t\t\t\t<a class=\"elementor-toggle-title\" tabindex=\"0\">Tagungsbeitr\u00e4ge<\/a>\n\t\t\t\t\t<\/div>\n\n\t\t\t\t\t<div id=\"elementor-tab-content-1094\" class=\"elementor-tab-content elementor-clearfix\" data-tab=\"4\" role=\"region\" aria-labelledby=\"elementor-tab-title-1094\"><ul><li>M\u00fcnz- und Gewichtsgeldwirtschaft an der westlichen Peripherie der slawischen Welt. In: M. Bogucki\/ M. R\u0119bkowski (Hrsg.), Economies, Monetisation and Society in West Slavic Lands 800-1200 AD. Proceedings of the II Wolin Medievalist Meeting, 3-5 August 2012 in Wolin (Warszawa 2014) 235-263.<\/li><li>\u201aa Wilzis distructum\u2018 und Schlacht ohne Schlachtfeld \u2013 die Spuren bezeugter Zerst\u00f6rung der Jahre 810 und 929 an der Elbe im arch\u00e4ologischen Befund. In: O. Heinrich-Tamaska (Hrsg.), Rauben, Pl\u00fcndern, Morden. Nachweis von Zerst\u00f6rung und kriegerischer Gewalt im arch\u00e4ologischen Befund. Tagungsbeitr\u00e4ge der Arbeitsgemeinschaft Sp\u00e4tantike und Fr\u00fchmittelalter. 6. Zerst\u00f6rung und Gewalt im arch\u00e4ologischen Befund (Bremen, 5.-6.10.2011), Studien zu Sp\u00e4tantike und Fr\u00fchmittelalter 5 (Hamburg 2013) 337-356.<\/li><li>793 \u2013 862 \u2013 929 AD. How Historical Dates Can Affect the Archaeological Research. In: Principles of Da-ting in the Bronze, Iron and Middle Ages. Materials of the Russian-German colloquium (December 2-3, 2013, Saint Petersburg), Saint Petersburg 2013, 158-164.<\/li><li>The rise and fall of a Frankish intention. The early history of a frontier site between Saxons and Slavs on the river Elbe. In: R. Annaert, K. de Groote, Y. Hollevoet, F. Theuws, D. Tys, L. Verslype (Hrsg.), The very beginning of Europe? Cultural and Social Dimensions of Early-Medieval Migration and Colonisation (5th-8th century). Archaeology in Contemporary Europe. Conference Brussels \u2013 May 17-19 2011 (= Relicta Monografie\u00ebn 7) Brussels 2012, 265-275.<\/li><li>\u041a\u0443\u043b\u044c\u0442\u0443\u0440\u043d\u044b\u0435 \u043f\u0435\u0440\u0435\u043c\u0435\u043d\u044b \u0443 \u0437\u0430\u043f\u0430\u0434\u043d\u044b\u0445 \u0441\u043b\u0430\u0432\u044f\u043d \u0432 \u043a\u043e\u043d\u0442\u0435\u043a\u0441\u0442\u0435 \u0438\u0441\u0442\u043e\u0440\u0438\u0447\u0435\u0441\u043a\u0438\u0445 \u043f\u0440\u043e\u0446\u0435\u0441\u0441\u043e\u0432 IX \u0438 X \u0432\u0435\u043a\u043e\u0432 [Der kulturelle Wandel bei den Westslawen im Kontext des 9. und 10. Jh.]. In: \u0421\u0435\u0432\u0435\u0440\u043d\u0430\u044f \u0420\u0443\u0441\u044c \u0438 \u043f\u0440\u043e\u0431\u043b\u0435\u043c\u044b \u0444\u043e\u0440\u043c\u0438\u0440\u043e\u0432\u0430\u043d\u0438\u044f \u0434\u0440\u0435\u0432\u043d\u0435\u0440\u0443\u0441\u0441\u043a\u043e\u0433\u043e \u0433\u043e\u0441\u0443\u0434\u0430\u0440\u0441\u0442\u0432\u0430. \u0421\u0431\u043e\u0440\u043d\u0438\u043a \u043c\u0430\u0442\u0435\u0440\u0438\u0430\u043b\u043e\u0432 \u041c\u0435\u0436\u0434\u0443\u043d\u0430\u0440\u043e\u0434\u043d\u043e\u0439 \u043d\u0430\u0443\u0447\u043d\u043e\u0439 \u043a\u043e\u043d\u0444\u0435\u0440\u0435\u043d\u0446\u0438\u0438. \u0412\u043e\u043b\u043e\u0433\u0434\u0430 \u2013 \u041a\u0438\u0440\u0438\u043b\u043b\u043e\u0432 \u2013 \u0411\u0435\u043b\u043e\u0437\u0435\u0440\u0441\u043a, 6\u20138 \u0438\u044e\u043d\u044f 2012 \u0433. (\u0412\u043e\u043b\u043e\u0433\u0434\u0430 2012) 114-127.<\/li><li>Die Datierung des H\u00f6hbeck-Kastells an der Elbe. In: F. Biermann, T. Kersting, A. Klammt (Hrsg.), Der Wandel um 1000. Beitr\u00e4ge der Sektion zur slawischen Fr\u00fchgeschichte der 18. Jahrestagung des Mittel- und Ostdeutschen Verbandes f\u00fcr Altertumsforschung in Greifswald, 23.bis 27. M\u00e4rz 2009 (= Beitr\u00e4ge zur Ur- und Fr\u00fchgeschichte Mitteleuropas Bd. 60), (Langenweissbach 2011) 371-377.<\/li><li>mit J. Woyzek und A. Kronz, Rotguss im slawischen Mittelalter. In: O. Hahn, A. Hauptmann, D. Modarressi-Tehrani, M. Prange (Hrsg.), METALLA. Sonderheft 3. Arch\u00e4ometrie und Denkmalpflege 2010, 99-101.<\/li><li>Siedlungsgeschichtliche Forschungen am H\u00f6hbeck: Der slawische Burgwall im Elbholz. In: F. Biermann, T. Kersting, A. Klammt (Hrsg.), Siedlungsstrukturen und Burgen im westslawischen Raum. Beitr\u00e4ge der Sektion zur slawischen Fr\u00fchgeschichte der 17. Jahrestagung des Mittel- und Ostdeutschen Verbandes zur Altertumsforschung in Halle an der Saale, 19. bis 21. M\u00e4rz 2007 (Langenweissbach 2009) 121-130.<\/li><li>Die Rolle des Gew\u00e4ssersystems bei der slawischen Einwanderung am Beispiel des Werders bei Neubrandenburg. Ein Beitrag zur Kontinuit\u00e4tsdiskussion. In: F. Biermann, T. Kersting (Hrsg.), Siedlung, Kommunikation und Wirtschaft im westslawischen Raum. Beitr\u00e4ge der Sektion zur slawischen Fr\u00fch-geschichte des 5. Deutschen Arch\u00e4ologenkongresses in Frankfurt\/Oder, 4. bis 7. April 2005 (Langenweissbach 2007) 19-28.<\/li><li>mit C. Goedicke und T. Schatz, OSL \u2013 Ein Weg zur \u201eartefaktfreien\u201c Arch\u00e4ologie?, Arch\u00e4ometrie und Denkmalpflege 2006, Kurzberichte 2006 (Stuttgart 2006) 16-18.<\/li><\/ul><\/div>\n\t\t\t\t<\/div>\n\t\t\t\t\t\t\t<div class=\"elementor-toggle-item\">\n\t\t\t\t\t<div id=\"elementor-tab-title-1095\" class=\"elementor-tab-title\" data-tab=\"5\" role=\"button\" aria-controls=\"elementor-tab-content-1095\" aria-expanded=\"false\">\n\t\t\t\t\t\t\t\t\t\t\t\t<span class=\"elementor-toggle-icon elementor-toggle-icon-left\" aria-hidden=\"true\">\n\t\t\t\t\t\t\t\t\t\t\t\t\t\t\t<span class=\"elementor-toggle-icon-closed\"><i class=\"fas fa-caret-right\"><\/i><\/span>\n\t\t\t\t\t\t\t\t<span class=\"elementor-toggle-icon-opened\"><i class=\"elementor-toggle-icon-opened fas fa-caret-up\"><\/i><\/span>\n\t\t\t\t\t\t\t\t\t\t\t\t\t<\/span>\n\t\t\t\t\t\t\t\t\t\t\t\t<a class=\"elementor-toggle-title\" tabindex=\"0\">Varia<\/a>\n\t\t\t\t\t<\/div>\n\n\t\t\t\t\t<div id=\"elementor-tab-content-1095\" class=\"elementor-tab-content elementor-clearfix\" data-tab=\"5\" role=\"region\" aria-labelledby=\"elementor-tab-title-1095\"><ul><li>sv. &#8222;H\u00f6hbeck&#8220; Germanische Altertumskunde Online. Berlin, Boston: De Gruyter. 2020. Retrieved 7 Dec. 2020, from https:\/\/db.degruyter.com\/view\/GAO\/RGA_2534<\/li><li>sv. &#8222;Schezla&#8220; Germanische Altertumskunde Online. Berlin, Boston: De Gruyter. 2020. Retrieved 7 Dec. 2020, from https:\/\/db.degruyter.com\/view\/GAO\/GAO_111<\/li><li>Von Sachsenkriegen und Slawenaufst\u00e4nden. Arch\u00e4ologie und schriftliche \u00dcberlieferung. Arch\u00e4ologie in Niedersachsen 17, 2014, 84-88.<\/li><li>mit \u0415. Kasjuk, A. M. Bartrow, L. Shumilovskikh, \u041f\u0440\u0438\u043c\u0435\u043d\u0435\u043d\u0438\u0435 \u043c\u0430\u0433\u043d\u0438\u0442\u043e\u0440\u0430\u0437\u0432\u0435\u0434\u043a\u0438 \u043f\u0440\u0438 \u0438\u0437\u0443\u0447\u0435\u043d\u0438\u0438 \u0440\u0430\u043d\u043d\u0435\u0441\u0440\u0435\u0434\u043d\u0435\u0432\u0435\u043a\u043e\u0432\u044b\u0445 \u043f\u0430\u043c\u044f\u0442\u043d\u0438\u043a\u043e\u0432 \u0411\u0435\u043b\u0430\u0440\u0443\u0441\u0438 [Die Anwendung von Magnetprospektionen bei der Untersuchung fr\u00fchmittelalterlicher Fundpl\u00e4tze Wei\u00dfrusslands]. \u041c\u0430\u0442\u044d\u0440\u044b\u044f\u043b\u044b \u043f\u0430 \u0430\u0440\u0445\u0435\u0430\u043b\u043e\u0433\u0456\u0456 \u0411\u0435\u043b\u0430\u0440\u0443\u0441\u0456 25, 2014, 259-265.<\/li><li>Slawische Burgen in Niedersachsen. Arch\u00e4ologie in Niedersachsen 16, 2013, 58-61.<\/li><li>Karl der Gro\u00dfe und sein Kastell H\u00f6hbeck an der Elbe. Die Kunde N.F. 62, 2011 (2013), 97-116.<\/li><li>\u0421\u0430\u043a\u0441\u044b, \u0424\u0440\u0430\u043d\u043a\u0438, \u0421\u043b\u0430\u0432\u044f\u043d\u0435 \u2013 \u043f\u044f\u0442\u0438\u043b\u0435\u0442\u043d\u0438\u0439 \u043d\u0430\u0443\u0447\u043d\u043e\u0438\u0441\u0441\u043b\u0435\u0434\u043e\u0432\u0430\u0442\u0435\u043b\u044c\u0441\u043a\u0438\u0439 \u043f\u0440\u043e\u0435\u043a\u0442 \u0432 \u043d\u0438\u0436\u043d\u0435\u043c \u041f\u0440\u0438\u044d\u043b\u044c\u0431\u0435 (\u0413\u0435\u0440\u043c\u0430\u043d\u0438\u044f) [Sachsen, Franken, Slawen \u2013 zu einem f\u00fcnfj\u00e4hrigen wissenschaftlichen Forschungsprojekt an der unteren Mittelelbe (Deutschland)]. \u0410\u0440\u0445\u0435\u043e\u043b\u043e\u0433\u0438\u044f \u0438 \u0438\u0441\u0442\u043e\u0440\u0438\u044f \u041f\u0441\u043a\u043e\u0432\u0430 \u0438 \u043f\u0441\u043a\u043e\u0432\u0441\u043a\u043e\u0439 \u0437\u0435\u043c\u043b\u0438 57, 2012, 165-173, 251-254.<\/li><li>Altsteinzeitliche H\u00f6hlenkunst in S\u00fcdniedersachsen. Zur Geschichte der G\u00f6ttinger Bisonnachbildung aus Altamira. In: Georg-August-Universit\u00e4t G\u00f6ttingen (Hrsg.), Dinge des Wissens. Die Sammlungen, Museen und G\u00e4rten der Universit\u00e4t G\u00f6ttingen (G\u00f6ttingen 2012) 134-136.<\/li><li>mit D. Wittorf, Nur eine neolithische Scherbe aus Vietze? Hannoversches Wendland 16\/17 (1998-2011), 2012, 285-294.<\/li><li>Von Karl dem Gro\u00dfen zu Heinrich dem L\u00f6wen &#8211; Ein Bericht \u00fcber die aktuellen Forschungen zum Fr\u00fchmittelalter am H\u00f6hbeck. Hannoversches Wendland 16\/17 (1998-2011), 2012, 209-238.<\/li><li>Von Schezla nach Lenzen. Einblicke in die Fr\u00fchgeschichte einer Grenzregion am H\u00f6hbeck. Mitteilungen des Vereins f\u00fcr Geschichte der Prignitz 11, 2011, 93-112.<\/li><li>Feuerbock und Hirschgeweih \u2013 eine germanische Kultgrube an der Elbe. Arch\u00e4ologie in Niedersachsen 13, 2010, 52-55.<\/li><li>Der M\u00fcnzschatz von Vietze. Arch\u00e4ologie in Niedersachsen 12, 2009, 130-132.<\/li><li>1100 Jahre Meetschow \u2013 neue Einblicke in eine alte Burg. Arch\u00e4ologie in Niedersachsen 10, 2007, 102-105.<\/li><li>Die \u00dcbergangsperiode von der sp\u00e4ten Bronzezeit zur Eisenzeit in der westsibirischen Waldsteppe: Die Keramik der Siedlung \u010ci\u010da. Arch\u00e4ologisches Nachrichtenblatt 10, 2005, 289-295.<\/li><li>Verw\u00fcstet und wieder aufgelebt. Zeugnisse der fr\u00fchen Stadt unter der Ortsdurchfahrt in Br\u00fcssow, Lkr. Uckermark, Arch\u00e4ologie in Berlin und Brandenburg 2004 (Stuttgart 2005) 112-116.<\/li><li>mit V. I. Molodin, D. Z\u0117v\u0117\u0117ndor\u017e, V. P. Myl\u2018nikov, I. Ju. Sljusarenko, Ju. N. Garku\u0161a, M. Bajarsajchan, A. P. Ov\u010darenko, \u0412 \u043f\u043e\u0438\u0441\u043a\u0430\u0445 \u043f\u0430\u0437\u044b\u0440\u044b\u043a\u0441\u043a\u0438\u0445 \u043a\u043e\u043c\u043f\u043b\u0435\u043a\u0441\u043e\u0432 \u043d\u0430 \u0441\u0435\u0432\u0435\u0440\u043e-\u0437\u0430\u043f\u0430\u0434\u0435 \u041c\u043e\u043d\u0433\u043e\u043b\u0438\u0438 [Auf der Suche nach Pazyryk-Komplexen in der Nordwest-Mongolei]. \u041f\u0440\u043e\u0431\u043b\u0435\u043c\u044b \u0430\u0440\u0445\u0435\u043e\u043b\u043e\u0433\u0438\u0438, \u044d\u0442\u043d\u043e\u0433\u0440\u0430\u0444\u0438\u0438, \u0430\u043d\u0442\u0440\u043e\u043f\u043e\u043b\u043e\u0433\u0438\u0438 \u0421\u0438\u0431\u0438\u0440\u0438 \u0438 \u0441\u043e\u043f\u0440\u0435\u0434\u0435\u043b\u044c\u043d\u044b\u0445 \u0442\u0435\u0440\u0440\u0438\u0442\u043e\u0440\u0438\u0439 10, 2004, 365-371.<\/li><li>mit O. I. Novikova, \u041a\u043e\u043d\u0442\u0435\u043a\u0441\u0442 \u043c\u0435\u0441\u0442\u043e\u043d\u0430\u0445\u043e\u0436\u0434\u0435\u043d\u0438\u044f \u0441\u043e\u0441\u0443\u0434\u043e\u0432 \u043a\u0430\u043a \u0441\u0432\u0438\u0434\u0435\u0442\u0435\u043b\u044c\u0441\u0442\u0432\u043e \u043e\u0431\u0440\u044f\u0434\u043e\u0432\u044b\u0445 \u0434\u0435\u0439\u0441\u0442\u0432\u0438\u0439 (\u043f\u043e \u043c\u0430\u0442\u0435\u0440\u0438\u0430\u043b\u0430\u043c \u043f\u043e\u0441\u0435\u043b\u0435\u043d\u0438\u044f \u0427\u0438\u0447\u0430-1) [Der Fundkontext von Gef\u00e4\u00dfen als Zeugnis f\u00fcr rituelle Handlungen (anhand von Befunden aus der Siedlung \u010ci\u010da 1]. In: \u0421\u0435\u0432\u0435\u0440\u043d\u0430\u044f \u0415\u0432\u0440\u0430\u0437\u0438\u044f \u0432 \u044d\u043f\u043e\u0445\u0443 \u0431\u0440\u043e\u043d\u0437\u044b: \u043f\u0440\u043e\u0441\u0442\u0440\u0430\u043d\u0441\u0442\u0432\u043e, \u0432\u0440\u0435\u043c\u044f, \u043a\u0443\u043b\u044c\u0442\u0443\u0440\u0430. \u0421\u0431\u043e\u0440\u043d\u0438\u043a \u043d\u0430\u0443\u0447\u043d\u044b\u0445 \u0442\u0440\u0443\u0434\u043e\u0432 (\u0411\u0430\u0440\u043d\u0430\u0443\u043b 2002) 109-111.<\/li><li>mit K. Privat, Palaeodietary Research with the Stable Nitrogen Isotope Analysis of bone collagen. In: \u0421\u0435\u0432\u0435\u0440\u043d\u0430\u044f \u0415\u0432\u0440\u0430\u0437\u0438\u044f \u0432 \u044d\u043f\u043e\u0445\u0443 \u0431\u0440\u043e\u043d\u0437\u044b: \u043f\u0440\u043e\u0441\u0442\u0440\u0430\u043d\u0441\u0442\u0432\u043e, \u0432\u0440\u0435\u043c\u044f, \u043a\u0443\u043b\u044c\u0442\u0443\u0440\u0430. \u0421\u0431\u043e\u0440\u043d\u0438\u043a \u043d\u0430\u0443\u0447\u043d\u044b\u0445 \u0442\u0440\u0443\u0434\u043e\u0432 (\u0411\u0430\u0440\u043d\u0430\u0443\u043b 2002) 192-194.<\/li><li>Drei Einb\u00e4ume aus dem M\u00e4rkischen Museum zu Berlin. Skyllis. Zeitschrift f\u00fcr Unterwasserarch\u00e4ologie 2, 1999, 108-117.<\/li><\/ul><\/div>\n\t\t\t\t<\/div>\n\t\t\t\t\t\t\t<div class=\"elementor-toggle-item\">\n\t\t\t\t\t<div id=\"elementor-tab-title-1096\" class=\"elementor-tab-title\" data-tab=\"6\" role=\"button\" aria-controls=\"elementor-tab-content-1096\" aria-expanded=\"false\">\n\t\t\t\t\t\t\t\t\t\t\t\t<span class=\"elementor-toggle-icon elementor-toggle-icon-left\" aria-hidden=\"true\">\n\t\t\t\t\t\t\t\t\t\t\t\t\t\t\t<span class=\"elementor-toggle-icon-closed\"><i class=\"fas fa-caret-right\"><\/i><\/span>\n\t\t\t\t\t\t\t\t<span class=\"elementor-toggle-icon-opened\"><i class=\"elementor-toggle-icon-opened fas fa-caret-up\"><\/i><\/span>\n\t\t\t\t\t\t\t\t\t\t\t\t\t<\/span>\n\t\t\t\t\t\t\t\t\t\t\t\t<a class=\"elementor-toggle-title\" tabindex=\"0\">Rezensionen<\/a>\n\t\t\t\t\t<\/div>\n\n\t\t\t\t\t<div id=\"elementor-tab-content-1096\" class=\"elementor-tab-content elementor-clearfix\" data-tab=\"6\" role=\"region\" aria-labelledby=\"elementor-tab-title-1096\"><ul><li>The Slavs on the Danube. Homeland Found. \/ Slavjane na Dunae. Obretenie rodiny. \/ Slavii de pe Dun\u0103re. Descoperirea patriei. Hrsg. von Roman A. Rabinovich und Igor O. Gavritukhin. (Stratum plus. Archaeology and Cultural Anthropology, Heft 5.) Biznes-Elita. Sankt-Peterburg u. a. 2015. 360 S., 156 Abb., 2 Tab. ISSN 1608-9057. (\u20ac 20,\u2013.) In: Zeitschrift f\u00fcr Ostmitteleuropa-Forschung 66, 2017, H. 4, 597-598.<\/li><li>Sebastian Messal: Glienke. Eine slawische Burg des 9. und 10. Jahrhunderts im \u00f6stlichen Mecklenburg. (Fr\u00fchmittelalterliche Arch\u00e4ologie zwischen Ostsee und Mittelmeer, Bd. 5.) Reichert. Wiesbaden 2015. XI, 365 S., 115 Abb., 19 Tab., 120 Taf., 11 Beilagen. ISBN 978-3-95490-074-9. (\u20ac 69,\u2013.) In: Zeitschrift f\u00fcr Ostmitteleuropa-Forschung 66, 2017, H. 3, 417-419.<\/li><li>Ralf Obst, Die Besiedlungsgeschichte am nordwestlichen Maindreieck vom Neolithikum bis zum Ende des Mittelalters. W\u00fcrzburger Arbeiten zur Pr\u00e4historischen Arch\u00e4ologie Band 4. Marie Leidorf, Rahden \/ Westfalen 2012. \u20ac 71,80. ISBN 978-3-89646-074-5. 424 Seiten mit 71 Textabb., 15 z. T. mehrseitigen Abb. und 18 Karten, 36 Tafeln. In: Germania 92, 2014, 201-205.<\/li><li>Wiebke Rohrer: Wikinger oder Slawen? Die ethnische Interpretation fr\u00fchpiastischer Bestattungen mit Waffenbeigabe in der deutschen und polnischen Arch\u00e4ologie. (Studien zur Ostmitteleuropa\u00acfor-schung, Bd. 26.) Verl. Herder-Inst. Marburg 2012. VIII, 257 S., Ill. ISBN 978-3-87969-376-4. (\u20ac 38,-). In: Zeitschrift f\u00fcr Ostmitteleuropa-Forschung 63, 2014, H. 4, 571-573.<\/li><li>Nina Lau: Pilgramsdorf\/Pielgrzymowo. Ein Fundplatz der r\u00f6mischen Kaiserzeit in Nordmasowien. Eine Studie zu Archivalien, Grabsitten und Fundbestand. (Studien zur Siedlungsgeschichte und Arch\u00e4ologie der Ostseegebiete, Bd. 11.) Wachholtz. Neum\u00fcnster 2012. 219 S., Ill., graph. Darst., Kt., dt., engl. u. poln. Zusfass. ISBN 978-3-529-01371-3. (\u20ac 50,\u2013). In: Zeitschrift f\u00fcr Ostmitteleuropa-Forschung 63, 2014, H. 1, 107-109.<\/li><li>Lutz Volmer\/Wolf Haio Zimmermann (Hrsg.), Glossary of Prehistoric and Historic Timber Buildings. Glossar zum pr\u00e4historischen und historischen Holzbau. Studien zur Landschafts- und Siedlungsgeschichte im s\u00fcdlichen Nordseek\u00fcstengebiet 3, Verlag Marie Leidorf, Rahden\/Westfalen 2012. 482 Seiten mit 587 Abbildungen. Hardcover 59,80 \u20ac. ISBN 978-3-86757-333-7, In: Nachrichten aus Niedersachsens Urgeschichte 82, 2013, 237-238.<\/li><li>Kerstin P. Hofmann, Der rituelle Umgang mit dem Tod. Untersuchungen zu bronze- und fr\u00fcheisenzeitlichen Brandbestattungen im Elbe-Weser-Dreieck. Schriftenreihe des Landschaftsverbandes der ehemaligen Herzogt\u00fcmer Bremen und Verden Bd. 32, zugleich Arch\u00e4ologische Berichte des Landkreises Rotenburg (W\u00fcmme) Bd. 14. Verlag des Landschaftsverbandes der ehemaligen Herzogt\u00fcmer Bremen und Verden e.V. Stade \u2013 Kommissionsverlag Isensee Verlag Oldenburg 2008. ISSN 0946-8471, ISBN 978-3-89995-574-3, ISBN 978-3-931879-41-9. XVIII, 645 S., 166 Textabbildungen, davon 13 farbig. Mit einem Beitrag von P. Caselitz (Teil 1); VI, 578 S., 4 Textabbildungen, 180 Tafeln, 14 Tabellen, 15 Diagramme, 21 Karten (1 farbig), 13 Pl\u00e4ne (1 farbig) (Teil 2), In: Die Kunde N.F. 62, 2011, 179-182.<\/li><li>L.S. Klejn, Spor o varjagach. Istorija protivostojanija i argumenty storon [Der Streit um die War\u00e4ger. Die Geschichte der Konfrontation und die Argumente beider Seiten], Evrazija. Sankt Peterburg 2009. 400 S., 6 Abb., 2 Ktn., 7 Taf., 15 s\/w-Fotos und 8 Reproduktionen auf 8 Hochglanztafeln. ISBN 978-5-8071-0329-1, In: Zeitschrift f\u00fcr Ostmitteleuropa-Forschung 59, 2010, H. 3, 414-416.<\/li><li>Fred Ruchh\u00f6ft, Vom slawischen Stammesgebiet zur deutschen Vogtei. Die Entwicklung der Territorien in Ostholstein, Lauenburg, Mecklenburg und Vorpommern im Mittelalter (Arch\u00e4ologie und Geschichte im Ostseeraum 4) Verlag Marie Leidorf Rahden\/Westf. 2008. 258 S. mit 77 Textabb. Hardcover. ISBN 978-3-89646-464-4. ISSN 1863-0855, In: Ethnogr.-Arch\u00e4ol. Zeitschr. 49, 2008, 535-540.<\/li><li>Novgorod. Das mittelalterliche Zentrum und sein Umland im Norden Russlands. Hrsg. M. M\u00fcller-Wille, V.L. Janin, E.N. Nosov, E.A. Rybina (Studien zur Siedlungsgeschichte und Arch\u00e4ologie der Ostseegebiete 1) Wachholtz-Verlag Neum\u00fcnster 2001. 399 S., 218 Abb., teils mehrfarb., 2 Kt., 2 Tab. Hardcover. ISBN 3-529-01390-0, In: Ethnogr.-Arch\u00e4ol. Zeitschr. 47, 2006, 281-287.<\/li><li>F.H. West (ed.) American Beginnings. The Prehistory and Palaeoecology of Beringia. The University of Chicago Press 1996. XXIV, 576 S. mit 73 Fotoabb., 200 Zeichn., 36 Ktn., 39 Tab. Hardcover. ISBN 0 226 89399 5, In: Ethnogr.-Arch\u00e4ol. Zeitschr. 40, 1999, 459-462.<\/li><\/ul><\/div>\n\t\t\t\t<\/div>\n\t\t\t\t\t\t\t\t<\/div>\n\t\t\t\t\t\t<\/div>\n\t\t\t\t<\/div>\n\t\t\t\t\t<\/div>\n\t\t<\/div>\n\t\t\t\t\t<\/div>\n\t\t<\/section>\n\t\t\t\t<section data-particle_enable=\"false\" data-particle-mobile-disabled=\"false\" class=\"elementor-section elementor-top-section elementor-element elementor-element-713b5b67 elementor-section-boxed elementor-section-height-default elementor-section-height-default\" data-id=\"713b5b67\" data-element_type=\"section\">\n\t\t\t\t\t\t<div class=\"elementor-container elementor-column-gap-default\">\n\t\t\t\t\t<div class=\"elementor-column elementor-col-100 elementor-top-column elementor-element elementor-element-1b807fd6\" data-id=\"1b807fd6\" data-element_type=\"column\">\n\t\t\t<div class=\"elementor-widget-wrap elementor-element-populated\">\n\t\t\t\t\t\t<div class=\"elementor-element elementor-element-d0ffe0e elementor-widget-divider--view-line elementor-widget elementor-widget-divider\" data-id=\"d0ffe0e\" data-element_type=\"widget\" data-widget_type=\"divider.default\">\n\t\t\t\t<div class=\"elementor-widget-container\">\n\t\t\t\t\t\t\t<div class=\"elementor-divider\">\n\t\t\t<span class=\"elementor-divider-separator\">\n\t\t\t\t\t\t<\/span>\n\t\t<\/div>\n\t\t\t\t\t\t<\/div>\n\t\t\t\t<\/div>\n\t\t\t\t\t<\/div>\n\t\t<\/div>\n\t\t\t\t\t<\/div>\n\t\t<\/section>\n\t\t\t\t<section data-particle_enable=\"false\" data-particle-mobile-disabled=\"false\" class=\"elementor-section elementor-top-section elementor-element elementor-element-569988e6 elementor-section-boxed elementor-section-height-default elementor-section-height-default\" data-id=\"569988e6\" data-element_type=\"section\">\n\t\t\t\t\t\t<div class=\"elementor-container elementor-column-gap-default\">\n\t\t\t\t\t<div class=\"elementor-column elementor-col-50 elementor-top-column elementor-element elementor-element-74c7568b\" data-id=\"74c7568b\" data-element_type=\"column\">\n\t\t\t<div class=\"elementor-widget-wrap elementor-element-populated\">\n\t\t\t\t\t\t<div class=\"elementor-element elementor-element-16120d44 elementor-widget elementor-widget-button\" data-id=\"16120d44\" data-element_type=\"widget\" data-widget_type=\"button.default\">\n\t\t\t\t<div class=\"elementor-widget-container\">\n\t\t\t\t\t\t\t\t\t<div class=\"elementor-button-wrapper\">\n\t\t\t\t\t<a class=\"elementor-button elementor-button-link elementor-size-sm\" href=\"https:\/\/zbsa.eu\/en\/die-mitarbeiterinnen-und-mitarbeiter-des-zbsa\/\">\n\t\t\t\t\t\t<span class=\"elementor-button-content-wrapper\">\n\t\t\t\t\t\t<span class=\"elementor-button-icon\">\n\t\t\t\t<i aria-hidden=\"true\" class=\"fas fa-arrow-left\"><\/i>\t\t\t<\/span>\n\t\t\t\t\t\t\t\t\t<span class=\"elementor-button-text\">Zur\u00fcck zur \u00dcbersicht<\/span>\n\t\t\t\t\t<\/span>\n\t\t\t\t\t<\/a>\n\t\t\t\t<\/div>\n\t\t\t\t\t\t\t\t<\/div>\n\t\t\t\t<\/div>\n\t\t\t\t\t<\/div>\n\t\t<\/div>\n\t\t\t\t<div class=\"elementor-column elementor-col-50 elementor-top-column elementor-element elementor-element-4d559b70\" data-id=\"4d559b70\" data-element_type=\"column\">\n\t\t\t<div class=\"elementor-widget-wrap elementor-element-populated\">\n\t\t\t\t\t\t<div class=\"elementor-element elementor-element-62c81041 elementor-widget elementor-widget-button\" data-id=\"62c81041\" data-element_type=\"widget\" data-widget_type=\"button.default\">\n\t\t\t\t<div class=\"elementor-widget-container\">\n\t\t\t\t\t\t\t\t\t<div class=\"elementor-button-wrapper\">\n\t\t\t\t\t<a class=\"elementor-button elementor-button-link elementor-size-sm\" href=\"#\">\n\t\t\t\t\t\t<span class=\"elementor-button-content-wrapper\">\n\t\t\t\t\t\t<span class=\"elementor-button-icon\">\n\t\t\t\t<i aria-hidden=\"true\" class=\"fas fa-arrow-up\"><\/i>\t\t\t<\/span>\n\t\t\t\t\t\t\t\t\t<span class=\"elementor-button-text\">Seitenanfang<\/span>\n\t\t\t\t\t<\/span>\n\t\t\t\t\t<\/a>\n\t\t\t\t<\/div>\n\t\t\t\t\t\t\t\t<\/div>\n\t\t\t\t<\/div>\n\t\t\t\t\t<\/div>\n\t\t<\/div>\n\t\t\t\t\t<\/div>\n\t\t<\/section>\n\t\t\t\t<\/div>","protected":false},"excerpt":{"rendered":"<p>E-Mail: jens.schneeweiss@zbsa.eu \u2022 Telefon: +49\/(0)4621\/813 \u2013 483 \u2022 Fax: +49\/(0)4621\/813 \u2013 535 Vita Geboren am 24.12.1969 in Berlin. 1990 bis 1993 Studium der Humanmedizin in Berlin und St. Petersburg. 1993 bis 2000 Studium der der Ur- und Fr\u00fchgeschichte, Klassischen Arch\u00e4ologie, Europ\u00e4ischen Ethnologie und Geologie an der Humboldt-Universit\u00e4t zu Berlin und an der Technischen Universit\u00e4t Berlin. Magister Artium zum Thema: &#8222;Der Werder zwischen Altentreptow-Friedland-Neubrandenburg vom 6. Jh. v. Chr. bis zum 13. Jh. n. Chr.\u201c (Betreuer: Achim Leube, Eike Gringmuth-Dallmer). 2000 bis 2004 wissenschaftlicher Mitarbeiter an der Eurasien-Abteilung und dem Skythenreferat des Deutschen Arch\u00e4ologischen Instituts in Berlin. 2004 Promotion zum Thema &#8222;Die Siedlung \u010ci\u010da in der westsibirischen Waldsteppe. Untersuchungen zur Keramik, Chronologie und kulturellen Stellung in der Sp\u00e4tbronzezeit und der \u00dcbergangsperiode zur fr\u00fchen Eisenzeit&#8220; an der Humboldt-Universit\u00e4t zu Berlin (Betreuer: Johan Callmer, Hermann Parzinger). 2005 bis 2010 wissenschaftlicher Mitarbeiter an der Universit\u00e4t G\u00f6ttingen im DFG-Projekt \u201eSlawen an der unteren Mittelelbe\u201c. Von Mai bis Oktober 2010 Forschungsstipendiat des DAAD und der MSH am Centre de recherches arch\u00e9ologiques et historiques anciennes et m\u00e9di\u00e9vales (Centre Michel de Bo\u00fcard) der Universit\u00e9 de Caen Basse-Normandie zum Thema: &#8222;Grenzen, R\u00e4ume und Kulturtransfer zwischen Normandie und Novgorod zur Wikingerzeit&#8220;. 2010 bis 2014 wissenschaftlicher Mitarbeiter und Kustos der Lehrsammlung des Seminars f\u00fcr Ur- und Fr\u00fchgeschichte der Universit\u00e4t G\u00f6ttingen. Zwischen 2015 und 2017 (insgesamt 18 Monate) Feodor Lynen Forschungsstipendiat der Alexander von Humbodt-Stiftung am Institut f\u00fcr die Geschichte der Materiellen Kultur der Russischen Akademie der Wissenschaften St. Petersburg zum Thema: &#8222;Siedlungs- und Landschaftsarch\u00e4ologie in der osteurop\u00e4ischen Waldzone im 1. Jahrtausend n. Chr.&#8220;. November 2017 bis Oktober 2018 wissenschaftlicher Mitarbeiter am Leibniz-Institut f\u00fcr Geschichte und Kultur des \u00f6stlichen Europa (GWZO) in Leipzig. Seit Oktober 2019 wissenschaftlicher Mitarbeiter im Exzellenzcluster ROOTS an der CAU Kiel und am ZBSA in Schleswig. 2019 Habilitation an der Philosophischen Fakult\u00e4t der Georg-August-Universit\u00e4t G\u00f6ttingen. Thema der Habilitationsschrift: &#8222;Zwischen den Welten. Arch\u00e4ologie einer europ\u00e4ischen Grenzregion zwischen Sachsen, Slawen, Franken und D\u00e4nen&#8220;. Venia legendi f\u00fcr das Fach Ur- und Fr\u00fchgeschichte. Arbeitsschwerpunkte Arch\u00e4ologie der Wikingerzeit und des slawischen Mittelalters im n\u00f6rdlichen Europa Burgwallforschung im \u00f6stlichen Ostseeraum Die osteurop\u00e4ische Waldzone in Eisenzeit und Fr\u00fchmittelalter (Siedlungs-, Wirtschafts- und Landschaftsgeschichte) Bronze- und Eisenzeit Sibiriens und Innerasiens Weitere Forschungsfelder und -interessen Siedlungs- und Landschaftsarch\u00e4ologie (Methodik) Subsistenzwirtschaft und Abfallmanagement vorindustrieller Gesellschaften Vorgewerbliche Siedlungskeramik: Produktion, Gebrauchsanalyse, Funktionsebenen Genese von Anthrosolen \/ Kulturschichten, arch\u00e4ologische Taphonomie Soziale Funktion von Mobilit\u00e4t, Identit\u00e4tsforschung \u201eZeitgeist\u201c und Kulturtransfer Physikalische und statistische Datierungsmethoden Publikationen (Auswahl) Monographien\/B\u00fccher Zwischen den Welten. Arch\u00e4ologie einer europ\u00e4ischen Grenzregion zwischen Sachsen, Slawen, Franken und D\u00e4nen. G\u00f6ttinger Schriften zur Vor- und Fr\u00fchgeschichte 36. Wachholtz-Verlag (Kiel\/Hamburg 2020) Arch\u00e4ologische Streiflichter vom H\u00f6hbeck zum 1200. Jahrestag seiner Ersterw\u00e4hnung. Von den Anf\u00e4ngen bis ins Mittelalter (L\u00fcneburg 2010).\u2022\u00a0\u00a0\u00a0 Die Siedlung \u010ci\u010da in der westsibirischen Waldsteppe I. Untersuchungen zur Keramik, Chronologie und kulturellen Stellung in der Sp\u00e4tbronzezeit und der \u00dcbergangsperiode zur fr\u00fchen Eisenzeit. Arch\u00e4ologie in Eurasien 22 (Mainz 2007).\u2022\u00a0\u00a0\u00a0 Der Werder zwischen Altentreptow-Friedland-Neubrandenburg vom 6. Jh. vor bis zum 13. Jh. n. Chr. Siedlungsarch\u00e4ologische Untersuchungen einer Kleinlandschaft in Nordostdeutschland (= Universit\u00e4tsforschungen zur Pr\u00e4historischen Arch\u00e4ologie 102), (Bonn 2003). mit Autorenkollektiv mit V.I. Molodin, H. Parzinger u. a., \u010ci\u010da \u2013 eine befestigte Ansiedlung der \u00dcbergangsperiode von der Sp\u00e4tbronze- zur Fr\u00fcheisenzeit in der Barabinsker Waldsteppe. Teil 1 (Novosibirsk 2001). Teil 2 (Novosibirsk-Berlin 2004). Teil 3 (Novosibirsk-Berlin 2009). Herausgeberschaft mit I. Heske und H.-J. N\u00fcsse, \u201eLandschaft, Besiedlung und Siedlung\u201c. Arch\u00e4ologische Studien im nordeurop\u00e4ischen Kontext. Festschrift f\u00fcr Karl-Heinz Willroth zu seinem 65. Geburtstag. G\u00f6ttinger Schriften zur Vor- und Fr\u00fchgeschichte 33 (Neum\u00fcnster-Hamburg 2013). mit K.-H. Willroth, H.-J. Beug, F. L\u00fcth, F. Schopper, S. Messal, Slawen an der unteren Mittelelbe. Untersuchungen zur l\u00e4ndlichen Besiedlung, zum Burgenbau, zu Besiedlungsstrukturen und zum Landschaftswandel. Beitr\u00e4ge zum Kolloquium vom 7.-9. April 2010 in Frankfurt a. M. Fr\u00fchmittelalterliche Arch\u00e4ologie zwischen Ostsee und Mittelmeer 4 (Wiesbaden 2013). mit K.-H. Willroth, Slawen an der Elbe. G\u00f6ttinger Forschungen zur Ur- und Fr\u00fchgeschichte 1 (G\u00f6ttingen 2011). mit G.H. Jeute und C. Theune, aedificatio terrae. Beitr\u00e4ge zur Umwelt- und Siedlungsarch\u00e4ologie Mitteleuropas. Festschrift f\u00fcr Eike Gringmuth-Dallmer zum 65. Geburtstag, Studia honoraria 26 (Rahden \/ Westfalen 2007). \u00a0 Buchbeitr\u00e4ge mit H. J\u00f6ns, E. Gringmuth-Dallmer, S. Messal, Die Slawen. Nachbarn m\u00e4chtiger Reiche. In: E. B\u00e1nffy, K. P. Hofmann, P. Rummel (Hrsg.), Spuren des Menschen. 800000 Jahre Geschichte in Europa (Stuttgart 2019) 342\u2013367. Menschen im Sumpf. In: E. B\u00e1nffy, K. P. Hofmann, P. Rummel (Hrsg.), Spuren des Menschen. 800000 Jahre Geschichte in Europa (Stuttgart 2019) 344. Wo lag Schezla? Ein vergessener Grenzort des fr\u00fchen 9. Jahrhunderts. In: B. Ludowici (Hrsg.), Saxones. Neue Studien zur Sachsenforschung 7 (Darmstadt 2019) 287\u2013289. \u041a\u0430\u043a \u0438\u0441\u0442\u043e\u0440\u0438\u0447\u0435\u0441\u043a\u0438\u0435 \u0434\u0430\u0442\u044b \u043c\u043e\u0433\u0443\u0442 \u0432\u043b\u0438\u044f\u0442\u044c \u043d\u0430 \u0430\u0440\u0445\u0435\u043e\u043b\u043e\u0433\u0438\u0447\u0435\u0441\u043a\u043e\u0435 \u0438\u0441\u0441\u043b\u0435\u0434\u043e\u0432\u0430\u043d\u0438\u0435 (\u0442\u0440\u0438 \u043a\u043b\u044e\u0447\u0435\u0432\u044b\u0435 \u0434\u0430\u0442\u044b \u044d\u043f\u043e\u0445\u0438 \u0432\u0438\u043a\u0438\u043d\u0433\u043e\u0432: 793 \u0433., 862 \u0433. \u0438 929 \u0433.) \/ How historical dates can affect archaeological research (the Viking Age examples of 793 AD, 862 AD and 929 AD). In: M. T. Kashuba, E. Kaiser (Hrsg.), Principles and Methods of Dating in Archaeology (Neolithic \u2013 Middle Ages) (St. Petersburg 2018) 206\u2013232. \u0420\u0430\u043d\u043d\u0435\u0441\u0440\u0435\u0434\u043d\u0435\u0432\u0435\u043a\u043e\u0432\u044b\u0435 \u0433\u043e\u0440\u043e\u0434\u0438\u0449\u0430 \u0441\u0435\u0432\u0435\u0440\u043d\u043e\u0439 \u0413\u0435\u0440\u043c\u0430\u043d\u0438\u0438 [Early medieval strongholds in Northern Germany]. In: \u041d.\u0418. \u041f\u043b\u0430\u0442\u043e\u043d\u043e\u0432\u0430 (Hrsg.), \u00c9lite ou \u00c9galit\u00e9\u2026 \u0421\u0435\u0432\u0435\u0440\u043d\u0430\u044f \u0420\u0443\u0441\u044c \u0438 \u043a\u0443\u043b\u044c\u0442\u0443\u0440\u043d\u044b\u0435 \u0442\u0440\u0430\u043d\u0441\u0444\u043e\u0440\u043c\u0430\u0446\u0438\u0438 \u0432 \u0415\u0432\u0440\u043e\u043f\u0435 VII\u2013XII \u0432\u0432. [Northern Rus&#8216; and cultural transformations in Europe in the 600-1300 A.D.] (St. Petersburg 2017) 198-224. \u041a \u0432\u043e\u043f\u0440\u043e\u0441\u0443 \u043e \u0432\u043b\u0438\u044f\u043d\u0438\u0438 \u0438\u0441\u0442\u043e\u0440\u0438\u0447\u0435\u0441\u043a\u0438\u0445 \u0434\u0430\u0442 \u043d\u0430 \u0430\u0440\u0445\u0435\u043e\u043b\u043e\u0433\u0438\u0447\u0435\u0441\u043a\u043e\u0435 \u0438\u0441\u0441\u043b\u0435\u0434\u043e\u0432\u0430\u043d\u0438\u0435 (\u0442\u0440\u0438 \u043a\u043b\u044e\u0447\u0435\u0432\u044b\u0435 \u0434\u0430\u0442\u044b \u044d\u043f\u043e\u0445\u0438 \u0432\u0438\u043a\u0438\u043d\u0433\u043e\u0432: 793 \u0433., 862 \u0433. \u0438 929 \u0433.) [How historical dates can affect archaeological research (three Viking Age examples: 793 A.D., 862 A.D. and 929 A.D.)]. In: \u041d.\u0418. \u041f\u043b\u0430\u0442\u043e\u043d\u043e\u0432\u0430 (Hrsg.), \u00c9lite ou \u00c9galit\u00e9\u2026 \u0421\u0435\u0432\u0435\u0440\u043d\u0430\u044f \u0420\u0443\u0441\u044c \u0438 \u043a\u0443\u043b\u044c\u0442\u0443\u0440\u043d\u044b\u0435 \u0442\u0440\u0430\u043d\u0441\u0444\u043e\u0440\u043c\u0430\u0446\u0438\u0438 \u0432 \u0415\u0432\u0440\u043e\u043f\u0435 VII\u2013XII \u0432\u0432. [Northern Rus&#8216; and cultural transformations in Europe in the 600-1300 A.D.] (St. Petersburg 2017) 40-68. \u041a\u0435\u0440\u0430\u043c\u0438\u043a\u0430 \u043a\u0430\u043a \u0441\u0432\u0438\u0434\u0435\u0442\u0435\u043b\u044c\u0441\u0442\u0432\u043e \u0438\u0434\u0435\u043d\u0442\u0438\u0447\u043d\u043e\u0441\u0442\u0438 \u0438 \u043a\u0443\u043b\u044c\u0442\u0443\u0440\u043d\u043e\u0433\u043e \u0442\u0440\u0430\u043d\u0441\u0444\u0435\u0440\u0430? \u0421\u0430\u043a\u0441\u043e\u043d\u0441\u043a\u0430\u044f \u0438 \u0441\u043b\u0430\u0432\u044f\u043d\u0441\u043a\u0430\u044f \u043a\u0435\u0440\u0430\u043c\u0438\u043a\u0430 VIII\u2013X \u0432\u0432. \u0432 \u041d\u0438\u0436\u043d\u0435\u043c \u041f\u043e\u044d\u043b\u044c\u0431\u044c\u0435. [Keramik als Zeugnis von Identit\u00e4t und Kulturtransfer? Das Beispiel der s\u00e4chsischen und slawischen Keramik vom 8.-10. Jh. im unteren Elbgebiet] In: \u0415\u0432\u0440\u043e\u043f\u0430 \u043e\u0442 \u041b\u0430\u0442\u0435\u043d\u0430 \u0434\u043e \u0421\u0440\u0435\u0434\u043d\u0435\u0432\u0435\u043a\u043e\u0432\u044c\u044f. \u0412\u0430\u0440\u0432\u0430\u0440\u0441\u043a\u0438\u0439 \u043c\u0438\u0440 \u0438 \u0440\u043e\u0436\u0434\u0435\u043d\u0438\u0435 \u0441\u043b\u0430\u0432\u044f\u043d\u0441\u043a\u0438\u0445 \u043a\u0443\u043b\u044c\u0442\u0443\u0440. \u041a 60-\u043b\u0435\u0442\u0438\u044e \u0410.\u041c. \u041e\u0431\u043b\u043e\u043c\u0441\u043a\u043e\u0433\u043e. \u0420\u0430\u043d\u043d\u0435\u0441\u043b\u0430\u0432\u044f\u043d\u0441\u043a\u0438\u0439 \u043c\u0438\u0440 19 (\u041c\u043e\u0441\u043a\u0432\u0430 2017) 90-102. Aus dem Nichts zur Weltmacht? Die l\u00e4ndliche Besiedlung der Waldzone Nordwestrusslands vor Beginn der Staatlichkeit. Geschichte und Perspektiven der Forschung. In: B. V. Eriksen, A. Abegg-Wigg, R. Bleile, U. Ickerodt (Hrsg.), Interaktion ohne Grenzen. Beispiele arch\u00e4ologischer Forschungen am Beginn des 21. Jahrhunderts. Festschrift f\u00fcr Claus von Carnap-Bornheim zum 60. Geburtstag (Schleswig 2017) 717-730. Identit\u00e4t und Ethnizit\u00e4t im Fr\u00fchmittelalter. Zur Rolle der Arch\u00e4ologie in der aktuellen Diskussion. In: \u0413\u043e\u0440\u043e\u0434\u0430 \u0438 \u0432\u0435\u0441\u0438 \u0441\u0440\u0435\u0434\u043d\u0435\u0432\u0435\u043a\u043e\u0432\u043e\u0439 \u0420\u0443\u0441\u0438: \u0430\u0440\u0445\u0435\u043e\u043b\u043e\u0433\u0438\u044f, \u0438\u0441\u0442\u043e\u0440\u0438\u044f, \u043a\u0443\u043b\u044c\u0442\u0443\u0440\u0430 (\u041coskau 2015) 574-591. Das Kastell hohbuoki und der Ort Schezla an der Elbe. In: R.-M. Weiss\/A. Klammt (Hrsg.), Mythos Hammaburg \u2013 Arch\u00e4ologische Entdeckungen zu den Anf\u00e4ngen Hamburgs. Ver\u00f6ffentlichung des Helms-Museums, Arch\u00e4ologisches Museum Hamburg, Stadtmuseum Harburg 107 (Hamburg 2014) 346\u2013356. Zur Einf\u00fchrung: Slawische und s\u00e4chsische Burgen des 8. bis 10. Jahrhunderts \u2013 Typen, Konstruktionsweise, Funktion. In: R.-M. Weiss\/A. Klammt (Hrsg.), Mythos Hammaburg \u2013 Arch\u00e4ologische Entdeckungen zu den Anf\u00e4ngen Hamburgs. Ver\u00f6ffentlichung des Helms-Museums, Arch\u00e4ologisches Museum Hamburg, Stadtmuseum Harburg 107 (Hamburg 2014) 316-317. \u041e\u0431 \u0438\u0437\u0443\u0447\u0435\u043d\u0438\u0438 \u043f\u043e\u0441\u0435\u043b\u0435\u043d\u0438\u0439 (\u0432\u0437\u0433\u043b\u044f\u0434 \u0438\u0437\u0434\u0430\u043b\u0435\u043a\u0430) [Zur Erforschung von Siedlungen (aus der Fernsicht)]. In: \u0410\u043b\u043a\u0435\u0441\u0430\u043d\u0434\u0440 \u0412\u0430\u0441\u0438\u043b\u044c\u0435\u0432\u0438\u0447 \u041c\u0430\u0442\u0432\u0435\u0435\u0432. \u0421\u0431\u043e\u0440\u043d\u0438\u043a \u043d\u0430\u0443\u0447\u043d\u044b\u0445 \u0442\u0440\u0443\u0434\u043e\u0432 \u0438 \u0432\u043e\u0441\u043f\u043e\u043c\u0438\u043d\u0430\u043d\u0438\u0439 \u043f\u043e\u0441\u0432\u044f\u0449\u0435\u043d \u043f\u0430\u043c\u044f\u0442\u0438 \u0410.\u0412. \u041c\u0430\u0442\u0432\u0435\u0435\u0432\u0430 (\u0422\u044e\u043c\u0435\u043d\u044c 2014) 128-140. Hirschkult bei den Germanen? Die Deponierung von Hirschgeweih und Feuerbock aus Vietze an der Elbe. In: I. Heske, H.-J. N\u00fcsse, J. Schneewei\u00df (Hrsg.), \u201eLandschaft, Besiedlung und Siedlung\u201c. Arch\u00e4ologische Studien im nordeurop\u00e4ischen Kontext. Festschrift f\u00fcr Karl-Heinz Willroth zu seinem 65. Geburtstag. G\u00f6ttinger Schriften zur Vor- und Fr\u00fchgeschichte 33, Neum\u00fcnster-Hamburg 2013, 177-190. In: K.-H. Willroth, H.-J. Beug, F. L\u00fcth, F. Schopper, S. Messal, J. Schneewei\u00df (Hrsg.), Slawen an der unteren Mittelelbe. Untersuchungen zur l\u00e4ndlichen Besiedlung, zum Burgenbau, zu Besiedlungsstrukturen und zum Landschaftswandel. Fr\u00fchmittelalterliche Arch\u00e4ologie zwischen Ostsee und Mittelmeer 4 (Wiesbaden 2013): mit H. J\u00f6ns, Fr\u00fche Slawen \u2013 Einwanderung, fr\u00fcheste Nachweise l\u00e4ndlicher Siedlungen. Einleitung und Diskussion, 35-38. Fr\u00fche Slawen am H\u00f6hbeck, 53-60. Slawenzeitliche Befestigungen am H\u00f6hbeck,79-90. Raumnutzung und Siedlungsgef\u00fcge im Seegem\u00fcndungsgebiet, 117-124. mit H. Kennecke, Schezla \u2013 Hohbuoki \u2013 Lenzen \u2013 Meetschow: Neues zur Ostgrenze des Fr\u00e4n-kischen Reiches, 159-164. Handel und Handwerk in den slawischen Siedlungen am H\u00f6hbeck, 225-230. Sachsen, Franken, Slawen \u2013 zur Geschichte einer Grenzregion an der Elbe. Ein Vorbericht zu den Ausgrabungen des G\u00f6ttinger Seminars f\u00fcr Ur- und Fr\u00fchgeschichte am H\u00f6hbeck. In: K.-H. Willroth, J. Schneewei\u00df (Hrsg.), Slawen an der Elbe. G\u00f6ttinger Forschungen zur Ur- und Fr\u00fchgeschichte 1 (G\u00f6ttingen 2011) 57-102. mit M. Posselt, Die geophysikalischen Prospektionen der Jahre 2005\/2006 am Burgwall von Meet-schow. In: K.-H. Willroth, J. Schneewei\u00df (Hrsg.), Slawen an der Elbe .G\u00f6ttinger Forschungen zur Ur- und Fr\u00fchgeschichte 1 (G\u00f6ttingen 2011) 103-120. Eine Heiligenfibel aus Vietze-H\u00f6hbeck, Lkr. L\u00fcchow-Dannenberg, an der Ostgrenze des Fr\u00e4nkischen Reiches. In: C. Theune, F. Biermann, R. Struwe, G.H. Jeute (Hrsg.), Zwischen Fjorden und Steppe. Festschrift f\u00fcr Johan Callmer (= Internationale Arch\u00e4ologie, Studia honoraria 31), (Rahden\/Westfalen 2010) 251-262. \u201eProtourbane\u201c Siedlungen an der Wende vom 2. zum 1. Jahrtausend v. Chr. in der westsibirischen Waldsteppenzone. In: B. Horejs, T. Kienlin (Hrsg.), Siedlung und Handwerk. Studien zu sozialen Kontexten in der Bronzezeit. Beitr\u00e4ge zu den Sitzungen der AG Bronzezeit 2007 und 2008. Universit\u00e4tsforschungen zur Pr\u00e4historischen Arch\u00e4ologie 194 (Bonn 2010) 157-171. \u041a\u0443\u043b\u044c\u0442\u0443\u0440\u043d\u0430\u044f \u043e\u0431\u0441\u0442\u0430\u043d\u043e\u0432\u043a\u0430 \u043d\u0430 \u0440\u0443\u0431\u0435\u0436\u0435 II-I \u0442\u044b\u0441. \u0434\u043e \u043d.\u044d. \u0432 \u0437\u0430\u043f\u0430\u0434\u043d\u043e\u0441\u0438\u0431\u0438\u0440\u0441\u043a\u043e\u0439 \u043b\u0435\u0441\u043e\u0441\u0442\u0435\u043f\u0438 \u043d\u0430 \u043e\u0441\u043d\u043e\u0432\u0435 \u0430\u043d\u0430\u043b\u0438\u0437\u0430 \u043a\u0435\u0440\u0430\u043c\u0438\u0447\u0435\u0441\u043a\u043e\u0433\u043e \u043a\u043e\u043c\u043f\u043b\u0435\u043a\u0441\u0430 \u043f\u0430\u043c\u044f\u0442\u043d\u0438\u043a\u0430 \u0427\u0438\u0447\u0430-1 [Die kulturellen Verh\u00e4ltnisse an der Wende vom 2. zum 1. Jahrtausend n. Chr. in der westsibirischen Waldsteppe auf der Grundlage der Keramikanalyse von \u010ci\u010da 1]. In: \u042d\u0442\u043d\u043e\u043a\u0443\u043b\u044c\u0442\u0443\u0440\u043d\u044b\u0435 \u043f\u0440\u043e\u0446\u0435\u0441\u0441\u044b \u0432 \u0412\u0435\u0440\u0445\u043d\u0435\u043c \u041f\u0440\u0438\u043e\u0431\u044c\u0435 \u0438 \u0441\u043e\u043f\u0440\u0435\u0434\u0435\u043b\u044c\u043d\u044b\u0445 \u0440\u0435\u0433\u0438\u043e\u043d\u0430\u0445 \u0432 \u043a\u043e\u043d\u0446\u0435 \u044d\u043f\u043e\u0445\u0438 \u0431\u0440\u043e\u043d\u0437\u044b (\u0411\u0430\u0440\u043d\u0430\u0443\u043b 2008) 144-160. Pflugspuren und optisch stimulierte Lumineszenz (OSL) \u2013 M\u00f6glichkeiten und Grenzen. In: G. H. Jeute, J. Schneewei\u00df, C. Theune (Hrsg.), aedificatio terrae. Beitr\u00e4ge zur Umwelt- und Siedlungsarch\u00e4ologie Mitteleuropas. Festschrift f\u00fcr E. Gringmuth-Dallmer (= Internationale Arch\u00e4ologie, Studia honoraria 26), (Rahden\/Westfalen 2007) 325-332. Die Eisenverh\u00fcttung im westlichen Odergebiet. In: E. Gringmuth-Dallmer, L. Leciejewicz (Hrsg.), Forschungen zu Mensch und Umwelt im Odergebiet in ur- und fr\u00fchgeschichtlicher Zeit (= R\u00f6misch-Germanische Forschungen 60). (Mainz 2002) 363-369. Die siedlungsarch\u00e4ologische Kartierung einer Mikroregion. Ein Beispiel f\u00fcr den Einsatz von GIS in der Arch\u00e4ologie. In: B. Biste, R. Hohls (Hrsg.), Fachinformation und EDV-Arbeitstechniken f\u00fcr Historiker. Einf\u00fchrung und Arbeitsbuch (= HSR-Suppl. 12), (K\u00f6ln 2000) 354-365. Der Werder (Mecklenburg) und seine Besiedlung in fr\u00fchgeschichtlicher Zeit. In: K.-D. J\u00e4ger (Hrsg.), Neue Forschungen zur Siedlungsarch\u00e4ologie in Ostdeutschland (= Alteurop\u00e4ische Forschungen 4) (Weissbach 2000) 1-46. Originalarbeiten mit W. Kirleis, M. Wieckowska-L\u00fcth, H. Piezonka, N. Nedomolkina, S. Lorenz, V. Elberfeld, The development of plant use and cultivation in the Sukhona Basin, north-west Russia. In: S. Vanhanen and P. Lageraas (eds.), Archaeobotanical studies of past plant cultivation in northern Europe (Barkhuis Publishing, Groningen 2020) 101-117. mit A. Bartrow, Kirche von unten \u2013 Aktuelle Forschungsergebnisse zur Feldsteinkapelle von Vietze. Hannoversches Wendland 19, 2016\u20132019 (L\u00fcchow 2019) 143\u2013168. \u201cLate Antique Little Ice Age\u201d \u0438 \u0440\u0430\u0441\u043f\u0440\u043e\u0441\u0442\u0440\u0430\u043d\u0435\u043d\u0438\u0435 \u0441\u043b\u0430\u0432\u044f\u043d \u0432 \u0442\u0440\u0435\u0442\u044c\u0435\u0439 \u0447\u0435\u0442\u0432\u0435\u0440\u0442\u0438 I \u0442\u044b\u0441. \u043d. \u044d., \u0423\u0440\u0430\u043b\u044c\u0441\u043a\u0438\u0439 \u0438\u0441\u0442\u043e\u0440\u0438\u0447\u0435\u0441\u043a\u0438\u0439 \u0432\u0435\u0441\u0442\u043d\u0438\u043a \u2116 4 (65), 2019, 52\u201363. mit J. Sikora, P. Kittel u. a., A palaeoenvironmental reconstruction of the rampart construction of the medieval ring-fort in Rozprza, Central Poland, Archaeological and Anthropological Sciences 2019. mit L. S. Shumilovskikh, V. Ye. Rodinkova u. a., Insights into the late Holocene vegetation history of the East European forest-steppe: case study Sudzha (Kursk region, Russia), Vegetation History and Archaeobotany 2019. mit B. Gro\u00dfkopf, G. Bucher, A. Kronz, J. R. Ruppel, L. Shumilovskikh, N. Zornhagen, Alte Sammlungsobjekte \u2013 neue Erkenntnisse. Eine Teremok-Schatulle mit Mumienknochen, G\u00f6ttinger Jahrbuch 66, 2018, 149\u2013172. mit F. Becker, V.I. Molodin, H. Parzinger, Z.V. Marchenko, S.V. Svyatko, Radiocarbon chronology of occupation of the site Chicha and Bayesian statistics for the assessment of a discontinuous transition from Late Bronze to Early Iron Age (West Siberia). Russian Geology and Geophysics 59, 2018, 635\u2013651. mit J. Brandt, Ein neuer Blick auf die \u201eAlte Burg\u201c von Hollenstedt im Lichte aktueller Untersuchungen. Hammaburg N.F. 17, 2017, 71-145. mit K. Struckmeyer, J. Brandt, S. Hesse, D. N\u00f6sler, Arch\u00e4ometrische Untersuchungen s\u00e4chsisch-slawischer Keramik im nord\u00f6stlichen Niedersachsen \u2013 erste Ergebnisse und Perspektiven. Arch\u00e4ologisches Korrespondenzblatt 46, 2016, 517-538. mit F. Becker, Zur absoluten Chronologie der westsibirischen Sp\u00e4tbronze- und fr\u00fchen Eisenzeit. Die \u00dcberpr\u00fcfung der Besiedlungsphasen in \u010ci\u010da mit Bayes\u2019scher Statistik. Pr\u00e4historische Zeitschrift 91 (2), 2016, 431\u2013470. \u0421\u043b\u0430\u0432\u044f\u043d\u0441\u043a\u0430\u044f \u0430\u0440\u0445\u0435\u043e\u043b\u043e\u0433\u0438\u044f \u0432 \u0413\u0435\u0440\u043c\u0430\u043d\u0438\u0438 \u043f\u043e\u0441\u043b\u0435 \u0412\u0442\u043e\u0440\u043e\u0439 \u043c\u0438\u0440\u043e\u0432\u043e\u0439 \u0432\u043e\u0439\u043d\u044b: \u043d\u0430\u0443\u0447\u043d\u0430\u044f \u043d\u0430\u043f\u0440\u0430\u0432\u043b\u0435\u043d\u043d\u043e\u0441\u0442\u044c \u0432\u0447\u0435\u0440\u0430 \u0438 \u0441\u0435\u0433\u043e\u0434\u043d\u044f [Die Arch\u00e4ologie der Slawen in Deutschland nach dem Zweiten Weltkrieg: Wissenschaftliche Ausrichtung gestern und heute]. \u041a\u0440\u0430\u0442\u043a\u0438\u0435 \u0441\u043e\u043e\u0431\u0449\u0435\u043d\u0438\u044f \u0418\u043d\u0441\u0442\u0438\u0442\u0443\u0442\u0430 \u0430\u0440\u0445\u0435\u043e\u043b\u043e\u0433\u0438\u0438 (\u041a\u0421\u0418\u0410) 240, 2015, 71-90. mit K. Wiedner, M. Dippold, B. Glaser, Anthropogenic Dark Earth in Northern Germany \u2013 The Nordic Analogue to&#8230;<\/p>","protected":false},"author":3,"featured_media":0,"comment_status":"closed","ping_status":"closed","sticky":false,"template":"","format":"standard","meta":{"_eb_attr":"","inline_featured_image":false,"footnotes":""},"categories":[83],"tags":[],"class_list":["post-8834","post","type-post","status-publish","format-standard","hentry","category-staff"],"yoast_head":"<!-- This site is optimized with the Yoast SEO plugin v24.4 - https:\/\/yoast.com\/wordpress\/plugins\/seo\/ -->\n<title>PD Dr. phil. Jens Schneewei\u00df - Zentrum f\u00fcr Baltische und Skandinavische Arch\u00e4ologie (ZBSA) \u2014 Zentrum f\u00fcr Baltische und Skandinavische Arch\u00e4ologie<\/title>\n<meta name=\"robots\" content=\"index, follow, max-snippet:-1, max-image-preview:large, max-video-preview:-1\" \/>\n<link rel=\"canonical\" href=\"https:\/\/zbsa.eu\/en\/jens-schneeweiss\/\" \/>\n<meta property=\"og:locale\" content=\"en_GB\" \/>\n<meta property=\"og:type\" content=\"article\" \/>\n<meta property=\"og:title\" content=\"PD Dr. phil. Jens Schneewei\u00df - Zentrum f\u00fcr Baltische und Skandinavische Arch\u00e4ologie (ZBSA) \u2014 Zentrum f\u00fcr Baltische und Skandinavische Arch\u00e4ologie\" \/>\n<meta property=\"og:description\" content=\"E-Mail: jens.schneeweiss@zbsa.eu \u2022 Telefon: +49\/(0)4621\/813 \u2013 483 \u2022 Fax: +49\/(0)4621\/813 \u2013 535 Vita Geboren am 24.12.1969 in Berlin. 1990 bis 1993 Studium der Humanmedizin in Berlin und St. Petersburg. 1993 bis 2000 Studium der der Ur- und Fr\u00fchgeschichte, Klassischen Arch\u00e4ologie, Europ\u00e4ischen Ethnologie und Geologie an der Humboldt-Universit\u00e4t zu Berlin und an der Technischen Universit\u00e4t Berlin. Magister Artium zum Thema: &#8222;Der Werder zwischen Altentreptow-Friedland-Neubrandenburg vom 6. Jh. v. Chr. bis zum 13. Jh. n. Chr.\u201c (Betreuer: Achim Leube, Eike Gringmuth-Dallmer). 2000 bis 2004 wissenschaftlicher Mitarbeiter an der Eurasien-Abteilung und dem Skythenreferat des Deutschen Arch\u00e4ologischen Instituts in Berlin. 2004 Promotion zum Thema &#8222;Die Siedlung \u010ci\u010da in der westsibirischen Waldsteppe. Untersuchungen zur Keramik, Chronologie und kulturellen Stellung in der Sp\u00e4tbronzezeit und der \u00dcbergangsperiode zur fr\u00fchen Eisenzeit&#8220; an der Humboldt-Universit\u00e4t zu Berlin (Betreuer: Johan Callmer, Hermann Parzinger). 2005 bis 2010 wissenschaftlicher Mitarbeiter an der Universit\u00e4t G\u00f6ttingen im DFG-Projekt \u201eSlawen an der unteren Mittelelbe\u201c. Von Mai bis Oktober 2010 Forschungsstipendiat des DAAD und der MSH am Centre de recherches arch\u00e9ologiques et historiques anciennes et m\u00e9di\u00e9vales (Centre Michel de Bo\u00fcard) der Universit\u00e9 de Caen Basse-Normandie zum Thema: &#8222;Grenzen, R\u00e4ume und Kulturtransfer zwischen Normandie und Novgorod zur Wikingerzeit&#8220;. 2010 bis 2014 wissenschaftlicher Mitarbeiter und Kustos der Lehrsammlung des Seminars f\u00fcr Ur- und Fr\u00fchgeschichte der Universit\u00e4t G\u00f6ttingen. Zwischen 2015 und 2017 (insgesamt 18 Monate) Feodor Lynen Forschungsstipendiat der Alexander von Humbodt-Stiftung am Institut f\u00fcr die Geschichte der Materiellen Kultur der Russischen Akademie der Wissenschaften St. Petersburg zum Thema: &#8222;Siedlungs- und Landschaftsarch\u00e4ologie in der osteurop\u00e4ischen Waldzone im 1. Jahrtausend n. Chr.&#8220;. November 2017 bis Oktober 2018 wissenschaftlicher Mitarbeiter am Leibniz-Institut f\u00fcr Geschichte und Kultur des \u00f6stlichen Europa (GWZO) in Leipzig. Seit Oktober 2019 wissenschaftlicher Mitarbeiter im Exzellenzcluster ROOTS an der CAU Kiel und am ZBSA in Schleswig. 2019 Habilitation an der Philosophischen Fakult\u00e4t der Georg-August-Universit\u00e4t G\u00f6ttingen. Thema der Habilitationsschrift: &#8222;Zwischen den Welten. Arch\u00e4ologie einer europ\u00e4ischen Grenzregion zwischen Sachsen, Slawen, Franken und D\u00e4nen&#8220;. Venia legendi f\u00fcr das Fach Ur- und Fr\u00fchgeschichte. Arbeitsschwerpunkte Arch\u00e4ologie der Wikingerzeit und des slawischen Mittelalters im n\u00f6rdlichen Europa Burgwallforschung im \u00f6stlichen Ostseeraum Die osteurop\u00e4ische Waldzone in Eisenzeit und Fr\u00fchmittelalter (Siedlungs-, Wirtschafts- und Landschaftsgeschichte) Bronze- und Eisenzeit Sibiriens und Innerasiens Weitere Forschungsfelder und -interessen Siedlungs- und Landschaftsarch\u00e4ologie (Methodik) Subsistenzwirtschaft und Abfallmanagement vorindustrieller Gesellschaften Vorgewerbliche Siedlungskeramik: Produktion, Gebrauchsanalyse, Funktionsebenen Genese von Anthrosolen \/ Kulturschichten, arch\u00e4ologische Taphonomie Soziale Funktion von Mobilit\u00e4t, Identit\u00e4tsforschung \u201eZeitgeist\u201c und Kulturtransfer Physikalische und statistische Datierungsmethoden Publikationen (Auswahl) Monographien\/B\u00fccher Zwischen den Welten. Arch\u00e4ologie einer europ\u00e4ischen Grenzregion zwischen Sachsen, Slawen, Franken und D\u00e4nen. G\u00f6ttinger Schriften zur Vor- und Fr\u00fchgeschichte 36. Wachholtz-Verlag (Kiel\/Hamburg 2020) Arch\u00e4ologische Streiflichter vom H\u00f6hbeck zum 1200. Jahrestag seiner Ersterw\u00e4hnung. Von den Anf\u00e4ngen bis ins Mittelalter (L\u00fcneburg 2010).\u2022\u00a0\u00a0\u00a0 Die Siedlung \u010ci\u010da in der westsibirischen Waldsteppe I. Untersuchungen zur Keramik, Chronologie und kulturellen Stellung in der Sp\u00e4tbronzezeit und der \u00dcbergangsperiode zur fr\u00fchen Eisenzeit. Arch\u00e4ologie in Eurasien 22 (Mainz 2007).\u2022\u00a0\u00a0\u00a0 Der Werder zwischen Altentreptow-Friedland-Neubrandenburg vom 6. Jh. vor bis zum 13. Jh. n. Chr. Siedlungsarch\u00e4ologische Untersuchungen einer Kleinlandschaft in Nordostdeutschland (= Universit\u00e4tsforschungen zur Pr\u00e4historischen Arch\u00e4ologie 102), (Bonn 2003). mit Autorenkollektiv mit V.I. Molodin, H. Parzinger u. a., \u010ci\u010da \u2013 eine befestigte Ansiedlung der \u00dcbergangsperiode von der Sp\u00e4tbronze- zur Fr\u00fcheisenzeit in der Barabinsker Waldsteppe. Teil 1 (Novosibirsk 2001). Teil 2 (Novosibirsk-Berlin 2004). Teil 3 (Novosibirsk-Berlin 2009). Herausgeberschaft mit I. Heske und H.-J. N\u00fcsse, \u201eLandschaft, Besiedlung und Siedlung\u201c. Arch\u00e4ologische Studien im nordeurop\u00e4ischen Kontext. Festschrift f\u00fcr Karl-Heinz Willroth zu seinem 65. Geburtstag. G\u00f6ttinger Schriften zur Vor- und Fr\u00fchgeschichte 33 (Neum\u00fcnster-Hamburg 2013). mit K.-H. Willroth, H.-J. Beug, F. L\u00fcth, F. Schopper, S. Messal, Slawen an der unteren Mittelelbe. Untersuchungen zur l\u00e4ndlichen Besiedlung, zum Burgenbau, zu Besiedlungsstrukturen und zum Landschaftswandel. Beitr\u00e4ge zum Kolloquium vom 7.-9. April 2010 in Frankfurt a. M. Fr\u00fchmittelalterliche Arch\u00e4ologie zwischen Ostsee und Mittelmeer 4 (Wiesbaden 2013). mit K.-H. Willroth, Slawen an der Elbe. G\u00f6ttinger Forschungen zur Ur- und Fr\u00fchgeschichte 1 (G\u00f6ttingen 2011). mit G.H. Jeute und C. Theune, aedificatio terrae. Beitr\u00e4ge zur Umwelt- und Siedlungsarch\u00e4ologie Mitteleuropas. Festschrift f\u00fcr Eike Gringmuth-Dallmer zum 65. Geburtstag, Studia honoraria 26 (Rahden \/ Westfalen 2007). \u00a0 Buchbeitr\u00e4ge mit H. J\u00f6ns, E. Gringmuth-Dallmer, S. Messal, Die Slawen. Nachbarn m\u00e4chtiger Reiche. In: E. B\u00e1nffy, K. P. Hofmann, P. Rummel (Hrsg.), Spuren des Menschen. 800000 Jahre Geschichte in Europa (Stuttgart 2019) 342\u2013367. Menschen im Sumpf. In: E. B\u00e1nffy, K. P. Hofmann, P. Rummel (Hrsg.), Spuren des Menschen. 800000 Jahre Geschichte in Europa (Stuttgart 2019) 344. Wo lag Schezla? Ein vergessener Grenzort des fr\u00fchen 9. Jahrhunderts. In: B. Ludowici (Hrsg.), Saxones. Neue Studien zur Sachsenforschung 7 (Darmstadt 2019) 287\u2013289. \u041a\u0430\u043a \u0438\u0441\u0442\u043e\u0440\u0438\u0447\u0435\u0441\u043a\u0438\u0435 \u0434\u0430\u0442\u044b \u043c\u043e\u0433\u0443\u0442 \u0432\u043b\u0438\u044f\u0442\u044c \u043d\u0430 \u0430\u0440\u0445\u0435\u043e\u043b\u043e\u0433\u0438\u0447\u0435\u0441\u043a\u043e\u0435 \u0438\u0441\u0441\u043b\u0435\u0434\u043e\u0432\u0430\u043d\u0438\u0435 (\u0442\u0440\u0438 \u043a\u043b\u044e\u0447\u0435\u0432\u044b\u0435 \u0434\u0430\u0442\u044b \u044d\u043f\u043e\u0445\u0438 \u0432\u0438\u043a\u0438\u043d\u0433\u043e\u0432: 793 \u0433., 862 \u0433. \u0438 929 \u0433.) \/ How historical dates can affect archaeological research (the Viking Age examples of 793 AD, 862 AD and 929 AD). In: M. T. Kashuba, E. Kaiser (Hrsg.), Principles and Methods of Dating in Archaeology (Neolithic \u2013 Middle Ages) (St. Petersburg 2018) 206\u2013232. \u0420\u0430\u043d\u043d\u0435\u0441\u0440\u0435\u0434\u043d\u0435\u0432\u0435\u043a\u043e\u0432\u044b\u0435 \u0433\u043e\u0440\u043e\u0434\u0438\u0449\u0430 \u0441\u0435\u0432\u0435\u0440\u043d\u043e\u0439 \u0413\u0435\u0440\u043c\u0430\u043d\u0438\u0438 [Early medieval strongholds in Northern Germany]. In: \u041d.\u0418. \u041f\u043b\u0430\u0442\u043e\u043d\u043e\u0432\u0430 (Hrsg.), \u00c9lite ou \u00c9galit\u00e9\u2026 \u0421\u0435\u0432\u0435\u0440\u043d\u0430\u044f \u0420\u0443\u0441\u044c \u0438 \u043a\u0443\u043b\u044c\u0442\u0443\u0440\u043d\u044b\u0435 \u0442\u0440\u0430\u043d\u0441\u0444\u043e\u0440\u043c\u0430\u0446\u0438\u0438 \u0432 \u0415\u0432\u0440\u043e\u043f\u0435 VII\u2013XII \u0432\u0432. [Northern Rus&#8216; and cultural transformations in Europe in the 600-1300 A.D.] (St. Petersburg 2017) 198-224. \u041a \u0432\u043e\u043f\u0440\u043e\u0441\u0443 \u043e \u0432\u043b\u0438\u044f\u043d\u0438\u0438 \u0438\u0441\u0442\u043e\u0440\u0438\u0447\u0435\u0441\u043a\u0438\u0445 \u0434\u0430\u0442 \u043d\u0430 \u0430\u0440\u0445\u0435\u043e\u043b\u043e\u0433\u0438\u0447\u0435\u0441\u043a\u043e\u0435 \u0438\u0441\u0441\u043b\u0435\u0434\u043e\u0432\u0430\u043d\u0438\u0435 (\u0442\u0440\u0438 \u043a\u043b\u044e\u0447\u0435\u0432\u044b\u0435 \u0434\u0430\u0442\u044b \u044d\u043f\u043e\u0445\u0438 \u0432\u0438\u043a\u0438\u043d\u0433\u043e\u0432: 793 \u0433., 862 \u0433. \u0438 929 \u0433.) [How historical dates can affect archaeological research (three Viking Age examples: 793 A.D., 862 A.D. and 929 A.D.)]. In: \u041d.\u0418. \u041f\u043b\u0430\u0442\u043e\u043d\u043e\u0432\u0430 (Hrsg.), \u00c9lite ou \u00c9galit\u00e9\u2026 \u0421\u0435\u0432\u0435\u0440\u043d\u0430\u044f \u0420\u0443\u0441\u044c \u0438 \u043a\u0443\u043b\u044c\u0442\u0443\u0440\u043d\u044b\u0435 \u0442\u0440\u0430\u043d\u0441\u0444\u043e\u0440\u043c\u0430\u0446\u0438\u0438 \u0432 \u0415\u0432\u0440\u043e\u043f\u0435 VII\u2013XII \u0432\u0432. [Northern Rus&#8216; and cultural transformations in Europe in the 600-1300 A.D.] (St. Petersburg 2017) 40-68. \u041a\u0435\u0440\u0430\u043c\u0438\u043a\u0430 \u043a\u0430\u043a \u0441\u0432\u0438\u0434\u0435\u0442\u0435\u043b\u044c\u0441\u0442\u0432\u043e \u0438\u0434\u0435\u043d\u0442\u0438\u0447\u043d\u043e\u0441\u0442\u0438 \u0438 \u043a\u0443\u043b\u044c\u0442\u0443\u0440\u043d\u043e\u0433\u043e \u0442\u0440\u0430\u043d\u0441\u0444\u0435\u0440\u0430? \u0421\u0430\u043a\u0441\u043e\u043d\u0441\u043a\u0430\u044f \u0438 \u0441\u043b\u0430\u0432\u044f\u043d\u0441\u043a\u0430\u044f \u043a\u0435\u0440\u0430\u043c\u0438\u043a\u0430 VIII\u2013X \u0432\u0432. \u0432 \u041d\u0438\u0436\u043d\u0435\u043c \u041f\u043e\u044d\u043b\u044c\u0431\u044c\u0435. [Keramik als Zeugnis von Identit\u00e4t und Kulturtransfer? Das Beispiel der s\u00e4chsischen und slawischen Keramik vom 8.-10. Jh. im unteren Elbgebiet] In: \u0415\u0432\u0440\u043e\u043f\u0430 \u043e\u0442 \u041b\u0430\u0442\u0435\u043d\u0430 \u0434\u043e \u0421\u0440\u0435\u0434\u043d\u0435\u0432\u0435\u043a\u043e\u0432\u044c\u044f. \u0412\u0430\u0440\u0432\u0430\u0440\u0441\u043a\u0438\u0439 \u043c\u0438\u0440 \u0438 \u0440\u043e\u0436\u0434\u0435\u043d\u0438\u0435 \u0441\u043b\u0430\u0432\u044f\u043d\u0441\u043a\u0438\u0445 \u043a\u0443\u043b\u044c\u0442\u0443\u0440. \u041a 60-\u043b\u0435\u0442\u0438\u044e \u0410.\u041c. \u041e\u0431\u043b\u043e\u043c\u0441\u043a\u043e\u0433\u043e. \u0420\u0430\u043d\u043d\u0435\u0441\u043b\u0430\u0432\u044f\u043d\u0441\u043a\u0438\u0439 \u043c\u0438\u0440 19 (\u041c\u043e\u0441\u043a\u0432\u0430 2017) 90-102. Aus dem Nichts zur Weltmacht? Die l\u00e4ndliche Besiedlung der Waldzone Nordwestrusslands vor Beginn der Staatlichkeit. Geschichte und Perspektiven der Forschung. In: B. V. Eriksen, A. Abegg-Wigg, R. Bleile, U. Ickerodt (Hrsg.), Interaktion ohne Grenzen. Beispiele arch\u00e4ologischer Forschungen am Beginn des 21. Jahrhunderts. Festschrift f\u00fcr Claus von Carnap-Bornheim zum 60. Geburtstag (Schleswig 2017) 717-730. Identit\u00e4t und Ethnizit\u00e4t im Fr\u00fchmittelalter. Zur Rolle der Arch\u00e4ologie in der aktuellen Diskussion. In: \u0413\u043e\u0440\u043e\u0434\u0430 \u0438 \u0432\u0435\u0441\u0438 \u0441\u0440\u0435\u0434\u043d\u0435\u0432\u0435\u043a\u043e\u0432\u043e\u0439 \u0420\u0443\u0441\u0438: \u0430\u0440\u0445\u0435\u043e\u043b\u043e\u0433\u0438\u044f, \u0438\u0441\u0442\u043e\u0440\u0438\u044f, \u043a\u0443\u043b\u044c\u0442\u0443\u0440\u0430 (\u041coskau 2015) 574-591. Das Kastell hohbuoki und der Ort Schezla an der Elbe. In: R.-M. Weiss\/A. Klammt (Hrsg.), Mythos Hammaburg \u2013 Arch\u00e4ologische Entdeckungen zu den Anf\u00e4ngen Hamburgs. Ver\u00f6ffentlichung des Helms-Museums, Arch\u00e4ologisches Museum Hamburg, Stadtmuseum Harburg 107 (Hamburg 2014) 346\u2013356. Zur Einf\u00fchrung: Slawische und s\u00e4chsische Burgen des 8. bis 10. Jahrhunderts \u2013 Typen, Konstruktionsweise, Funktion. In: R.-M. Weiss\/A. Klammt (Hrsg.), Mythos Hammaburg \u2013 Arch\u00e4ologische Entdeckungen zu den Anf\u00e4ngen Hamburgs. Ver\u00f6ffentlichung des Helms-Museums, Arch\u00e4ologisches Museum Hamburg, Stadtmuseum Harburg 107 (Hamburg 2014) 316-317. \u041e\u0431 \u0438\u0437\u0443\u0447\u0435\u043d\u0438\u0438 \u043f\u043e\u0441\u0435\u043b\u0435\u043d\u0438\u0439 (\u0432\u0437\u0433\u043b\u044f\u0434 \u0438\u0437\u0434\u0430\u043b\u0435\u043a\u0430) [Zur Erforschung von Siedlungen (aus der Fernsicht)]. In: \u0410\u043b\u043a\u0435\u0441\u0430\u043d\u0434\u0440 \u0412\u0430\u0441\u0438\u043b\u044c\u0435\u0432\u0438\u0447 \u041c\u0430\u0442\u0432\u0435\u0435\u0432. \u0421\u0431\u043e\u0440\u043d\u0438\u043a \u043d\u0430\u0443\u0447\u043d\u044b\u0445 \u0442\u0440\u0443\u0434\u043e\u0432 \u0438 \u0432\u043e\u0441\u043f\u043e\u043c\u0438\u043d\u0430\u043d\u0438\u0439 \u043f\u043e\u0441\u0432\u044f\u0449\u0435\u043d \u043f\u0430\u043c\u044f\u0442\u0438 \u0410.\u0412. \u041c\u0430\u0442\u0432\u0435\u0435\u0432\u0430 (\u0422\u044e\u043c\u0435\u043d\u044c 2014) 128-140. Hirschkult bei den Germanen? Die Deponierung von Hirschgeweih und Feuerbock aus Vietze an der Elbe. In: I. Heske, H.-J. N\u00fcsse, J. Schneewei\u00df (Hrsg.), \u201eLandschaft, Besiedlung und Siedlung\u201c. Arch\u00e4ologische Studien im nordeurop\u00e4ischen Kontext. Festschrift f\u00fcr Karl-Heinz Willroth zu seinem 65. Geburtstag. G\u00f6ttinger Schriften zur Vor- und Fr\u00fchgeschichte 33, Neum\u00fcnster-Hamburg 2013, 177-190. In: K.-H. Willroth, H.-J. Beug, F. L\u00fcth, F. Schopper, S. Messal, J. Schneewei\u00df (Hrsg.), Slawen an der unteren Mittelelbe. Untersuchungen zur l\u00e4ndlichen Besiedlung, zum Burgenbau, zu Besiedlungsstrukturen und zum Landschaftswandel. Fr\u00fchmittelalterliche Arch\u00e4ologie zwischen Ostsee und Mittelmeer 4 (Wiesbaden 2013): mit H. J\u00f6ns, Fr\u00fche Slawen \u2013 Einwanderung, fr\u00fcheste Nachweise l\u00e4ndlicher Siedlungen. Einleitung und Diskussion, 35-38. Fr\u00fche Slawen am H\u00f6hbeck, 53-60. Slawenzeitliche Befestigungen am H\u00f6hbeck,79-90. Raumnutzung und Siedlungsgef\u00fcge im Seegem\u00fcndungsgebiet, 117-124. mit H. Kennecke, Schezla \u2013 Hohbuoki \u2013 Lenzen \u2013 Meetschow: Neues zur Ostgrenze des Fr\u00e4n-kischen Reiches, 159-164. Handel und Handwerk in den slawischen Siedlungen am H\u00f6hbeck, 225-230. Sachsen, Franken, Slawen \u2013 zur Geschichte einer Grenzregion an der Elbe. Ein Vorbericht zu den Ausgrabungen des G\u00f6ttinger Seminars f\u00fcr Ur- und Fr\u00fchgeschichte am H\u00f6hbeck. In: K.-H. Willroth, J. Schneewei\u00df (Hrsg.), Slawen an der Elbe. G\u00f6ttinger Forschungen zur Ur- und Fr\u00fchgeschichte 1 (G\u00f6ttingen 2011) 57-102. mit M. Posselt, Die geophysikalischen Prospektionen der Jahre 2005\/2006 am Burgwall von Meet-schow. In: K.-H. Willroth, J. Schneewei\u00df (Hrsg.), Slawen an der Elbe .G\u00f6ttinger Forschungen zur Ur- und Fr\u00fchgeschichte 1 (G\u00f6ttingen 2011) 103-120. Eine Heiligenfibel aus Vietze-H\u00f6hbeck, Lkr. L\u00fcchow-Dannenberg, an der Ostgrenze des Fr\u00e4nkischen Reiches. In: C. Theune, F. Biermann, R. Struwe, G.H. Jeute (Hrsg.), Zwischen Fjorden und Steppe. Festschrift f\u00fcr Johan Callmer (= Internationale Arch\u00e4ologie, Studia honoraria 31), (Rahden\/Westfalen 2010) 251-262. \u201eProtourbane\u201c Siedlungen an der Wende vom 2. zum 1. Jahrtausend v. Chr. in der westsibirischen Waldsteppenzone. In: B. Horejs, T. Kienlin (Hrsg.), Siedlung und Handwerk. Studien zu sozialen Kontexten in der Bronzezeit. Beitr\u00e4ge zu den Sitzungen der AG Bronzezeit 2007 und 2008. Universit\u00e4tsforschungen zur Pr\u00e4historischen Arch\u00e4ologie 194 (Bonn 2010) 157-171. \u041a\u0443\u043b\u044c\u0442\u0443\u0440\u043d\u0430\u044f \u043e\u0431\u0441\u0442\u0430\u043d\u043e\u0432\u043a\u0430 \u043d\u0430 \u0440\u0443\u0431\u0435\u0436\u0435 II-I \u0442\u044b\u0441. \u0434\u043e \u043d.\u044d. \u0432 \u0437\u0430\u043f\u0430\u0434\u043d\u043e\u0441\u0438\u0431\u0438\u0440\u0441\u043a\u043e\u0439 \u043b\u0435\u0441\u043e\u0441\u0442\u0435\u043f\u0438 \u043d\u0430 \u043e\u0441\u043d\u043e\u0432\u0435 \u0430\u043d\u0430\u043b\u0438\u0437\u0430 \u043a\u0435\u0440\u0430\u043c\u0438\u0447\u0435\u0441\u043a\u043e\u0433\u043e \u043a\u043e\u043c\u043f\u043b\u0435\u043a\u0441\u0430 \u043f\u0430\u043c\u044f\u0442\u043d\u0438\u043a\u0430 \u0427\u0438\u0447\u0430-1 [Die kulturellen Verh\u00e4ltnisse an der Wende vom 2. zum 1. Jahrtausend n. Chr. in der westsibirischen Waldsteppe auf der Grundlage der Keramikanalyse von \u010ci\u010da 1]. In: \u042d\u0442\u043d\u043e\u043a\u0443\u043b\u044c\u0442\u0443\u0440\u043d\u044b\u0435 \u043f\u0440\u043e\u0446\u0435\u0441\u0441\u044b \u0432 \u0412\u0435\u0440\u0445\u043d\u0435\u043c \u041f\u0440\u0438\u043e\u0431\u044c\u0435 \u0438 \u0441\u043e\u043f\u0440\u0435\u0434\u0435\u043b\u044c\u043d\u044b\u0445 \u0440\u0435\u0433\u0438\u043e\u043d\u0430\u0445 \u0432 \u043a\u043e\u043d\u0446\u0435 \u044d\u043f\u043e\u0445\u0438 \u0431\u0440\u043e\u043d\u0437\u044b (\u0411\u0430\u0440\u043d\u0430\u0443\u043b 2008) 144-160. Pflugspuren und optisch stimulierte Lumineszenz (OSL) \u2013 M\u00f6glichkeiten und Grenzen. In: G. H. Jeute, J. Schneewei\u00df, C. Theune (Hrsg.), aedificatio terrae. Beitr\u00e4ge zur Umwelt- und Siedlungsarch\u00e4ologie Mitteleuropas. Festschrift f\u00fcr E. Gringmuth-Dallmer (= Internationale Arch\u00e4ologie, Studia honoraria 26), (Rahden\/Westfalen 2007) 325-332. Die Eisenverh\u00fcttung im westlichen Odergebiet. In: E. Gringmuth-Dallmer, L. Leciejewicz (Hrsg.), Forschungen zu Mensch und Umwelt im Odergebiet in ur- und fr\u00fchgeschichtlicher Zeit (= R\u00f6misch-Germanische Forschungen 60). (Mainz 2002) 363-369. Die siedlungsarch\u00e4ologische Kartierung einer Mikroregion. Ein Beispiel f\u00fcr den Einsatz von GIS in der Arch\u00e4ologie. In: B. Biste, R. Hohls (Hrsg.), Fachinformation und EDV-Arbeitstechniken f\u00fcr Historiker. Einf\u00fchrung und Arbeitsbuch (= HSR-Suppl. 12), (K\u00f6ln 2000) 354-365. Der Werder (Mecklenburg) und seine Besiedlung in fr\u00fchgeschichtlicher Zeit. In: K.-D. J\u00e4ger (Hrsg.), Neue Forschungen zur Siedlungsarch\u00e4ologie in Ostdeutschland (= Alteurop\u00e4ische Forschungen 4) (Weissbach 2000) 1-46. Originalarbeiten mit W. Kirleis, M. Wieckowska-L\u00fcth, H. Piezonka, N. Nedomolkina, S. Lorenz, V. Elberfeld, The development of plant use and cultivation in the Sukhona Basin, north-west Russia. In: S. Vanhanen and P. Lageraas (eds.), Archaeobotanical studies of past plant cultivation in northern Europe (Barkhuis Publishing, Groningen 2020) 101-117. mit A. Bartrow, Kirche von unten \u2013 Aktuelle Forschungsergebnisse zur Feldsteinkapelle von Vietze. Hannoversches Wendland 19, 2016\u20132019 (L\u00fcchow 2019) 143\u2013168. \u201cLate Antique Little Ice Age\u201d \u0438 \u0440\u0430\u0441\u043f\u0440\u043e\u0441\u0442\u0440\u0430\u043d\u0435\u043d\u0438\u0435 \u0441\u043b\u0430\u0432\u044f\u043d \u0432 \u0442\u0440\u0435\u0442\u044c\u0435\u0439 \u0447\u0435\u0442\u0432\u0435\u0440\u0442\u0438 I \u0442\u044b\u0441. \u043d. \u044d., \u0423\u0440\u0430\u043b\u044c\u0441\u043a\u0438\u0439 \u0438\u0441\u0442\u043e\u0440\u0438\u0447\u0435\u0441\u043a\u0438\u0439 \u0432\u0435\u0441\u0442\u043d\u0438\u043a \u2116 4 (65), 2019, 52\u201363. mit J. Sikora, P. Kittel u. a., A palaeoenvironmental reconstruction of the rampart construction of the medieval ring-fort in Rozprza, Central Poland, Archaeological and Anthropological Sciences 2019. mit L. S. Shumilovskikh, V. Ye. Rodinkova u. a., Insights into the late Holocene vegetation history of the East European forest-steppe: case study Sudzha (Kursk region, Russia), Vegetation History and Archaeobotany 2019. mit B. Gro\u00dfkopf, G. Bucher, A. Kronz, J. R. Ruppel, L. Shumilovskikh, N. Zornhagen, Alte Sammlungsobjekte \u2013 neue Erkenntnisse. Eine Teremok-Schatulle mit Mumienknochen, G\u00f6ttinger Jahrbuch 66, 2018, 149\u2013172. mit F. Becker, V.I. Molodin, H. Parzinger, Z.V. Marchenko, S.V. Svyatko, Radiocarbon chronology of occupation of the site Chicha and Bayesian statistics for the assessment of a discontinuous transition from Late Bronze to Early Iron Age (West Siberia). Russian Geology and Geophysics 59, 2018, 635\u2013651. mit J. Brandt, Ein neuer Blick auf die \u201eAlte Burg\u201c von Hollenstedt im Lichte aktueller Untersuchungen. Hammaburg N.F. 17, 2017, 71-145. mit K. Struckmeyer, J. Brandt, S. Hesse, D. N\u00f6sler, Arch\u00e4ometrische Untersuchungen s\u00e4chsisch-slawischer Keramik im nord\u00f6stlichen Niedersachsen \u2013 erste Ergebnisse und Perspektiven. Arch\u00e4ologisches Korrespondenzblatt 46, 2016, 517-538. mit F. Becker, Zur absoluten Chronologie der westsibirischen Sp\u00e4tbronze- und fr\u00fchen Eisenzeit. Die \u00dcberpr\u00fcfung der Besiedlungsphasen in \u010ci\u010da mit Bayes\u2019scher Statistik. Pr\u00e4historische Zeitschrift 91 (2), 2016, 431\u2013470. \u0421\u043b\u0430\u0432\u044f\u043d\u0441\u043a\u0430\u044f \u0430\u0440\u0445\u0435\u043e\u043b\u043e\u0433\u0438\u044f \u0432 \u0413\u0435\u0440\u043c\u0430\u043d\u0438\u0438 \u043f\u043e\u0441\u043b\u0435 \u0412\u0442\u043e\u0440\u043e\u0439 \u043c\u0438\u0440\u043e\u0432\u043e\u0439 \u0432\u043e\u0439\u043d\u044b: \u043d\u0430\u0443\u0447\u043d\u0430\u044f \u043d\u0430\u043f\u0440\u0430\u0432\u043b\u0435\u043d\u043d\u043e\u0441\u0442\u044c \u0432\u0447\u0435\u0440\u0430 \u0438 \u0441\u0435\u0433\u043e\u0434\u043d\u044f [Die Arch\u00e4ologie der Slawen in Deutschland nach dem Zweiten Weltkrieg: Wissenschaftliche Ausrichtung gestern und heute]. \u041a\u0440\u0430\u0442\u043a\u0438\u0435 \u0441\u043e\u043e\u0431\u0449\u0435\u043d\u0438\u044f \u0418\u043d\u0441\u0442\u0438\u0442\u0443\u0442\u0430 \u0430\u0440\u0445\u0435\u043e\u043b\u043e\u0433\u0438\u0438 (\u041a\u0421\u0418\u0410) 240, 2015, 71-90. mit K. Wiedner, M. Dippold, B. Glaser, Anthropogenic Dark Earth in Northern Germany \u2013 The Nordic Analogue to...\" \/>\n<meta property=\"og:url\" content=\"https:\/\/zbsa.eu\/en\/jens-schneeweiss\/\" \/>\n<meta property=\"og:site_name\" content=\"Zentrum f\u00fcr Baltische und Skandinavische Arch\u00e4ologie (ZBSA) \u2014 Zentrum f\u00fcr Baltische und Skandinavische Arch\u00e4ologie\" \/>\n<meta property=\"article:published_time\" content=\"2021-11-01T09:59:10+00:00\" \/>\n<meta property=\"article:modified_time\" content=\"2021-11-01T14:11:03+00:00\" \/>\n<meta property=\"og:image\" content=\"https:\/\/zbsa.eu\/wp-content\/uploads\/2021\/11\/j_schneeweiss.jpg\" \/>\n<meta name=\"author\" content=\"Matthias Bolte\" \/>\n<meta name=\"twitter:card\" content=\"summary_large_image\" \/>\n<meta name=\"twitter:label1\" content=\"Written by\" \/>\n\t<meta name=\"twitter:data1\" content=\"Matthias Bolte\" \/>\n\t<meta name=\"twitter:label2\" content=\"Estimated reading time\" \/>\n\t<meta name=\"twitter:data2\" content=\"18 minutes\" \/>\n<script type=\"application\/ld+json\" class=\"yoast-schema-graph\">{\"@context\":\"https:\/\/schema.org\",\"@graph\":[{\"@type\":\"WebPage\",\"@id\":\"https:\/\/zbsa.eu\/en\/jens-schneeweiss\/\",\"url\":\"https:\/\/zbsa.eu\/en\/jens-schneeweiss\/\",\"name\":\"PD Dr. phil. Jens Schneewei\u00df - Zentrum f\u00fcr Baltische und Skandinavische Arch\u00e4ologie (ZBSA) \u2014 Zentrum f\u00fcr Baltische und Skandinavische Arch\u00e4ologie\",\"isPartOf\":{\"@id\":\"https:\/\/zbsa.eu\/#website\"},\"primaryImageOfPage\":{\"@id\":\"https:\/\/zbsa.eu\/en\/jens-schneeweiss\/#primaryimage\"},\"image\":{\"@id\":\"https:\/\/zbsa.eu\/en\/jens-schneeweiss\/#primaryimage\"},\"thumbnailUrl\":\"https:\/\/zbsa.eu\/wp-content\/uploads\/2021\/11\/j_schneeweiss.jpg\",\"datePublished\":\"2021-11-01T09:59:10+00:00\",\"dateModified\":\"2021-11-01T14:11:03+00:00\",\"author\":{\"@id\":\"https:\/\/zbsa.eu\/#\/schema\/person\/b980623b66a6ffb097697286521920c5\"},\"breadcrumb\":{\"@id\":\"https:\/\/zbsa.eu\/en\/jens-schneeweiss\/#breadcrumb\"},\"inLanguage\":\"en-GB\",\"potentialAction\":[{\"@type\":\"ReadAction\",\"target\":[\"https:\/\/zbsa.eu\/en\/jens-schneeweiss\/\"]}]},{\"@type\":\"ImageObject\",\"inLanguage\":\"en-GB\",\"@id\":\"https:\/\/zbsa.eu\/en\/jens-schneeweiss\/#primaryimage\",\"url\":\"https:\/\/zbsa.eu\/wp-content\/uploads\/2021\/11\/j_schneeweiss.jpg\",\"contentUrl\":\"https:\/\/zbsa.eu\/wp-content\/uploads\/2021\/11\/j_schneeweiss.jpg\"},{\"@type\":\"BreadcrumbList\",\"@id\":\"https:\/\/zbsa.eu\/en\/jens-schneeweiss\/#breadcrumb\",\"itemListElement\":[{\"@type\":\"ListItem\",\"position\":1,\"name\":\"Startseite\",\"item\":\"https:\/\/zbsa.eu\/\"},{\"@type\":\"ListItem\",\"position\":2,\"name\":\"Staff\",\"item\":\"https:\/\/zbsa.eu\/en\/category\/staff\/\"},{\"@type\":\"ListItem\",\"position\":3,\"name\":\"PD Dr. phil. Jens Schneewei\u00df\"}]},{\"@type\":\"WebSite\",\"@id\":\"https:\/\/zbsa.eu\/#website\",\"url\":\"https:\/\/zbsa.eu\/\",\"name\":\"Zentrum f\u00fcr Baltische und Skandinavische Arch\u00e4ologie (ZBSA) \u2014 Zentrum f\u00fcr Baltische und Skandinavische Arch\u00e4ologie\",\"description\":\"\",\"potentialAction\":[{\"@type\":\"SearchAction\",\"target\":{\"@type\":\"EntryPoint\",\"urlTemplate\":\"https:\/\/zbsa.eu\/?s={search_term_string}\"},\"query-input\":{\"@type\":\"PropertyValueSpecification\",\"valueRequired\":true,\"valueName\":\"search_term_string\"}}],\"inLanguage\":\"en-GB\"},{\"@type\":\"Person\",\"@id\":\"https:\/\/zbsa.eu\/#\/schema\/person\/b980623b66a6ffb097697286521920c5\",\"name\":\"Matthias Bolte\",\"image\":{\"@type\":\"ImageObject\",\"inLanguage\":\"en-GB\",\"@id\":\"https:\/\/zbsa.eu\/#\/schema\/person\/image\/\",\"url\":\"https:\/\/secure.gravatar.com\/avatar\/1f3bc1bfe4b641855cb944e558d4f3de1b57120f6dfe8f4368ebfe0384a5acab?s=96&d=mm&r=g\",\"contentUrl\":\"https:\/\/secure.gravatar.com\/avatar\/1f3bc1bfe4b641855cb944e558d4f3de1b57120f6dfe8f4368ebfe0384a5acab?s=96&d=mm&r=g\",\"caption\":\"Matthias Bolte\"},\"url\":\"https:\/\/zbsa.eu\/en\/author\/matthias-bolte\/\"}]}<\/script>\n<!-- \/ Yoast SEO plugin. -->","yoast_head_json":{"title":"PD Dr. phil. Jens Schneewei\u00df - Zentrum f\u00fcr Baltische und Skandinavische Arch\u00e4ologie (ZBSA) \u2014 Zentrum f\u00fcr Baltische und Skandinavische Arch\u00e4ologie","robots":{"index":"index","follow":"follow","max-snippet":"max-snippet:-1","max-image-preview":"max-image-preview:large","max-video-preview":"max-video-preview:-1"},"canonical":"https:\/\/zbsa.eu\/en\/jens-schneeweiss\/","og_locale":"en_GB","og_type":"article","og_title":"PD Dr. phil. Jens Schneewei\u00df - Zentrum f\u00fcr Baltische und Skandinavische Arch\u00e4ologie (ZBSA) \u2014 Zentrum f\u00fcr Baltische und Skandinavische Arch\u00e4ologie","og_description":"E-Mail: jens.schneeweiss@zbsa.eu \u2022 Telefon: +49\/(0)4621\/813 \u2013 483 \u2022 Fax: +49\/(0)4621\/813 \u2013 535 Vita Geboren am 24.12.1969 in Berlin. 1990 bis 1993 Studium der Humanmedizin in Berlin und St. Petersburg. 1993 bis 2000 Studium der der Ur- und Fr\u00fchgeschichte, Klassischen Arch\u00e4ologie, Europ\u00e4ischen Ethnologie und Geologie an der Humboldt-Universit\u00e4t zu Berlin und an der Technischen Universit\u00e4t Berlin. Magister Artium zum Thema: &#8222;Der Werder zwischen Altentreptow-Friedland-Neubrandenburg vom 6. Jh. v. Chr. bis zum 13. Jh. n. Chr.\u201c (Betreuer: Achim Leube, Eike Gringmuth-Dallmer). 2000 bis 2004 wissenschaftlicher Mitarbeiter an der Eurasien-Abteilung und dem Skythenreferat des Deutschen Arch\u00e4ologischen Instituts in Berlin. 2004 Promotion zum Thema &#8222;Die Siedlung \u010ci\u010da in der westsibirischen Waldsteppe. Untersuchungen zur Keramik, Chronologie und kulturellen Stellung in der Sp\u00e4tbronzezeit und der \u00dcbergangsperiode zur fr\u00fchen Eisenzeit&#8220; an der Humboldt-Universit\u00e4t zu Berlin (Betreuer: Johan Callmer, Hermann Parzinger). 2005 bis 2010 wissenschaftlicher Mitarbeiter an der Universit\u00e4t G\u00f6ttingen im DFG-Projekt \u201eSlawen an der unteren Mittelelbe\u201c. Von Mai bis Oktober 2010 Forschungsstipendiat des DAAD und der MSH am Centre de recherches arch\u00e9ologiques et historiques anciennes et m\u00e9di\u00e9vales (Centre Michel de Bo\u00fcard) der Universit\u00e9 de Caen Basse-Normandie zum Thema: &#8222;Grenzen, R\u00e4ume und Kulturtransfer zwischen Normandie und Novgorod zur Wikingerzeit&#8220;. 2010 bis 2014 wissenschaftlicher Mitarbeiter und Kustos der Lehrsammlung des Seminars f\u00fcr Ur- und Fr\u00fchgeschichte der Universit\u00e4t G\u00f6ttingen. Zwischen 2015 und 2017 (insgesamt 18 Monate) Feodor Lynen Forschungsstipendiat der Alexander von Humbodt-Stiftung am Institut f\u00fcr die Geschichte der Materiellen Kultur der Russischen Akademie der Wissenschaften St. Petersburg zum Thema: &#8222;Siedlungs- und Landschaftsarch\u00e4ologie in der osteurop\u00e4ischen Waldzone im 1. Jahrtausend n. Chr.&#8220;. November 2017 bis Oktober 2018 wissenschaftlicher Mitarbeiter am Leibniz-Institut f\u00fcr Geschichte und Kultur des \u00f6stlichen Europa (GWZO) in Leipzig. Seit Oktober 2019 wissenschaftlicher Mitarbeiter im Exzellenzcluster ROOTS an der CAU Kiel und am ZBSA in Schleswig. 2019 Habilitation an der Philosophischen Fakult\u00e4t der Georg-August-Universit\u00e4t G\u00f6ttingen. Thema der Habilitationsschrift: &#8222;Zwischen den Welten. Arch\u00e4ologie einer europ\u00e4ischen Grenzregion zwischen Sachsen, Slawen, Franken und D\u00e4nen&#8220;. Venia legendi f\u00fcr das Fach Ur- und Fr\u00fchgeschichte. Arbeitsschwerpunkte Arch\u00e4ologie der Wikingerzeit und des slawischen Mittelalters im n\u00f6rdlichen Europa Burgwallforschung im \u00f6stlichen Ostseeraum Die osteurop\u00e4ische Waldzone in Eisenzeit und Fr\u00fchmittelalter (Siedlungs-, Wirtschafts- und Landschaftsgeschichte) Bronze- und Eisenzeit Sibiriens und Innerasiens Weitere Forschungsfelder und -interessen Siedlungs- und Landschaftsarch\u00e4ologie (Methodik) Subsistenzwirtschaft und Abfallmanagement vorindustrieller Gesellschaften Vorgewerbliche Siedlungskeramik: Produktion, Gebrauchsanalyse, Funktionsebenen Genese von Anthrosolen \/ Kulturschichten, arch\u00e4ologische Taphonomie Soziale Funktion von Mobilit\u00e4t, Identit\u00e4tsforschung \u201eZeitgeist\u201c und Kulturtransfer Physikalische und statistische Datierungsmethoden Publikationen (Auswahl) Monographien\/B\u00fccher Zwischen den Welten. Arch\u00e4ologie einer europ\u00e4ischen Grenzregion zwischen Sachsen, Slawen, Franken und D\u00e4nen. G\u00f6ttinger Schriften zur Vor- und Fr\u00fchgeschichte 36. Wachholtz-Verlag (Kiel\/Hamburg 2020) Arch\u00e4ologische Streiflichter vom H\u00f6hbeck zum 1200. Jahrestag seiner Ersterw\u00e4hnung. Von den Anf\u00e4ngen bis ins Mittelalter (L\u00fcneburg 2010).\u2022\u00a0\u00a0\u00a0 Die Siedlung \u010ci\u010da in der westsibirischen Waldsteppe I. Untersuchungen zur Keramik, Chronologie und kulturellen Stellung in der Sp\u00e4tbronzezeit und der \u00dcbergangsperiode zur fr\u00fchen Eisenzeit. Arch\u00e4ologie in Eurasien 22 (Mainz 2007).\u2022\u00a0\u00a0\u00a0 Der Werder zwischen Altentreptow-Friedland-Neubrandenburg vom 6. Jh. vor bis zum 13. Jh. n. Chr. Siedlungsarch\u00e4ologische Untersuchungen einer Kleinlandschaft in Nordostdeutschland (= Universit\u00e4tsforschungen zur Pr\u00e4historischen Arch\u00e4ologie 102), (Bonn 2003). mit Autorenkollektiv mit V.I. Molodin, H. Parzinger u. a., \u010ci\u010da \u2013 eine befestigte Ansiedlung der \u00dcbergangsperiode von der Sp\u00e4tbronze- zur Fr\u00fcheisenzeit in der Barabinsker Waldsteppe. Teil 1 (Novosibirsk 2001). Teil 2 (Novosibirsk-Berlin 2004). Teil 3 (Novosibirsk-Berlin 2009). Herausgeberschaft mit I. Heske und H.-J. N\u00fcsse, \u201eLandschaft, Besiedlung und Siedlung\u201c. Arch\u00e4ologische Studien im nordeurop\u00e4ischen Kontext. Festschrift f\u00fcr Karl-Heinz Willroth zu seinem 65. Geburtstag. G\u00f6ttinger Schriften zur Vor- und Fr\u00fchgeschichte 33 (Neum\u00fcnster-Hamburg 2013). mit K.-H. Willroth, H.-J. Beug, F. L\u00fcth, F. Schopper, S. Messal, Slawen an der unteren Mittelelbe. Untersuchungen zur l\u00e4ndlichen Besiedlung, zum Burgenbau, zu Besiedlungsstrukturen und zum Landschaftswandel. Beitr\u00e4ge zum Kolloquium vom 7.-9. April 2010 in Frankfurt a. M. Fr\u00fchmittelalterliche Arch\u00e4ologie zwischen Ostsee und Mittelmeer 4 (Wiesbaden 2013). mit K.-H. Willroth, Slawen an der Elbe. G\u00f6ttinger Forschungen zur Ur- und Fr\u00fchgeschichte 1 (G\u00f6ttingen 2011). mit G.H. Jeute und C. Theune, aedificatio terrae. Beitr\u00e4ge zur Umwelt- und Siedlungsarch\u00e4ologie Mitteleuropas. Festschrift f\u00fcr Eike Gringmuth-Dallmer zum 65. Geburtstag, Studia honoraria 26 (Rahden \/ Westfalen 2007). \u00a0 Buchbeitr\u00e4ge mit H. J\u00f6ns, E. Gringmuth-Dallmer, S. Messal, Die Slawen. Nachbarn m\u00e4chtiger Reiche. In: E. B\u00e1nffy, K. P. Hofmann, P. Rummel (Hrsg.), Spuren des Menschen. 800000 Jahre Geschichte in Europa (Stuttgart 2019) 342\u2013367. Menschen im Sumpf. In: E. B\u00e1nffy, K. P. Hofmann, P. Rummel (Hrsg.), Spuren des Menschen. 800000 Jahre Geschichte in Europa (Stuttgart 2019) 344. Wo lag Schezla? Ein vergessener Grenzort des fr\u00fchen 9. Jahrhunderts. In: B. Ludowici (Hrsg.), Saxones. Neue Studien zur Sachsenforschung 7 (Darmstadt 2019) 287\u2013289. \u041a\u0430\u043a \u0438\u0441\u0442\u043e\u0440\u0438\u0447\u0435\u0441\u043a\u0438\u0435 \u0434\u0430\u0442\u044b \u043c\u043e\u0433\u0443\u0442 \u0432\u043b\u0438\u044f\u0442\u044c \u043d\u0430 \u0430\u0440\u0445\u0435\u043e\u043b\u043e\u0433\u0438\u0447\u0435\u0441\u043a\u043e\u0435 \u0438\u0441\u0441\u043b\u0435\u0434\u043e\u0432\u0430\u043d\u0438\u0435 (\u0442\u0440\u0438 \u043a\u043b\u044e\u0447\u0435\u0432\u044b\u0435 \u0434\u0430\u0442\u044b \u044d\u043f\u043e\u0445\u0438 \u0432\u0438\u043a\u0438\u043d\u0433\u043e\u0432: 793 \u0433., 862 \u0433. \u0438 929 \u0433.) \/ How historical dates can affect archaeological research (the Viking Age examples of 793 AD, 862 AD and 929 AD). In: M. T. Kashuba, E. Kaiser (Hrsg.), Principles and Methods of Dating in Archaeology (Neolithic \u2013 Middle Ages) (St. Petersburg 2018) 206\u2013232. \u0420\u0430\u043d\u043d\u0435\u0441\u0440\u0435\u0434\u043d\u0435\u0432\u0435\u043a\u043e\u0432\u044b\u0435 \u0433\u043e\u0440\u043e\u0434\u0438\u0449\u0430 \u0441\u0435\u0432\u0435\u0440\u043d\u043e\u0439 \u0413\u0435\u0440\u043c\u0430\u043d\u0438\u0438 [Early medieval strongholds in Northern Germany]. In: \u041d.\u0418. \u041f\u043b\u0430\u0442\u043e\u043d\u043e\u0432\u0430 (Hrsg.), \u00c9lite ou \u00c9galit\u00e9\u2026 \u0421\u0435\u0432\u0435\u0440\u043d\u0430\u044f \u0420\u0443\u0441\u044c \u0438 \u043a\u0443\u043b\u044c\u0442\u0443\u0440\u043d\u044b\u0435 \u0442\u0440\u0430\u043d\u0441\u0444\u043e\u0440\u043c\u0430\u0446\u0438\u0438 \u0432 \u0415\u0432\u0440\u043e\u043f\u0435 VII\u2013XII \u0432\u0432. [Northern Rus&#8216; and cultural transformations in Europe in the 600-1300 A.D.] (St. Petersburg 2017) 198-224. \u041a \u0432\u043e\u043f\u0440\u043e\u0441\u0443 \u043e \u0432\u043b\u0438\u044f\u043d\u0438\u0438 \u0438\u0441\u0442\u043e\u0440\u0438\u0447\u0435\u0441\u043a\u0438\u0445 \u0434\u0430\u0442 \u043d\u0430 \u0430\u0440\u0445\u0435\u043e\u043b\u043e\u0433\u0438\u0447\u0435\u0441\u043a\u043e\u0435 \u0438\u0441\u0441\u043b\u0435\u0434\u043e\u0432\u0430\u043d\u0438\u0435 (\u0442\u0440\u0438 \u043a\u043b\u044e\u0447\u0435\u0432\u044b\u0435 \u0434\u0430\u0442\u044b \u044d\u043f\u043e\u0445\u0438 \u0432\u0438\u043a\u0438\u043d\u0433\u043e\u0432: 793 \u0433., 862 \u0433. \u0438 929 \u0433.) [How historical dates can affect archaeological research (three Viking Age examples: 793 A.D., 862 A.D. and 929 A.D.)]. In: \u041d.\u0418. \u041f\u043b\u0430\u0442\u043e\u043d\u043e\u0432\u0430 (Hrsg.), \u00c9lite ou \u00c9galit\u00e9\u2026 \u0421\u0435\u0432\u0435\u0440\u043d\u0430\u044f \u0420\u0443\u0441\u044c \u0438 \u043a\u0443\u043b\u044c\u0442\u0443\u0440\u043d\u044b\u0435 \u0442\u0440\u0430\u043d\u0441\u0444\u043e\u0440\u043c\u0430\u0446\u0438\u0438 \u0432 \u0415\u0432\u0440\u043e\u043f\u0435 VII\u2013XII \u0432\u0432. [Northern Rus&#8216; and cultural transformations in Europe in the 600-1300 A.D.] (St. Petersburg 2017) 40-68. \u041a\u0435\u0440\u0430\u043c\u0438\u043a\u0430 \u043a\u0430\u043a \u0441\u0432\u0438\u0434\u0435\u0442\u0435\u043b\u044c\u0441\u0442\u0432\u043e \u0438\u0434\u0435\u043d\u0442\u0438\u0447\u043d\u043e\u0441\u0442\u0438 \u0438 \u043a\u0443\u043b\u044c\u0442\u0443\u0440\u043d\u043e\u0433\u043e \u0442\u0440\u0430\u043d\u0441\u0444\u0435\u0440\u0430? \u0421\u0430\u043a\u0441\u043e\u043d\u0441\u043a\u0430\u044f \u0438 \u0441\u043b\u0430\u0432\u044f\u043d\u0441\u043a\u0430\u044f \u043a\u0435\u0440\u0430\u043c\u0438\u043a\u0430 VIII\u2013X \u0432\u0432. \u0432 \u041d\u0438\u0436\u043d\u0435\u043c \u041f\u043e\u044d\u043b\u044c\u0431\u044c\u0435. [Keramik als Zeugnis von Identit\u00e4t und Kulturtransfer? Das Beispiel der s\u00e4chsischen und slawischen Keramik vom 8.-10. Jh. im unteren Elbgebiet] In: \u0415\u0432\u0440\u043e\u043f\u0430 \u043e\u0442 \u041b\u0430\u0442\u0435\u043d\u0430 \u0434\u043e \u0421\u0440\u0435\u0434\u043d\u0435\u0432\u0435\u043a\u043e\u0432\u044c\u044f. \u0412\u0430\u0440\u0432\u0430\u0440\u0441\u043a\u0438\u0439 \u043c\u0438\u0440 \u0438 \u0440\u043e\u0436\u0434\u0435\u043d\u0438\u0435 \u0441\u043b\u0430\u0432\u044f\u043d\u0441\u043a\u0438\u0445 \u043a\u0443\u043b\u044c\u0442\u0443\u0440. \u041a 60-\u043b\u0435\u0442\u0438\u044e \u0410.\u041c. \u041e\u0431\u043b\u043e\u043c\u0441\u043a\u043e\u0433\u043e. \u0420\u0430\u043d\u043d\u0435\u0441\u043b\u0430\u0432\u044f\u043d\u0441\u043a\u0438\u0439 \u043c\u0438\u0440 19 (\u041c\u043e\u0441\u043a\u0432\u0430 2017) 90-102. Aus dem Nichts zur Weltmacht? Die l\u00e4ndliche Besiedlung der Waldzone Nordwestrusslands vor Beginn der Staatlichkeit. Geschichte und Perspektiven der Forschung. In: B. V. Eriksen, A. Abegg-Wigg, R. Bleile, U. Ickerodt (Hrsg.), Interaktion ohne Grenzen. Beispiele arch\u00e4ologischer Forschungen am Beginn des 21. Jahrhunderts. Festschrift f\u00fcr Claus von Carnap-Bornheim zum 60. Geburtstag (Schleswig 2017) 717-730. Identit\u00e4t und Ethnizit\u00e4t im Fr\u00fchmittelalter. Zur Rolle der Arch\u00e4ologie in der aktuellen Diskussion. In: \u0413\u043e\u0440\u043e\u0434\u0430 \u0438 \u0432\u0435\u0441\u0438 \u0441\u0440\u0435\u0434\u043d\u0435\u0432\u0435\u043a\u043e\u0432\u043e\u0439 \u0420\u0443\u0441\u0438: \u0430\u0440\u0445\u0435\u043e\u043b\u043e\u0433\u0438\u044f, \u0438\u0441\u0442\u043e\u0440\u0438\u044f, \u043a\u0443\u043b\u044c\u0442\u0443\u0440\u0430 (\u041coskau 2015) 574-591. Das Kastell hohbuoki und der Ort Schezla an der Elbe. In: R.-M. Weiss\/A. Klammt (Hrsg.), Mythos Hammaburg \u2013 Arch\u00e4ologische Entdeckungen zu den Anf\u00e4ngen Hamburgs. Ver\u00f6ffentlichung des Helms-Museums, Arch\u00e4ologisches Museum Hamburg, Stadtmuseum Harburg 107 (Hamburg 2014) 346\u2013356. Zur Einf\u00fchrung: Slawische und s\u00e4chsische Burgen des 8. bis 10. Jahrhunderts \u2013 Typen, Konstruktionsweise, Funktion. In: R.-M. Weiss\/A. Klammt (Hrsg.), Mythos Hammaburg \u2013 Arch\u00e4ologische Entdeckungen zu den Anf\u00e4ngen Hamburgs. Ver\u00f6ffentlichung des Helms-Museums, Arch\u00e4ologisches Museum Hamburg, Stadtmuseum Harburg 107 (Hamburg 2014) 316-317. \u041e\u0431 \u0438\u0437\u0443\u0447\u0435\u043d\u0438\u0438 \u043f\u043e\u0441\u0435\u043b\u0435\u043d\u0438\u0439 (\u0432\u0437\u0433\u043b\u044f\u0434 \u0438\u0437\u0434\u0430\u043b\u0435\u043a\u0430) [Zur Erforschung von Siedlungen (aus der Fernsicht)]. In: \u0410\u043b\u043a\u0435\u0441\u0430\u043d\u0434\u0440 \u0412\u0430\u0441\u0438\u043b\u044c\u0435\u0432\u0438\u0447 \u041c\u0430\u0442\u0432\u0435\u0435\u0432. \u0421\u0431\u043e\u0440\u043d\u0438\u043a \u043d\u0430\u0443\u0447\u043d\u044b\u0445 \u0442\u0440\u0443\u0434\u043e\u0432 \u0438 \u0432\u043e\u0441\u043f\u043e\u043c\u0438\u043d\u0430\u043d\u0438\u0439 \u043f\u043e\u0441\u0432\u044f\u0449\u0435\u043d \u043f\u0430\u043c\u044f\u0442\u0438 \u0410.\u0412. \u041c\u0430\u0442\u0432\u0435\u0435\u0432\u0430 (\u0422\u044e\u043c\u0435\u043d\u044c 2014) 128-140. Hirschkult bei den Germanen? Die Deponierung von Hirschgeweih und Feuerbock aus Vietze an der Elbe. In: I. Heske, H.-J. N\u00fcsse, J. Schneewei\u00df (Hrsg.), \u201eLandschaft, Besiedlung und Siedlung\u201c. Arch\u00e4ologische Studien im nordeurop\u00e4ischen Kontext. Festschrift f\u00fcr Karl-Heinz Willroth zu seinem 65. Geburtstag. G\u00f6ttinger Schriften zur Vor- und Fr\u00fchgeschichte 33, Neum\u00fcnster-Hamburg 2013, 177-190. In: K.-H. Willroth, H.-J. Beug, F. L\u00fcth, F. Schopper, S. Messal, J. Schneewei\u00df (Hrsg.), Slawen an der unteren Mittelelbe. Untersuchungen zur l\u00e4ndlichen Besiedlung, zum Burgenbau, zu Besiedlungsstrukturen und zum Landschaftswandel. Fr\u00fchmittelalterliche Arch\u00e4ologie zwischen Ostsee und Mittelmeer 4 (Wiesbaden 2013): mit H. J\u00f6ns, Fr\u00fche Slawen \u2013 Einwanderung, fr\u00fcheste Nachweise l\u00e4ndlicher Siedlungen. Einleitung und Diskussion, 35-38. Fr\u00fche Slawen am H\u00f6hbeck, 53-60. Slawenzeitliche Befestigungen am H\u00f6hbeck,79-90. Raumnutzung und Siedlungsgef\u00fcge im Seegem\u00fcndungsgebiet, 117-124. mit H. Kennecke, Schezla \u2013 Hohbuoki \u2013 Lenzen \u2013 Meetschow: Neues zur Ostgrenze des Fr\u00e4n-kischen Reiches, 159-164. Handel und Handwerk in den slawischen Siedlungen am H\u00f6hbeck, 225-230. Sachsen, Franken, Slawen \u2013 zur Geschichte einer Grenzregion an der Elbe. Ein Vorbericht zu den Ausgrabungen des G\u00f6ttinger Seminars f\u00fcr Ur- und Fr\u00fchgeschichte am H\u00f6hbeck. In: K.-H. Willroth, J. Schneewei\u00df (Hrsg.), Slawen an der Elbe. G\u00f6ttinger Forschungen zur Ur- und Fr\u00fchgeschichte 1 (G\u00f6ttingen 2011) 57-102. mit M. Posselt, Die geophysikalischen Prospektionen der Jahre 2005\/2006 am Burgwall von Meet-schow. In: K.-H. Willroth, J. Schneewei\u00df (Hrsg.), Slawen an der Elbe .G\u00f6ttinger Forschungen zur Ur- und Fr\u00fchgeschichte 1 (G\u00f6ttingen 2011) 103-120. Eine Heiligenfibel aus Vietze-H\u00f6hbeck, Lkr. L\u00fcchow-Dannenberg, an der Ostgrenze des Fr\u00e4nkischen Reiches. In: C. Theune, F. Biermann, R. Struwe, G.H. Jeute (Hrsg.), Zwischen Fjorden und Steppe. Festschrift f\u00fcr Johan Callmer (= Internationale Arch\u00e4ologie, Studia honoraria 31), (Rahden\/Westfalen 2010) 251-262. \u201eProtourbane\u201c Siedlungen an der Wende vom 2. zum 1. Jahrtausend v. Chr. in der westsibirischen Waldsteppenzone. In: B. Horejs, T. Kienlin (Hrsg.), Siedlung und Handwerk. Studien zu sozialen Kontexten in der Bronzezeit. Beitr\u00e4ge zu den Sitzungen der AG Bronzezeit 2007 und 2008. Universit\u00e4tsforschungen zur Pr\u00e4historischen Arch\u00e4ologie 194 (Bonn 2010) 157-171. \u041a\u0443\u043b\u044c\u0442\u0443\u0440\u043d\u0430\u044f \u043e\u0431\u0441\u0442\u0430\u043d\u043e\u0432\u043a\u0430 \u043d\u0430 \u0440\u0443\u0431\u0435\u0436\u0435 II-I \u0442\u044b\u0441. \u0434\u043e \u043d.\u044d. \u0432 \u0437\u0430\u043f\u0430\u0434\u043d\u043e\u0441\u0438\u0431\u0438\u0440\u0441\u043a\u043e\u0439 \u043b\u0435\u0441\u043e\u0441\u0442\u0435\u043f\u0438 \u043d\u0430 \u043e\u0441\u043d\u043e\u0432\u0435 \u0430\u043d\u0430\u043b\u0438\u0437\u0430 \u043a\u0435\u0440\u0430\u043c\u0438\u0447\u0435\u0441\u043a\u043e\u0433\u043e \u043a\u043e\u043c\u043f\u043b\u0435\u043a\u0441\u0430 \u043f\u0430\u043c\u044f\u0442\u043d\u0438\u043a\u0430 \u0427\u0438\u0447\u0430-1 [Die kulturellen Verh\u00e4ltnisse an der Wende vom 2. zum 1. Jahrtausend n. Chr. in der westsibirischen Waldsteppe auf der Grundlage der Keramikanalyse von \u010ci\u010da 1]. In: \u042d\u0442\u043d\u043e\u043a\u0443\u043b\u044c\u0442\u0443\u0440\u043d\u044b\u0435 \u043f\u0440\u043e\u0446\u0435\u0441\u0441\u044b \u0432 \u0412\u0435\u0440\u0445\u043d\u0435\u043c \u041f\u0440\u0438\u043e\u0431\u044c\u0435 \u0438 \u0441\u043e\u043f\u0440\u0435\u0434\u0435\u043b\u044c\u043d\u044b\u0445 \u0440\u0435\u0433\u0438\u043e\u043d\u0430\u0445 \u0432 \u043a\u043e\u043d\u0446\u0435 \u044d\u043f\u043e\u0445\u0438 \u0431\u0440\u043e\u043d\u0437\u044b (\u0411\u0430\u0440\u043d\u0430\u0443\u043b 2008) 144-160. Pflugspuren und optisch stimulierte Lumineszenz (OSL) \u2013 M\u00f6glichkeiten und Grenzen. In: G. H. Jeute, J. Schneewei\u00df, C. Theune (Hrsg.), aedificatio terrae. Beitr\u00e4ge zur Umwelt- und Siedlungsarch\u00e4ologie Mitteleuropas. Festschrift f\u00fcr E. Gringmuth-Dallmer (= Internationale Arch\u00e4ologie, Studia honoraria 26), (Rahden\/Westfalen 2007) 325-332. Die Eisenverh\u00fcttung im westlichen Odergebiet. In: E. Gringmuth-Dallmer, L. Leciejewicz (Hrsg.), Forschungen zu Mensch und Umwelt im Odergebiet in ur- und fr\u00fchgeschichtlicher Zeit (= R\u00f6misch-Germanische Forschungen 60). (Mainz 2002) 363-369. Die siedlungsarch\u00e4ologische Kartierung einer Mikroregion. Ein Beispiel f\u00fcr den Einsatz von GIS in der Arch\u00e4ologie. In: B. Biste, R. Hohls (Hrsg.), Fachinformation und EDV-Arbeitstechniken f\u00fcr Historiker. Einf\u00fchrung und Arbeitsbuch (= HSR-Suppl. 12), (K\u00f6ln 2000) 354-365. Der Werder (Mecklenburg) und seine Besiedlung in fr\u00fchgeschichtlicher Zeit. In: K.-D. J\u00e4ger (Hrsg.), Neue Forschungen zur Siedlungsarch\u00e4ologie in Ostdeutschland (= Alteurop\u00e4ische Forschungen 4) (Weissbach 2000) 1-46. Originalarbeiten mit W. Kirleis, M. Wieckowska-L\u00fcth, H. Piezonka, N. Nedomolkina, S. Lorenz, V. Elberfeld, The development of plant use and cultivation in the Sukhona Basin, north-west Russia. In: S. Vanhanen and P. Lageraas (eds.), Archaeobotanical studies of past plant cultivation in northern Europe (Barkhuis Publishing, Groningen 2020) 101-117. mit A. Bartrow, Kirche von unten \u2013 Aktuelle Forschungsergebnisse zur Feldsteinkapelle von Vietze. Hannoversches Wendland 19, 2016\u20132019 (L\u00fcchow 2019) 143\u2013168. \u201cLate Antique Little Ice Age\u201d \u0438 \u0440\u0430\u0441\u043f\u0440\u043e\u0441\u0442\u0440\u0430\u043d\u0435\u043d\u0438\u0435 \u0441\u043b\u0430\u0432\u044f\u043d \u0432 \u0442\u0440\u0435\u0442\u044c\u0435\u0439 \u0447\u0435\u0442\u0432\u0435\u0440\u0442\u0438 I \u0442\u044b\u0441. \u043d. \u044d., \u0423\u0440\u0430\u043b\u044c\u0441\u043a\u0438\u0439 \u0438\u0441\u0442\u043e\u0440\u0438\u0447\u0435\u0441\u043a\u0438\u0439 \u0432\u0435\u0441\u0442\u043d\u0438\u043a \u2116 4 (65), 2019, 52\u201363. mit J. Sikora, P. Kittel u. a., A palaeoenvironmental reconstruction of the rampart construction of the medieval ring-fort in Rozprza, Central Poland, Archaeological and Anthropological Sciences 2019. mit L. S. Shumilovskikh, V. Ye. Rodinkova u. a., Insights into the late Holocene vegetation history of the East European forest-steppe: case study Sudzha (Kursk region, Russia), Vegetation History and Archaeobotany 2019. mit B. Gro\u00dfkopf, G. Bucher, A. Kronz, J. R. Ruppel, L. Shumilovskikh, N. Zornhagen, Alte Sammlungsobjekte \u2013 neue Erkenntnisse. Eine Teremok-Schatulle mit Mumienknochen, G\u00f6ttinger Jahrbuch 66, 2018, 149\u2013172. mit F. Becker, V.I. Molodin, H. Parzinger, Z.V. Marchenko, S.V. Svyatko, Radiocarbon chronology of occupation of the site Chicha and Bayesian statistics for the assessment of a discontinuous transition from Late Bronze to Early Iron Age (West Siberia). Russian Geology and Geophysics 59, 2018, 635\u2013651. mit J. Brandt, Ein neuer Blick auf die \u201eAlte Burg\u201c von Hollenstedt im Lichte aktueller Untersuchungen. Hammaburg N.F. 17, 2017, 71-145. mit K. Struckmeyer, J. Brandt, S. Hesse, D. N\u00f6sler, Arch\u00e4ometrische Untersuchungen s\u00e4chsisch-slawischer Keramik im nord\u00f6stlichen Niedersachsen \u2013 erste Ergebnisse und Perspektiven. Arch\u00e4ologisches Korrespondenzblatt 46, 2016, 517-538. mit F. Becker, Zur absoluten Chronologie der westsibirischen Sp\u00e4tbronze- und fr\u00fchen Eisenzeit. Die \u00dcberpr\u00fcfung der Besiedlungsphasen in \u010ci\u010da mit Bayes\u2019scher Statistik. Pr\u00e4historische Zeitschrift 91 (2), 2016, 431\u2013470. \u0421\u043b\u0430\u0432\u044f\u043d\u0441\u043a\u0430\u044f \u0430\u0440\u0445\u0435\u043e\u043b\u043e\u0433\u0438\u044f \u0432 \u0413\u0435\u0440\u043c\u0430\u043d\u0438\u0438 \u043f\u043e\u0441\u043b\u0435 \u0412\u0442\u043e\u0440\u043e\u0439 \u043c\u0438\u0440\u043e\u0432\u043e\u0439 \u0432\u043e\u0439\u043d\u044b: \u043d\u0430\u0443\u0447\u043d\u0430\u044f \u043d\u0430\u043f\u0440\u0430\u0432\u043b\u0435\u043d\u043d\u043e\u0441\u0442\u044c \u0432\u0447\u0435\u0440\u0430 \u0438 \u0441\u0435\u0433\u043e\u0434\u043d\u044f [Die Arch\u00e4ologie der Slawen in Deutschland nach dem Zweiten Weltkrieg: Wissenschaftliche Ausrichtung gestern und heute]. \u041a\u0440\u0430\u0442\u043a\u0438\u0435 \u0441\u043e\u043e\u0431\u0449\u0435\u043d\u0438\u044f \u0418\u043d\u0441\u0442\u0438\u0442\u0443\u0442\u0430 \u0430\u0440\u0445\u0435\u043e\u043b\u043e\u0433\u0438\u0438 (\u041a\u0421\u0418\u0410) 240, 2015, 71-90. mit K. Wiedner, M. Dippold, B. Glaser, Anthropogenic Dark Earth in Northern Germany \u2013 The Nordic Analogue to...","og_url":"https:\/\/zbsa.eu\/en\/jens-schneeweiss\/","og_site_name":"Zentrum f\u00fcr Baltische und Skandinavische Arch\u00e4ologie (ZBSA) \u2014 Zentrum f\u00fcr Baltische und Skandinavische Arch\u00e4ologie","article_published_time":"2021-11-01T09:59:10+00:00","article_modified_time":"2021-11-01T14:11:03+00:00","og_image":[{"url":"https:\/\/zbsa.eu\/wp-content\/uploads\/2021\/11\/j_schneeweiss.jpg","type":"","width":"","height":""}],"author":"Matthias Bolte","twitter_card":"summary_large_image","twitter_misc":{"Written by":"Matthias Bolte","Estimated reading time":"18 minutes"},"schema":{"@context":"https:\/\/schema.org","@graph":[{"@type":"WebPage","@id":"https:\/\/zbsa.eu\/en\/jens-schneeweiss\/","url":"https:\/\/zbsa.eu\/en\/jens-schneeweiss\/","name":"PD Dr. phil. Jens Schneewei\u00df - Zentrum f\u00fcr Baltische und Skandinavische Arch\u00e4ologie (ZBSA) \u2014 Zentrum f\u00fcr Baltische und Skandinavische Arch\u00e4ologie","isPartOf":{"@id":"https:\/\/zbsa.eu\/#website"},"primaryImageOfPage":{"@id":"https:\/\/zbsa.eu\/en\/jens-schneeweiss\/#primaryimage"},"image":{"@id":"https:\/\/zbsa.eu\/en\/jens-schneeweiss\/#primaryimage"},"thumbnailUrl":"https:\/\/zbsa.eu\/wp-content\/uploads\/2021\/11\/j_schneeweiss.jpg","datePublished":"2021-11-01T09:59:10+00:00","dateModified":"2021-11-01T14:11:03+00:00","author":{"@id":"https:\/\/zbsa.eu\/#\/schema\/person\/b980623b66a6ffb097697286521920c5"},"breadcrumb":{"@id":"https:\/\/zbsa.eu\/en\/jens-schneeweiss\/#breadcrumb"},"inLanguage":"en-GB","potentialAction":[{"@type":"ReadAction","target":["https:\/\/zbsa.eu\/en\/jens-schneeweiss\/"]}]},{"@type":"ImageObject","inLanguage":"en-GB","@id":"https:\/\/zbsa.eu\/en\/jens-schneeweiss\/#primaryimage","url":"https:\/\/zbsa.eu\/wp-content\/uploads\/2021\/11\/j_schneeweiss.jpg","contentUrl":"https:\/\/zbsa.eu\/wp-content\/uploads\/2021\/11\/j_schneeweiss.jpg"},{"@type":"BreadcrumbList","@id":"https:\/\/zbsa.eu\/en\/jens-schneeweiss\/#breadcrumb","itemListElement":[{"@type":"ListItem","position":1,"name":"Startseite","item":"https:\/\/zbsa.eu\/"},{"@type":"ListItem","position":2,"name":"Staff","item":"https:\/\/zbsa.eu\/en\/category\/staff\/"},{"@type":"ListItem","position":3,"name":"PD Dr. phil. Jens Schneewei\u00df"}]},{"@type":"WebSite","@id":"https:\/\/zbsa.eu\/#website","url":"https:\/\/zbsa.eu\/","name":"Zentrum f\u00fcr Baltische und Skandinavische Arch\u00e4ologie (ZBSA) \u2014 Zentrum f\u00fcr Baltische und Skandinavische Arch\u00e4ologie","description":"","potentialAction":[{"@type":"SearchAction","target":{"@type":"EntryPoint","urlTemplate":"https:\/\/zbsa.eu\/?s={search_term_string}"},"query-input":{"@type":"PropertyValueSpecification","valueRequired":true,"valueName":"search_term_string"}}],"inLanguage":"en-GB"},{"@type":"Person","@id":"https:\/\/zbsa.eu\/#\/schema\/person\/b980623b66a6ffb097697286521920c5","name":"Matthias Bolte","image":{"@type":"ImageObject","inLanguage":"en-GB","@id":"https:\/\/zbsa.eu\/#\/schema\/person\/image\/","url":"https:\/\/secure.gravatar.com\/avatar\/1f3bc1bfe4b641855cb944e558d4f3de1b57120f6dfe8f4368ebfe0384a5acab?s=96&d=mm&r=g","contentUrl":"https:\/\/secure.gravatar.com\/avatar\/1f3bc1bfe4b641855cb944e558d4f3de1b57120f6dfe8f4368ebfe0384a5acab?s=96&d=mm&r=g","caption":"Matthias Bolte"},"url":"https:\/\/zbsa.eu\/en\/author\/matthias-bolte\/"}]}},"featured_image_src":" ","featured_image_src_square":" ","author_info":{"display_name":"Matthias Bolte","author_link":"https:\/\/zbsa.eu\/en\/author\/matthias-bolte\/"},"category_info":"<a href=\"https:\/\/zbsa.eu\/en\/category\/staff\/\" rel=\"category tag\">Staff<\/a>","tags_info":"","social_share_info":"<a data-share=\"facebook\" href=\"https:\/\/www.facebook.com\/sharer.php?u=https:\/\/zbsa.eu\/en\/jens-schneeweiss\/\" class=\"pl-facebook-share social-share-default pl-social-share\" target=\"_blank\"><i class=\"fab fa-facebook-f\" aria-hidden=\"true\"><\/i><\/a><a data-share=\"twitter\" href=\"https:\/\/twitter.com\/share?url=https:\/\/zbsa.eu\/en\/jens-schneeweiss\/\" class=\"pl-twiiter-share social-share-default pl-social-share\" target=\"_blank\"><i class=\"fab fa-twitter\" aria-hidden=\"true\"><\/i><\/a><a data-share=\"linkedin\" href=\"https:\/\/www.linkedin.com\/shareArticle?url=https:\/\/zbsa.eu\/en\/jens-schneeweiss\/\" class=\"pl-linkedin-share social-share-default pl-social-share\" target=\"_blank\"><i class=\"fab fa-linkedin-in\" aria-hidden=\"true\"><\/i><\/a>","wordExcerpt_info":"<p><a href=\"https:\/\/zbsa.eu\/wp-content\/uploads\/2021\/11\/j_schneeweiss.jpg\"><img src=\"https:\/\/zbsa.eu\/wp-content\/uploads\/2021\/11\/j_schneeweiss.jpg\" alt=\"PD Dr. phil. Jens Schneewei\u00df\" width=\"370\" height=\"370\" \/><\/a><\/p>\n<p style=\"text-align: center\">E-Mail: <a href=\"mailto:jens.schneeweiss@zbsa.eu\">jens.schneeweiss@zbsa.eu<\/a> \u2022 Telefon: +49\/(0)4621\/813 \u2013 483 \u2022 Fax: +49\/(0)4621\/813 \u2013 535<\/p>\n<h5>Vita<\/h5>\n<p>Geboren am 24.12.1969 in Berlin.<\/p>\n<p>1990 bis 1993 Studium der Humanmedizin in Berlin und St. Petersburg.<\/p>\n<p>1993 bis 2000 Studium der der Ur- und Fr\u00fchgeschichte, Klassischen Arch\u00e4ologie, Europ\u00e4ischen Ethnologie und Geologie an der Humboldt-Universit\u00e4t zu Berlin und an der Technischen Universit\u00e4t Berlin. Magister Artium zum Thema: &#8222;Der Werder zwischen Altentreptow-Friedland-Neubrandenburg vom 6. Jh. v. Chr. bis zum 13. Jh. n. Chr.\u201c (Betreuer: Achim Leube, Eike Gringmuth-Dallmer).<\/p>\n<p>2000 bis 2004 wissenschaftlicher Mitarbeiter an der Eurasien-Abteilung und dem Skythenreferat des Deutschen Arch\u00e4ologischen Instituts in Berlin.<\/p>\n<p>2004 Promotion zum Thema &#8222;Die Siedlung \u010ci\u010da in der westsibirischen Waldsteppe. Untersuchungen zur Keramik, Chronologie und kulturellen Stellung in der Sp\u00e4tbronzezeit und der \u00dcbergangsperiode zur fr\u00fchen Eisenzeit&#8220; an der Humboldt-Universit\u00e4t zu Berlin (Betreuer: Johan Callmer, Hermann Parzinger).<\/p>\n<p>2005 bis 2010 wissenschaftlicher Mitarbeiter an der Universit\u00e4t G\u00f6ttingen im DFG-Projekt \u201eSlawen an der unteren Mittelelbe\u201c.<\/p>\n<p>Von Mai bis Oktober 2010 Forschungsstipendiat des DAAD und der MSH am Centre de recherches arch\u00e9ologiques et historiques anciennes et m\u00e9di\u00e9vales (Centre Michel de Bo\u00fcard) der Universit\u00e9 de Caen Basse-Normandie zum Thema: &#8222;Grenzen, R\u00e4ume und Kulturtransfer zwischen Normandie und Novgorod zur Wikingerzeit&#8220;.<\/p>\n<p>2010 bis 2014 wissenschaftlicher Mitarbeiter und Kustos der Lehrsammlung des Seminars f\u00fcr Ur- und Fr\u00fchgeschichte der Universit\u00e4t G\u00f6ttingen.<\/p>\n<p>Zwischen 2015 und 2017 (insgesamt 18 Monate) Feodor Lynen Forschungsstipendiat der Alexander von Humbodt-Stiftung am Institut f\u00fcr die Geschichte der Materiellen Kultur der Russischen Akademie der Wissenschaften St. Petersburg zum Thema: &#8222;Siedlungs- und Landschaftsarch\u00e4ologie in der osteurop\u00e4ischen Waldzone im 1. Jahrtausend n. Chr.&#8220;.<\/p>\n<p>November 2017 bis Oktober 2018 wissenschaftlicher Mitarbeiter am Leibniz-Institut f\u00fcr Geschichte und Kultur des \u00f6stlichen Europa (GWZO) in Leipzig.<\/p>\n<p>Seit Oktober 2019 wissenschaftlicher Mitarbeiter im Exzellenzcluster ROOTS an der CAU Kiel und am ZBSA in Schleswig.<\/p>\n<p>2019 Habilitation an der Philosophischen Fakult\u00e4t der Georg-August-Universit\u00e4t G\u00f6ttingen. Thema der Habilitationsschrift: &#8222;Zwischen den Welten. Arch\u00e4ologie einer europ\u00e4ischen Grenzregion zwischen Sachsen, Slawen, Franken und D\u00e4nen&#8220;. Venia legendi f\u00fcr das Fach Ur- und Fr\u00fchgeschichte.<\/p>\n<h5>Arbeitsschwerpunkte<\/h5>\n<ul>\n<li>Arch\u00e4ologie der Wikingerzeit und des slawischen Mittelalters im n\u00f6rdlichen Europa<\/li>\n<li>Burgwallforschung im \u00f6stlichen Ostseeraum<\/li>\n<li>Die osteurop\u00e4ische Waldzone in Eisenzeit und Fr\u00fchmittelalter (Siedlungs-, Wirtschafts- und Landschaftsgeschichte)<\/li>\n<li>Bronze- und Eisenzeit Sibiriens und Innerasiens<\/li>\n<\/ul>\n<h5>Weitere Forschungsfelder und -interessen<\/h5>\n<ul>\n<li>Siedlungs- und Landschaftsarch\u00e4ologie (Methodik)<\/li>\n<li>Subsistenzwirtschaft und Abfallmanagement vorindustrieller Gesellschaften<\/li>\n<li>Vorgewerbliche Siedlungskeramik: Produktion, Gebrauchsanalyse, Funktionsebenen<\/li>\n<li>Genese von Anthrosolen \/ Kulturschichten, arch\u00e4ologische Taphonomie<\/li>\n<li>Soziale Funktion von Mobilit\u00e4t, Identit\u00e4tsforschung<\/li>\n<li>\u201eZeitgeist\u201c und Kulturtransfer<\/li>\n<li>Physikalische und statistische Datierungsmethoden<\/li>\n<\/ul>\n<h5>Publikationen (Auswahl)<\/h5>\n<p>\t\t\t\t\t\t\t\t\t\t\t\t<a href=\"\">Monographien\/B\u00fccher<\/a><\/p>\n<ul>\n<li>Zwischen den Welten. Arch\u00e4ologie einer europ\u00e4ischen Grenzregion zwischen Sachsen, Slawen, Franken und D\u00e4nen. G\u00f6ttinger Schriften zur Vor- und Fr\u00fchgeschichte 36. Wachholtz-Verlag (Kiel\/Hamburg 2020)<\/li>\n<li>Arch\u00e4ologische Streiflichter vom H\u00f6hbeck zum 1200. Jahrestag seiner Ersterw\u00e4hnung. Von den Anf\u00e4ngen bis ins Mittelalter (L\u00fcneburg 2010).<br \/>\u2022\u00a0\u00a0\u00a0 Die Siedlung \u010ci\u010da in der westsibirischen Waldsteppe I. Untersuchungen zur Keramik, Chronologie und kulturellen Stellung in der Sp\u00e4tbronzezeit und der \u00dcbergangsperiode zur fr\u00fchen Eisenzeit. Arch\u00e4ologie in Eurasien 22 (Mainz 2007).<br \/>\u2022\u00a0\u00a0\u00a0 Der Werder zwischen Altentreptow-Friedland-Neubrandenburg vom 6. Jh. vor bis zum 13. Jh. n. Chr. Siedlungsarch\u00e4ologische Untersuchungen einer Kleinlandschaft in Nordostdeutschland (= Universit\u00e4tsforschungen zur Pr\u00e4historischen Arch\u00e4ologie 102), (Bonn 2003).<\/li>\n<\/ul>\n<p><strong>mit Autorenkollektiv<\/strong><\/p>\n<ul>\n<li>mit V.I. Molodin, H. Parzinger u. a., \u010ci\u010da \u2013 eine befestigte Ansiedlung der \u00dcbergangsperiode von der Sp\u00e4tbronze- zur Fr\u00fcheisenzeit in der Barabinsker Waldsteppe. Teil 1 (Novosibirsk 2001). Teil 2 (Novosibirsk-Berlin 2004). Teil 3 (Novosibirsk-Berlin 2009).<\/li>\n<\/ul>\n<p><strong>Herausgeberschaft<\/strong><\/p>\n<ul>\n<li>mit I. Heske und H.-J. N\u00fcsse, \u201eLandschaft, Besiedlung und Siedlung\u201c. Arch\u00e4ologische Studien im nordeurop\u00e4ischen Kontext. Festschrift f\u00fcr Karl-Heinz Willroth zu seinem 65. Geburtstag. G\u00f6ttinger Schriften zur Vor- und Fr\u00fchgeschichte 33 (Neum\u00fcnster-Hamburg 2013).<\/li>\n<li>mit K.-H. Willroth, H.-J. Beug, F. L\u00fcth, F. Schopper, S. Messal, Slawen an der unteren Mittelelbe. Untersuchungen zur l\u00e4ndlichen Besiedlung, zum Burgenbau, zu Besiedlungsstrukturen und zum Landschaftswandel. Beitr\u00e4ge zum Kolloquium vom 7.-9. April 2010 in Frankfurt a. M. Fr\u00fchmittelalterliche Arch\u00e4ologie zwischen Ostsee und Mittelmeer 4 (Wiesbaden 2013).<\/li>\n<li>mit K.-H. Willroth, Slawen an der Elbe. G\u00f6ttinger Forschungen zur Ur- und Fr\u00fchgeschichte 1 (G\u00f6ttingen 2011).<\/li>\n<li>mit G.H. Jeute und C. Theune, aedificatio terrae. Beitr\u00e4ge zur Umwelt- und Siedlungsarch\u00e4ologie Mitteleuropas. Festschrift f\u00fcr Eike Gringmuth-Dallmer zum 65. Geburtstag, Studia honoraria 26 (Rahden \/ Westfalen 2007).<\/li>\n<\/ul>\n<p>\u00a0<\/p>\n<p>\t\t\t\t\t\t\t\t\t\t\t\t<a href=\"\">Buchbeitr\u00e4ge<\/a><\/p>\n<ul>\n<li>mit H. J\u00f6ns, E. Gringmuth-Dallmer, S. Messal, Die Slawen. Nachbarn m\u00e4chtiger Reiche. In: E. B\u00e1nffy, K. P. Hofmann, P. Rummel (Hrsg.), Spuren des Menschen. 800000 Jahre Geschichte in Europa (Stuttgart 2019) 342\u2013367.<\/li>\n<li>Menschen im Sumpf. In: E. B\u00e1nffy, K. P. Hofmann, P. Rummel (Hrsg.), Spuren des Menschen. 800000 Jahre Geschichte in Europa (Stuttgart 2019) 344.<\/li>\n<li>Wo lag Schezla? Ein vergessener Grenzort des fr\u00fchen 9. Jahrhunderts. In: B. Ludowici (Hrsg.), Saxones. Neue Studien zur Sachsenforschung 7 (Darmstadt 2019) 287\u2013289.<\/li>\n<li>\u041a\u0430\u043a \u0438\u0441\u0442\u043e\u0440\u0438\u0447\u0435\u0441\u043a\u0438\u0435 \u0434\u0430\u0442\u044b \u043c\u043e\u0433\u0443\u0442 \u0432\u043b\u0438\u044f\u0442\u044c \u043d\u0430 \u0430\u0440\u0445\u0435\u043e\u043b\u043e\u0433\u0438\u0447\u0435\u0441\u043a\u043e\u0435 \u0438\u0441\u0441\u043b\u0435\u0434\u043e\u0432\u0430\u043d\u0438\u0435 (\u0442\u0440\u0438 \u043a\u043b\u044e\u0447\u0435\u0432\u044b\u0435 \u0434\u0430\u0442\u044b \u044d\u043f\u043e\u0445\u0438 \u0432\u0438\u043a\u0438\u043d\u0433\u043e\u0432: 793 \u0433., 862 \u0433. \u0438 929 \u0433.) \/ How historical dates can affect archaeological research (the Viking Age examples of 793 AD, 862 AD and 929 AD). In: M. T. Kashuba, E. Kaiser (Hrsg.), Principles and Methods of Dating in Archaeology (Neolithic \u2013 Middle Ages) (St. Petersburg 2018) 206\u2013232.<\/li>\n<li>\u0420\u0430\u043d\u043d\u0435\u0441\u0440\u0435\u0434\u043d\u0435\u0432\u0435\u043a\u043e\u0432\u044b\u0435 \u0433\u043e\u0440\u043e\u0434\u0438\u0449\u0430 \u0441\u0435\u0432\u0435\u0440\u043d\u043e\u0439 \u0413\u0435\u0440\u043c\u0430\u043d\u0438\u0438 [Early medieval strongholds in Northern Germany]. In: \u041d.\u0418. \u041f\u043b\u0430\u0442\u043e\u043d\u043e\u0432\u0430 (Hrsg.), \u00c9lite ou \u00c9galit\u00e9\u2026 \u0421\u0435\u0432\u0435\u0440\u043d\u0430\u044f \u0420\u0443\u0441\u044c \u0438 \u043a\u0443\u043b\u044c\u0442\u0443\u0440\u043d\u044b\u0435 \u0442\u0440\u0430\u043d\u0441\u0444\u043e\u0440\u043c\u0430\u0446\u0438\u0438 \u0432 \u0415\u0432\u0440\u043e\u043f\u0435 VII\u2013XII \u0432\u0432. [Northern Rus&#8216; and cultural transformations in Europe in the 600-1300 A.D.] (St. Petersburg 2017) 198-224.<\/li>\n<li>\u041a \u0432\u043e\u043f\u0440\u043e\u0441\u0443 \u043e \u0432\u043b\u0438\u044f\u043d\u0438\u0438 \u0438\u0441\u0442\u043e\u0440\u0438\u0447\u0435\u0441\u043a\u0438\u0445 \u0434\u0430\u0442 \u043d\u0430 \u0430\u0440\u0445\u0435\u043e\u043b\u043e\u0433\u0438\u0447\u0435\u0441\u043a\u043e\u0435 \u0438\u0441\u0441\u043b\u0435\u0434\u043e\u0432\u0430\u043d\u0438\u0435 (\u0442\u0440\u0438 \u043a\u043b\u044e\u0447\u0435\u0432\u044b\u0435 \u0434\u0430\u0442\u044b \u044d\u043f\u043e\u0445\u0438 \u0432\u0438\u043a\u0438\u043d\u0433\u043e\u0432: 793 \u0433., 862 \u0433. \u0438 929 \u0433.) [How historical dates can affect archaeological research (three Viking Age examples: 793 A.D., 862 A.D. and 929 A.D.)]. In: \u041d.\u0418. \u041f\u043b\u0430\u0442\u043e\u043d\u043e\u0432\u0430 (Hrsg.), \u00c9lite ou \u00c9galit\u00e9\u2026 \u0421\u0435\u0432\u0435\u0440\u043d\u0430\u044f \u0420\u0443\u0441\u044c \u0438 \u043a\u0443\u043b\u044c\u0442\u0443\u0440\u043d\u044b\u0435 \u0442\u0440\u0430\u043d\u0441\u0444\u043e\u0440\u043c\u0430\u0446\u0438\u0438 \u0432 \u0415\u0432\u0440\u043e\u043f\u0435 VII\u2013XII \u0432\u0432. [Northern Rus&#8216; and cultural transformations in Europe in the 600-1300 A.D.] (St. Petersburg 2017) 40-68.<\/li>\n<li>\u041a\u0435\u0440\u0430\u043c\u0438\u043a\u0430 \u043a\u0430\u043a \u0441\u0432\u0438\u0434\u0435\u0442\u0435\u043b\u044c\u0441\u0442\u0432\u043e \u0438\u0434\u0435\u043d\u0442\u0438\u0447\u043d\u043e\u0441\u0442\u0438 \u0438 \u043a\u0443\u043b\u044c\u0442\u0443\u0440\u043d\u043e\u0433\u043e \u0442\u0440\u0430\u043d\u0441\u0444\u0435\u0440\u0430? \u0421\u0430\u043a\u0441\u043e\u043d\u0441\u043a\u0430\u044f \u0438 \u0441\u043b\u0430\u0432\u044f\u043d\u0441\u043a\u0430\u044f \u043a\u0435\u0440\u0430\u043c\u0438\u043a\u0430 VIII\u2013X \u0432\u0432. \u0432 \u041d\u0438\u0436\u043d\u0435\u043c \u041f\u043e\u044d\u043b\u044c\u0431\u044c\u0435. [Keramik als Zeugnis von Identit\u00e4t und Kulturtransfer? Das Beispiel der s\u00e4chsischen und slawischen Keramik vom 8.-10. Jh. im unteren Elbgebiet] In: \u0415\u0432\u0440\u043e\u043f\u0430 \u043e\u0442 \u041b\u0430\u0442\u0435\u043d\u0430 \u0434\u043e \u0421\u0440\u0435\u0434\u043d\u0435\u0432\u0435\u043a\u043e\u0432\u044c\u044f. \u0412\u0430\u0440\u0432\u0430\u0440\u0441\u043a\u0438\u0439 \u043c\u0438\u0440 \u0438 \u0440\u043e\u0436\u0434\u0435\u043d\u0438\u0435 \u0441\u043b\u0430\u0432\u044f\u043d\u0441\u043a\u0438\u0445 \u043a\u0443\u043b\u044c\u0442\u0443\u0440. \u041a 60-\u043b\u0435\u0442\u0438\u044e \u0410.\u041c. \u041e\u0431\u043b\u043e\u043c\u0441\u043a\u043e\u0433\u043e. \u0420\u0430\u043d\u043d\u0435\u0441\u043b\u0430\u0432\u044f\u043d\u0441\u043a\u0438\u0439 \u043c\u0438\u0440 19 (\u041c\u043e\u0441\u043a\u0432\u0430 2017) 90-102.<\/li>\n<li>Aus dem Nichts zur Weltmacht? Die l\u00e4ndliche Besiedlung der Waldzone Nordwestrusslands vor Beginn der Staatlichkeit. Geschichte und Perspektiven der Forschung. In: B. V. Eriksen, A. Abegg-Wigg, R. Bleile, U. Ickerodt (Hrsg.), Interaktion ohne Grenzen. Beispiele arch\u00e4ologischer Forschungen am Beginn des 21. Jahrhunderts. Festschrift f\u00fcr Claus von Carnap-Bornheim zum 60. Geburtstag (Schleswig 2017) 717-730.<\/li>\n<li>Identit\u00e4t und Ethnizit\u00e4t im Fr\u00fchmittelalter. Zur Rolle der Arch\u00e4ologie in der aktuellen Diskussion. In: \u0413\u043e\u0440\u043e\u0434\u0430 \u0438 \u0432\u0435\u0441\u0438 \u0441\u0440\u0435\u0434\u043d\u0435\u0432\u0435\u043a\u043e\u0432\u043e\u0439 \u0420\u0443\u0441\u0438: \u0430\u0440\u0445\u0435\u043e\u043b\u043e\u0433\u0438\u044f, \u0438\u0441\u0442\u043e\u0440\u0438\u044f, \u043a\u0443\u043b\u044c\u0442\u0443\u0440\u0430 (\u041coskau 2015) 574-591.<\/li>\n<li>Das Kastell hohbuoki und der Ort Schezla an der Elbe. In: R.-M. Weiss\/A. Klammt (Hrsg.), Mythos Hammaburg \u2013 Arch\u00e4ologische Entdeckungen zu den Anf\u00e4ngen Hamburgs. Ver\u00f6ffentlichung des Helms-Museums, Arch\u00e4ologisches Museum Hamburg, Stadtmuseum Harburg 107 (Hamburg 2014) 346\u2013356.<\/li>\n<li>Zur Einf\u00fchrung: Slawische und s\u00e4chsische Burgen des 8. bis 10. Jahrhunderts \u2013 Typen, Konstruktionsweise, Funktion. In: R.-M. Weiss\/A. Klammt (Hrsg.), Mythos Hammaburg \u2013 Arch\u00e4ologische Entdeckungen zu den Anf\u00e4ngen Hamburgs. Ver\u00f6ffentlichung des Helms-Museums, Arch\u00e4ologisches Museum Hamburg, Stadtmuseum Harburg 107 (Hamburg 2014) 316-317.<\/li>\n<li>\u041e\u0431 \u0438\u0437\u0443\u0447\u0435\u043d\u0438\u0438 \u043f\u043e\u0441\u0435\u043b\u0435\u043d\u0438\u0439 (\u0432\u0437\u0433\u043b\u044f\u0434 \u0438\u0437\u0434\u0430\u043b\u0435\u043a\u0430) [Zur Erforschung von Siedlungen (aus der Fernsicht)]. In: \u0410\u043b\u043a\u0435\u0441\u0430\u043d\u0434\u0440 \u0412\u0430\u0441\u0438\u043b\u044c\u0435\u0432\u0438\u0447 \u041c\u0430\u0442\u0432\u0435\u0435\u0432. \u0421\u0431\u043e\u0440\u043d\u0438\u043a \u043d\u0430\u0443\u0447\u043d\u044b\u0445 \u0442\u0440\u0443\u0434\u043e\u0432 \u0438 \u0432\u043e\u0441\u043f\u043e\u043c\u0438\u043d\u0430\u043d\u0438\u0439 \u043f\u043e\u0441\u0432\u044f\u0449\u0435\u043d \u043f\u0430\u043c\u044f\u0442\u0438 \u0410.\u0412. \u041c\u0430\u0442\u0432\u0435\u0435\u0432\u0430 (\u0422\u044e\u043c\u0435\u043d\u044c 2014) 128-140.<\/li>\n<li>Hirschkult bei den Germanen? Die Deponierung von Hirschgeweih und Feuerbock aus Vietze an der Elbe. In: I. Heske, H.-J. N\u00fcsse, J. Schneewei\u00df (Hrsg.), \u201eLandschaft, Besiedlung und Siedlung\u201c. Arch\u00e4ologische Studien im nordeurop\u00e4ischen Kontext. Festschrift f\u00fcr Karl-Heinz Willroth zu seinem 65. Geburtstag. G\u00f6ttinger Schriften zur Vor- und Fr\u00fchgeschichte 33, Neum\u00fcnster-Hamburg 2013, 177-190.<\/li>\n<li>In: K.-H. Willroth, H.-J. Beug, F. L\u00fcth, F. Schopper, S. Messal, J. Schneewei\u00df (Hrsg.), Slawen an der unteren Mittelelbe. Untersuchungen zur l\u00e4ndlichen Besiedlung, zum Burgenbau, zu Besiedlungsstrukturen und zum Landschaftswandel. Fr\u00fchmittelalterliche Arch\u00e4ologie zwischen Ostsee und Mittelmeer 4 (Wiesbaden 2013):\n<ul>\n<li>mit H. J\u00f6ns, Fr\u00fche Slawen \u2013 Einwanderung, fr\u00fcheste Nachweise l\u00e4ndlicher Siedlungen. Einleitung und Diskussion, 35-38.<\/li>\n<li>Fr\u00fche Slawen am H\u00f6hbeck, 53-60.<\/li>\n<li>Slawenzeitliche Befestigungen am H\u00f6hbeck,79-90.<\/li>\n<li>Raumnutzung und Siedlungsgef\u00fcge im Seegem\u00fcndungsgebiet, 117-124.<\/li>\n<li>mit H. Kennecke, Schezla \u2013 Hohbuoki \u2013 Lenzen \u2013 Meetschow: Neues zur Ostgrenze des Fr\u00e4n-kischen Reiches, 159-164.<\/li>\n<li>Handel und Handwerk in den slawischen Siedlungen am H\u00f6hbeck, 225-230.<\/li>\n<\/ul>\n<\/li>\n<li>Sachsen, Franken, Slawen \u2013 zur Geschichte einer Grenzregion an der Elbe. Ein Vorbericht zu den Ausgrabungen des G\u00f6ttinger Seminars f\u00fcr Ur- und Fr\u00fchgeschichte am H\u00f6hbeck. In: K.-H. Willroth, J. Schneewei\u00df (Hrsg.), Slawen an der Elbe. G\u00f6ttinger Forschungen zur Ur- und Fr\u00fchgeschichte 1 (G\u00f6ttingen 2011) 57-102.<\/li>\n<li>mit M. Posselt, Die geophysikalischen Prospektionen der Jahre 2005\/2006 am Burgwall von Meet-schow. In: K.-H. Willroth, J. Schneewei\u00df (Hrsg.), Slawen an der Elbe .G\u00f6ttinger Forschungen zur Ur- und Fr\u00fchgeschichte 1 (G\u00f6ttingen 2011) 103-120.<\/li>\n<li>Eine Heiligenfibel aus Vietze-H\u00f6hbeck, Lkr. L\u00fcchow-Dannenberg, an der Ostgrenze des Fr\u00e4nkischen Reiches. In: C. Theune, F. Biermann, R. Struwe, G.H. Jeute (Hrsg.), Zwischen Fjorden und Steppe. Festschrift f\u00fcr Johan Callmer (= Internationale Arch\u00e4ologie, Studia honoraria 31), (Rahden\/Westfalen 2010) 251-262.<\/li>\n<li>\u201eProtourbane\u201c Siedlungen an der Wende vom 2. zum 1. Jahrtausend v. Chr. in der westsibirischen Waldsteppenzone. In: B. Horejs, T. Kienlin (Hrsg.), Siedlung und Handwerk. Studien zu sozialen Kontexten in der Bronzezeit. Beitr\u00e4ge zu den Sitzungen der AG Bronzezeit 2007 und 2008. Universit\u00e4tsforschungen zur Pr\u00e4historischen Arch\u00e4ologie 194 (Bonn 2010) 157-171.<\/li>\n<li>\u041a\u0443\u043b\u044c\u0442\u0443\u0440\u043d\u0430\u044f \u043e\u0431\u0441\u0442\u0430\u043d\u043e\u0432\u043a\u0430 \u043d\u0430 \u0440\u0443\u0431\u0435\u0436\u0435 II-I \u0442\u044b\u0441. \u0434\u043e \u043d.\u044d. \u0432 \u0437\u0430\u043f\u0430\u0434\u043d\u043e\u0441\u0438\u0431\u0438\u0440\u0441\u043a\u043e\u0439 \u043b\u0435\u0441\u043e\u0441\u0442\u0435\u043f\u0438 \u043d\u0430 \u043e\u0441\u043d\u043e\u0432\u0435 \u0430\u043d\u0430\u043b\u0438\u0437\u0430 \u043a\u0435\u0440\u0430\u043c\u0438\u0447\u0435\u0441\u043a\u043e\u0433\u043e \u043a\u043e\u043c\u043f\u043b\u0435\u043a\u0441\u0430 \u043f\u0430\u043c\u044f\u0442\u043d\u0438\u043a\u0430 \u0427\u0438\u0447\u0430-1 [Die kulturellen Verh\u00e4ltnisse an der Wende vom 2. zum 1. Jahrtausend n. Chr. in der westsibirischen Waldsteppe auf der Grundlage der Keramikanalyse von \u010ci\u010da 1]. In: \u042d\u0442\u043d\u043e\u043a\u0443\u043b\u044c\u0442\u0443\u0440\u043d\u044b\u0435 \u043f\u0440\u043e\u0446\u0435\u0441\u0441\u044b \u0432 \u0412\u0435\u0440\u0445\u043d\u0435\u043c \u041f\u0440\u0438\u043e\u0431\u044c\u0435 \u0438 \u0441\u043e\u043f\u0440\u0435\u0434\u0435\u043b\u044c\u043d\u044b\u0445 \u0440\u0435\u0433\u0438\u043e\u043d\u0430\u0445 \u0432 \u043a\u043e\u043d\u0446\u0435 \u044d\u043f\u043e\u0445\u0438 \u0431\u0440\u043e\u043d\u0437\u044b (\u0411\u0430\u0440\u043d\u0430\u0443\u043b 2008) 144-160.<\/li>\n<li>Pflugspuren und optisch stimulierte Lumineszenz (OSL) \u2013 M\u00f6glichkeiten und Grenzen. In: G. H. Jeute, J. Schneewei\u00df, C. Theune (Hrsg.), aedificatio terrae. Beitr\u00e4ge zur Umwelt- und Siedlungsarch\u00e4ologie Mitteleuropas. Festschrift f\u00fcr E. Gringmuth-Dallmer (= Internationale Arch\u00e4ologie, Studia honoraria 26), (Rahden\/Westfalen 2007) 325-332.<\/li>\n<li>Die Eisenverh\u00fcttung im westlichen Odergebiet. In: E. Gringmuth-Dallmer, L. Leciejewicz (Hrsg.), Forschungen zu Mensch und Umwelt im Odergebiet in ur- und fr\u00fchgeschichtlicher Zeit (= R\u00f6misch-Germanische Forschungen 60). (Mainz 2002) 363-369.<\/li>\n<li>Die siedlungsarch\u00e4ologische Kartierung einer Mikroregion. Ein Beispiel f\u00fcr den Einsatz von GIS in der Arch\u00e4ologie. In: B. Biste, R. Hohls (Hrsg.), Fachinformation und EDV-Arbeitstechniken f\u00fcr Historiker. Einf\u00fchrung und Arbeitsbuch (= HSR-Suppl. 12), (K\u00f6ln 2000) 354-365.<\/li>\n<li>Der Werder (Mecklenburg) und seine Besiedlung in fr\u00fchgeschichtlicher Zeit. In: K.-D. J\u00e4ger (Hrsg.), Neue Forschungen zur Siedlungsarch\u00e4ologie in Ostdeutschland (= Alteurop\u00e4ische Forschungen 4) (Weissbach 2000) 1-46.<\/li>\n<\/ul>\n<p>\t\t\t\t\t\t\t\t\t\t\t\t<a href=\"\">Originalarbeiten<\/a><\/p>\n<ul>\n<li>mit W. Kirleis, M. Wieckowska-L\u00fcth, H. Piezonka, N. Nedomolkina, S. Lorenz, V. Elberfeld, The development of plant use and cultivation in the Sukhona Basin, north-west Russia. In: S. Vanhanen and P. Lageraas (eds.), Archaeobotanical studies of past plant cultivation in northern Europe (Barkhuis Publishing, Groningen 2020) 101-117.<\/li>\n<li>mit A. Bartrow, Kirche von unten \u2013 Aktuelle Forschungsergebnisse zur Feldsteinkapelle von Vietze. Hannoversches Wendland 19, 2016\u20132019 (L\u00fcchow 2019) 143\u2013168.<\/li>\n<li>\u201cLate Antique Little Ice Age\u201d \u0438 \u0440\u0430\u0441\u043f\u0440\u043e\u0441\u0442\u0440\u0430\u043d\u0435\u043d\u0438\u0435 \u0441\u043b\u0430\u0432\u044f\u043d \u0432 \u0442\u0440\u0435\u0442\u044c\u0435\u0439 \u0447\u0435\u0442\u0432\u0435\u0440\u0442\u0438 I \u0442\u044b\u0441. \u043d. \u044d., \u0423\u0440\u0430\u043b\u044c\u0441\u043a\u0438\u0439 \u0438\u0441\u0442\u043e\u0440\u0438\u0447\u0435\u0441\u043a\u0438\u0439 \u0432\u0435\u0441\u0442\u043d\u0438\u043a \u2116 4 (65), 2019, 52\u201363.<\/li>\n<li>mit J. Sikora, P. Kittel u. a., A palaeoenvironmental reconstruction of the rampart construction of the medieval ring-fort in Rozprza, Central Poland, Archaeological and Anthropological Sciences 2019.<\/li>\n<li>mit L. S. Shumilovskikh, V. Ye. Rodinkova u. a., Insights into the late Holocene vegetation history of the East European forest-steppe: case study Sudzha (Kursk region, Russia), Vegetation History and Archaeobotany 2019.<\/li>\n<li>mit B. Gro\u00dfkopf, G. Bucher, A. Kronz, J. R. Ruppel, L. Shumilovskikh, N. Zornhagen, Alte Sammlungsobjekte \u2013 neue Erkenntnisse. Eine Teremok-Schatulle mit Mumienknochen, G\u00f6ttinger Jahrbuch 66, 2018, 149\u2013172.<\/li>\n<li>mit F. Becker, V.I. Molodin, H. Parzinger, Z.V. Marchenko, S.V. Svyatko, Radiocarbon chronology of occupation of the site Chicha and Bayesian statistics for the assessment of a discontinuous transition from Late Bronze to Early Iron Age (West Siberia). Russian Geology and Geophysics 59, 2018, 635\u2013651.<\/li>\n<li>mit J. Brandt, Ein neuer Blick auf die \u201eAlte Burg\u201c von Hollenstedt im Lichte aktueller Untersuchungen. Hammaburg N.F. 17, 2017, 71-145.<\/li>\n<li>mit K. Struckmeyer, J. Brandt, S. Hesse, D. N\u00f6sler, Arch\u00e4ometrische Untersuchungen s\u00e4chsisch-slawischer Keramik im nord\u00f6stlichen Niedersachsen \u2013 erste Ergebnisse und Perspektiven. Arch\u00e4ologisches Korrespondenzblatt 46, 2016, 517-538.<\/li>\n<li>mit F. Becker, Zur absoluten Chronologie der westsibirischen Sp\u00e4tbronze- und fr\u00fchen Eisenzeit. Die \u00dcberpr\u00fcfung der Besiedlungsphasen in \u010ci\u010da mit Bayes\u2019scher Statistik. Pr\u00e4historische Zeitschrift 91 (2), 2016, 431\u2013470.<\/li>\n<li>\u0421\u043b\u0430\u0432\u044f\u043d\u0441\u043a\u0430\u044f \u0430\u0440\u0445\u0435\u043e\u043b\u043e\u0433\u0438\u044f \u0432 \u0413\u0435\u0440\u043c\u0430\u043d\u0438\u0438 \u043f\u043e\u0441\u043b\u0435 \u0412\u0442\u043e\u0440\u043e\u0439 \u043c\u0438\u0440\u043e\u0432\u043e\u0439 \u0432\u043e\u0439\u043d\u044b: \u043d\u0430\u0443\u0447\u043d\u0430\u044f \u043d\u0430\u043f\u0440\u0430\u0432\u043b\u0435\u043d\u043d\u043e\u0441\u0442\u044c \u0432\u0447\u0435\u0440\u0430 \u0438 \u0441\u0435\u0433\u043e\u0434\u043d\u044f [Die Arch\u00e4ologie der Slawen in Deutschland nach dem Zweiten Weltkrieg: Wissenschaftliche Ausrichtung gestern und heute]. \u041a\u0440\u0430\u0442\u043a\u0438\u0435 \u0441\u043e\u043e\u0431\u0449\u0435\u043d\u0438\u044f \u0418\u043d\u0441\u0442\u0438\u0442\u0443\u0442\u0430 \u0430\u0440\u0445\u0435\u043e\u043b\u043e\u0433\u0438\u0438 (\u041a\u0421\u0418\u0410) 240, 2015, 71-90.<\/li>\n<li>mit K. Wiedner, M. Dippold, B. Glaser, Anthropogenic Dark Earth in Northern Germany \u2013 The Nordic Analogue to terra preta de \u00cdndio in Amazonia?, Catena Special Issue: Man versus Nature: natural and anthropogenic footprints recorded in soils. Catena 132 (2015), 114\u2013125.<\/li>\n<li>mit N. Rjabogina, Die Wechselwirkungen zwischen naturr\u00e4umlichen Ver\u00e4nderungen und Kulturentwicklung in der westsibirischen Waldsteppenzone im 2. und 1. Jahrtausend v. Chr. In: O. Heinrich-Ta\u00acmaska\/M. Hardt\/L. R\u00e9v\u00e9sz\/W. Schenk (Hrsg.), Offene Landschaften. Siedlungsforschung 31, 2014, 63-93.<\/li>\n<li>mit T. Schatz, The impact of landscape change on the significance of political centres along the lower Elbe River in the 10th century A.D, Quaternary International 324 (2014), 20-33.<\/li>\n<li>Normannen, D\u00e4nen, Wikinger, War\u00e4ger. Eine vergleichende historisch-arch\u00e4ologische Betrachtung zwischen Normandie, unterer Elbregion und Novgorod zur Wikingerzeit. Zeitschrift f\u00fcr Arch\u00e4ologie des Mittelalters 40, 2012, 99-125.<\/li>\n<li>Neues vom H\u00f6hbeck-Kastell. Nachrichten aus Niedersachsens Urgeschichte 81, 2012, 81-110.<\/li>\n<li>Neue \u00dcberlegungen zur Lokalisierung von Schezla, Arch\u00e4ologische Berichte des Landkreises Rotenburg (W\u00fcmme) 16, 2010, 119-161.<\/li>\n<li>mit K. Privat, N. Benecke, S. K. Vasil\u2019ev, T. O\u2019Connell, R. Hedges, O. Craig, Economy and diet at the Late Bronze Age \u2013 Iron Age site of \u010ci\u010da: Artefactual, archaeozoological and biochemical analyses, Eurasia Antiqua 11, 2005, 419-448.<\/li>\n<li>mit V. I. Molodin, H. Parzinger u. a., Archaeological and Geophysical Investigations carried out by the joint Russian-German Expedition at the Bronze\/ Iron Age settlement of Chicha in the Baraba Steppe. Preliminary results. Archaeology, Ethnology &amp; Anthropology of Eurasia 3, 2001, 104-127.<\/li>\n<li>mit V. I. Molodin, H. Parzinger u. a., \u010ci\u010da \u2013 eine befestigte Ansiedlung der \u00dcbergangsperiode von der Sp\u00e4tbronze- zur Fr\u00fcheisenzeit in der Barabinsker Waldsteppe. Vorbericht der Kampagnen 1999-2001. Eurasia Antiqua 8, 2002, 185-236.<\/li>\n<li>\u201eKippelkahn\u201c und \u201eSeelenverk\u00e4ufer\u201c \u2013 Die Einb\u00e4ume des M\u00e4rkischen Museums zu Berlin. Jahrbuch 6 Stiftung Stadtmuseum Berlin 2000 (Berlin 2001) 128-156.<\/li>\n<li>Die ur- und fr\u00fchgeschichtliche Eisenverh\u00fcttung und \u2013verarbeitung im westlichen Odergebiet. Ethnographisch-Arch\u00e4ologische Zeitschrift 37, 1996, 335-363.<\/li>\n<\/ul>\n<p>\t\t\t\t\t\t\t\t\t\t\t\t<a href=\"\">Tagungsbeitr\u00e4ge<\/a><\/p>\n<ul>\n<li>M\u00fcnz- und Gewichtsgeldwirtschaft an der westlichen Peripherie der slawischen Welt. In: M. Bogucki\/ M. R\u0119bkowski (Hrsg.), Economies, Monetisation and Society in West Slavic Lands 800-1200 AD. Proceedings of the II Wolin Medievalist Meeting, 3-5 August 2012 in Wolin (Warszawa 2014) 235-263.<\/li>\n<li>\u201aa Wilzis distructum\u2018 und Schlacht ohne Schlachtfeld \u2013 die Spuren bezeugter Zerst\u00f6rung der Jahre 810 und 929 an der Elbe im arch\u00e4ologischen Befund. In: O. Heinrich-Tamaska (Hrsg.), Rauben, Pl\u00fcndern, Morden. Nachweis von Zerst\u00f6rung und kriegerischer Gewalt im arch\u00e4ologischen Befund. Tagungsbeitr\u00e4ge der Arbeitsgemeinschaft Sp\u00e4tantike und Fr\u00fchmittelalter. 6. Zerst\u00f6rung und Gewalt im arch\u00e4ologischen Befund (Bremen, 5.-6.10.2011), Studien zu Sp\u00e4tantike und Fr\u00fchmittelalter 5 (Hamburg 2013) 337-356.<\/li>\n<li>793 \u2013 862 \u2013 929 AD. How Historical Dates Can Affect the Archaeological Research. In: Principles of Da-ting in the Bronze, Iron and Middle Ages. Materials of the Russian-German colloquium (December 2-3, 2013, Saint Petersburg), Saint Petersburg 2013, 158-164.<\/li>\n<li>The rise and fall of a Frankish intention. The early history of a frontier site between Saxons and Slavs on the river Elbe. In: R. Annaert, K. de Groote, Y. Hollevoet, F. Theuws, D. Tys, L. Verslype (Hrsg.), The very beginning of Europe? Cultural and Social Dimensions of Early-Medieval Migration and Colonisation (5th-8th century). Archaeology in Contemporary Europe. Conference Brussels \u2013 May 17-19 2011 (= Relicta Monografie\u00ebn 7) Brussels 2012, 265-275.<\/li>\n<li>\u041a\u0443\u043b\u044c\u0442\u0443\u0440\u043d\u044b\u0435 \u043f\u0435\u0440\u0435\u043c\u0435\u043d\u044b \u0443 \u0437\u0430\u043f\u0430\u0434\u043d\u044b\u0445 \u0441\u043b\u0430\u0432\u044f\u043d \u0432 \u043a\u043e\u043d\u0442\u0435\u043a\u0441\u0442\u0435 \u0438\u0441\u0442\u043e\u0440\u0438\u0447\u0435\u0441\u043a\u0438\u0445 \u043f\u0440\u043e\u0446\u0435\u0441\u0441\u043e\u0432 IX \u0438 X \u0432\u0435\u043a\u043e\u0432 [Der kulturelle Wandel bei den Westslawen im Kontext des 9. und 10. Jh.]. In: \u0421\u0435\u0432\u0435\u0440\u043d\u0430\u044f \u0420\u0443\u0441\u044c \u0438 \u043f\u0440\u043e\u0431\u043b\u0435\u043c\u044b \u0444\u043e\u0440\u043c\u0438\u0440\u043e\u0432\u0430\u043d\u0438\u044f \u0434\u0440\u0435\u0432\u043d\u0435\u0440\u0443\u0441\u0441\u043a\u043e\u0433\u043e \u0433\u043e\u0441\u0443\u0434\u0430\u0440\u0441\u0442\u0432\u0430. \u0421\u0431\u043e\u0440\u043d\u0438\u043a \u043c\u0430\u0442\u0435\u0440\u0438\u0430\u043b\u043e\u0432 \u041c\u0435\u0436\u0434\u0443\u043d\u0430\u0440\u043e\u0434\u043d\u043e\u0439 \u043d\u0430\u0443\u0447\u043d\u043e\u0439 \u043a\u043e\u043d\u0444\u0435\u0440\u0435\u043d\u0446\u0438\u0438. \u0412\u043e\u043b\u043e\u0433\u0434\u0430 \u2013 \u041a\u0438\u0440\u0438\u043b\u043b\u043e\u0432 \u2013 \u0411\u0435\u043b\u043e\u0437\u0435\u0440\u0441\u043a, 6\u20138 \u0438\u044e\u043d\u044f 2012 \u0433. (\u0412\u043e\u043b\u043e\u0433\u0434\u0430 2012) 114-127.<\/li>\n<li>Die Datierung des H\u00f6hbeck-Kastells an der Elbe. In: F. Biermann, T. Kersting, A. Klammt (Hrsg.), Der Wandel um 1000. Beitr\u00e4ge der Sektion zur slawischen Fr\u00fchgeschichte der 18. Jahrestagung des Mittel- und Ostdeutschen Verbandes f\u00fcr Altertumsforschung in Greifswald, 23.bis 27. M\u00e4rz 2009 (= Beitr\u00e4ge zur Ur- und Fr\u00fchgeschichte Mitteleuropas Bd. 60), (Langenweissbach 2011) 371-377.<\/li>\n<li>mit J. Woyzek und A. Kronz, Rotguss im slawischen Mittelalter. In: O. Hahn, A. Hauptmann, D. Modarressi-Tehrani, M. Prange (Hrsg.), METALLA. Sonderheft 3. Arch\u00e4ometrie und Denkmalpflege 2010, 99-101.<\/li>\n<li>Siedlungsgeschichtliche Forschungen am H\u00f6hbeck: Der slawische Burgwall im Elbholz. In: F. Biermann, T. Kersting, A. Klammt (Hrsg.), Siedlungsstrukturen und Burgen im westslawischen Raum. Beitr\u00e4ge der Sektion zur slawischen Fr\u00fchgeschichte der 17. Jahrestagung des Mittel- und Ostdeutschen Verbandes zur Altertumsforschung in Halle an der Saale, 19. bis 21. M\u00e4rz 2007 (Langenweissbach 2009) 121-130.<\/li>\n<li>Die Rolle des Gew\u00e4ssersystems bei der slawischen Einwanderung am Beispiel des Werders bei Neubrandenburg. Ein Beitrag zur Kontinuit\u00e4tsdiskussion. In: F. Biermann, T. Kersting (Hrsg.), Siedlung, Kommunikation und Wirtschaft im westslawischen Raum. Beitr\u00e4ge der Sektion zur slawischen Fr\u00fch-geschichte des 5. Deutschen Arch\u00e4ologenkongresses in Frankfurt\/Oder, 4. bis 7. April 2005 (Langenweissbach 2007) 19-28.<\/li>\n<li>mit C. Goedicke und T. Schatz, OSL \u2013 Ein Weg zur \u201eartefaktfreien\u201c Arch\u00e4ologie?, Arch\u00e4ometrie und Denkmalpflege 2006, Kurzberichte 2006 (Stuttgart 2006) 16-18.<\/li>\n<\/ul>\n<p>\t\t\t\t\t\t\t\t\t\t\t\t<a href=\"\">Varia<\/a><\/p>\n<ul>\n<li>sv. &#8222;H\u00f6hbeck&#8220; Germanische Altertumskunde Online. Berlin, Boston: De Gruyter. 2020. Retrieved 7 Dec. 2020, from https:\/\/db.degruyter.com\/view\/GAO\/RGA_2534<\/li>\n<li>sv. &#8222;Schezla&#8220; Germanische Altertumskunde Online. Berlin, Boston: De Gruyter. 2020. Retrieved 7 Dec. 2020, from https:\/\/db.degruyter.com\/view\/GAO\/GAO_111<\/li>\n<li>Von Sachsenkriegen und Slawenaufst\u00e4nden. Arch\u00e4ologie und schriftliche \u00dcberlieferung. Arch\u00e4ologie in Niedersachsen 17, 2014, 84-88.<\/li>\n<li>mit \u0415. Kasjuk, A. M. Bartrow, L. Shumilovskikh, \u041f\u0440\u0438\u043c\u0435\u043d\u0435\u043d\u0438\u0435 \u043c\u0430\u0433\u043d\u0438\u0442\u043e\u0440\u0430\u0437\u0432\u0435\u0434\u043a\u0438 \u043f\u0440\u0438 \u0438\u0437\u0443\u0447\u0435\u043d\u0438\u0438 \u0440\u0430\u043d\u043d\u0435\u0441\u0440\u0435\u0434\u043d\u0435\u0432\u0435\u043a\u043e\u0432\u044b\u0445 \u043f\u0430\u043c\u044f\u0442\u043d\u0438\u043a\u043e\u0432 \u0411\u0435\u043b\u0430\u0440\u0443\u0441\u0438 [Die Anwendung von Magnetprospektionen bei der Untersuchung fr\u00fchmittelalterlicher Fundpl\u00e4tze Wei\u00dfrusslands]. \u041c\u0430\u0442\u044d\u0440\u044b\u044f\u043b\u044b \u043f\u0430 \u0430\u0440\u0445\u0435\u0430\u043b\u043e\u0433\u0456\u0456 \u0411\u0435\u043b\u0430\u0440\u0443\u0441\u0456 25, 2014, 259-265.<\/li>\n<li>Slawische Burgen in Niedersachsen. Arch\u00e4ologie in Niedersachsen 16, 2013, 58-61.<\/li>\n<li>Karl der Gro\u00dfe und sein Kastell H\u00f6hbeck an der Elbe. Die Kunde N.F. 62, 2011 (2013), 97-116.<\/li>\n<li>\u0421\u0430\u043a\u0441\u044b, \u0424\u0440\u0430\u043d\u043a\u0438, \u0421\u043b\u0430\u0432\u044f\u043d\u0435 \u2013 \u043f\u044f\u0442\u0438\u043b\u0435\u0442\u043d\u0438\u0439 \u043d\u0430\u0443\u0447\u043d\u043e\u0438\u0441\u0441\u043b\u0435\u0434\u043e\u0432\u0430\u0442\u0435\u043b\u044c\u0441\u043a\u0438\u0439 \u043f\u0440\u043e\u0435\u043a\u0442 \u0432 \u043d\u0438\u0436\u043d\u0435\u043c \u041f\u0440\u0438\u044d\u043b\u044c\u0431\u0435 (\u0413\u0435\u0440\u043c\u0430\u043d\u0438\u044f) [Sachsen, Franken, Slawen \u2013 zu einem f\u00fcnfj\u00e4hrigen wissenschaftlichen Forschungsprojekt an der unteren Mittelelbe (Deutschland)]. \u0410\u0440\u0445\u0435\u043e\u043b\u043e\u0433\u0438\u044f \u0438 \u0438\u0441\u0442\u043e\u0440\u0438\u044f \u041f\u0441\u043a\u043e\u0432\u0430 \u0438 \u043f\u0441\u043a\u043e\u0432\u0441\u043a\u043e\u0439 \u0437\u0435\u043c\u043b\u0438 57, 2012, 165-173, 251-254.<\/li>\n<li>Altsteinzeitliche H\u00f6hlenkunst in S\u00fcdniedersachsen. Zur Geschichte der G\u00f6ttinger Bisonnachbildung aus Altamira. In: Georg-August-Universit\u00e4t G\u00f6ttingen (Hrsg.), Dinge des Wissens. Die Sammlungen, Museen und G\u00e4rten der Universit\u00e4t G\u00f6ttingen (G\u00f6ttingen 2012) 134-136.<\/li>\n<li>mit D. Wittorf, Nur eine neolithische Scherbe aus Vietze? Hannoversches Wendland 16\/17 (1998-2011), 2012, 285-294.<\/li>\n<li>Von Karl dem Gro\u00dfen zu Heinrich dem L\u00f6wen &#8211; Ein Bericht \u00fcber die aktuellen Forschungen zum Fr\u00fchmittelalter am H\u00f6hbeck. Hannoversches Wendland 16\/17 (1998-2011), 2012, 209-238.<\/li>\n<li>Von Schezla nach Lenzen. Einblicke in die Fr\u00fchgeschichte einer Grenzregion am H\u00f6hbeck. Mitteilungen des Vereins f\u00fcr Geschichte der Prignitz 11, 2011, 93-112.<\/li>\n<li>Feuerbock und Hirschgeweih \u2013 eine germanische Kultgrube an der Elbe. Arch\u00e4ologie in Niedersachsen 13, 2010, 52-55.<\/li>\n<li>Der M\u00fcnzschatz von Vietze. Arch\u00e4ologie in Niedersachsen 12, 2009, 130-132.<\/li>\n<li>1100 Jahre Meetschow \u2013 neue Einblicke in eine alte Burg. Arch\u00e4ologie in Niedersachsen 10, 2007, 102-105.<\/li>\n<li>Die \u00dcbergangsperiode von der sp\u00e4ten Bronzezeit zur Eisenzeit in der westsibirischen Waldsteppe: Die Keramik der Siedlung \u010ci\u010da. Arch\u00e4ologisches Nachrichtenblatt 10, 2005, 289-295.<\/li>\n<li>Verw\u00fcstet und wieder aufgelebt. Zeugnisse der fr\u00fchen Stadt unter der Ortsdurchfahrt in Br\u00fcssow, Lkr. Uckermark, Arch\u00e4ologie in Berlin und Brandenburg 2004 (Stuttgart 2005) 112-116.<\/li>\n<li>mit V. I. Molodin, D. Z\u0117v\u0117\u0117ndor\u017e, V. P. Myl\u2018nikov, I. Ju. Sljusarenko, Ju. N. Garku\u0161a, M. Bajarsajchan, A. P. Ov\u010darenko, \u0412 \u043f\u043e\u0438\u0441\u043a\u0430\u0445 \u043f\u0430\u0437\u044b\u0440\u044b\u043a\u0441\u043a\u0438\u0445 \u043a\u043e\u043c\u043f\u043b\u0435\u043a\u0441\u043e\u0432 \u043d\u0430 \u0441\u0435\u0432\u0435\u0440\u043e-\u0437\u0430\u043f\u0430\u0434\u0435 \u041c\u043e\u043d\u0433\u043e\u043b\u0438\u0438 [Auf der Suche nach Pazyryk-Komplexen in der Nordwest-Mongolei]. \u041f\u0440\u043e\u0431\u043b\u0435\u043c\u044b \u0430\u0440\u0445\u0435\u043e\u043b\u043e\u0433\u0438\u0438, \u044d\u0442\u043d\u043e\u0433\u0440\u0430\u0444\u0438\u0438, \u0430\u043d\u0442\u0440\u043e\u043f\u043e\u043b\u043e\u0433\u0438\u0438 \u0421\u0438\u0431\u0438\u0440\u0438 \u0438 \u0441\u043e\u043f\u0440\u0435\u0434\u0435\u043b\u044c\u043d\u044b\u0445 \u0442\u0435\u0440\u0440\u0438\u0442\u043e\u0440\u0438\u0439 10, 2004, 365-371.<\/li>\n<li>mit O. I. Novikova, \u041a\u043e\u043d\u0442\u0435\u043a\u0441\u0442 \u043c\u0435\u0441\u0442\u043e\u043d\u0430\u0445\u043e\u0436\u0434\u0435\u043d\u0438\u044f \u0441\u043e\u0441\u0443\u0434\u043e\u0432 \u043a\u0430\u043a \u0441\u0432\u0438\u0434\u0435\u0442\u0435\u043b\u044c\u0441\u0442\u0432\u043e \u043e\u0431\u0440\u044f\u0434\u043e\u0432\u044b\u0445 \u0434\u0435\u0439\u0441\u0442\u0432\u0438\u0439 (\u043f\u043e \u043c\u0430\u0442\u0435\u0440\u0438\u0430\u043b\u0430\u043c \u043f\u043e\u0441\u0435\u043b\u0435\u043d\u0438\u044f \u0427\u0438\u0447\u0430-1) [Der Fundkontext von Gef\u00e4\u00dfen als Zeugnis f\u00fcr rituelle Handlungen (anhand von Befunden aus der Siedlung \u010ci\u010da 1]. In: \u0421\u0435\u0432\u0435\u0440\u043d\u0430\u044f \u0415\u0432\u0440\u0430\u0437\u0438\u044f \u0432 \u044d\u043f\u043e\u0445\u0443 \u0431\u0440\u043e\u043d\u0437\u044b: \u043f\u0440\u043e\u0441\u0442\u0440\u0430\u043d\u0441\u0442\u0432\u043e, \u0432\u0440\u0435\u043c\u044f, \u043a\u0443\u043b\u044c\u0442\u0443\u0440\u0430. \u0421\u0431\u043e\u0440\u043d\u0438\u043a \u043d\u0430\u0443\u0447\u043d\u044b\u0445 \u0442\u0440\u0443\u0434\u043e\u0432 (\u0411\u0430\u0440\u043d\u0430\u0443\u043b 2002) 109-111.<\/li>\n<li>mit K. Privat, Palaeodietary Research with the Stable Nitrogen Isotope Analysis of bone collagen. In: \u0421\u0435\u0432\u0435\u0440\u043d\u0430\u044f \u0415\u0432\u0440\u0430\u0437\u0438\u044f \u0432 \u044d\u043f\u043e\u0445\u0443 \u0431\u0440\u043e\u043d\u0437\u044b: \u043f\u0440\u043e\u0441\u0442\u0440\u0430\u043d\u0441\u0442\u0432\u043e, \u0432\u0440\u0435\u043c\u044f, \u043a\u0443\u043b\u044c\u0442\u0443\u0440\u0430. \u0421\u0431\u043e\u0440\u043d\u0438\u043a \u043d\u0430\u0443\u0447\u043d\u044b\u0445 \u0442\u0440\u0443\u0434\u043e\u0432 (\u0411\u0430\u0440\u043d\u0430\u0443\u043b 2002) 192-194.<\/li>\n<li>Drei Einb\u00e4ume aus dem M\u00e4rkischen Museum zu Berlin. Skyllis. Zeitschrift f\u00fcr Unterwasserarch\u00e4ologie 2, 1999, 108-117.<\/li>\n<\/ul>\n<p>\t\t\t\t\t\t\t\t\t\t\t\t<a href=\"\">Rezensionen<\/a><\/p>\n<ul>\n<li>The Slavs on the Danube. Homeland Found. \/ Slavjane na Dunae. Obretenie rodiny. \/ Slavii de pe Dun\u0103re. Descoperirea patriei. Hrsg. von Roman A. Rabinovich und Igor O. Gavritukhin. (Stratum plus. Archaeology and Cultural Anthropology, Heft 5.) Biznes-Elita. Sankt-Peterburg u. a. 2015. 360 S., 156 Abb., 2 Tab. ISSN 1608-9057. (\u20ac 20,\u2013.) In: Zeitschrift f\u00fcr Ostmitteleuropa-Forschung 66, 2017, H. 4, 597-598.<\/li>\n<li>Sebastian Messal: Glienke. Eine slawische Burg des 9. und 10. Jahrhunderts im \u00f6stlichen Mecklenburg. (Fr\u00fchmittelalterliche Arch\u00e4ologie zwischen Ostsee und Mittelmeer, Bd. 5.) Reichert. Wiesbaden 2015. XI, 365 S., 115 Abb., 19 Tab., 120 Taf., 11 Beilagen. ISBN 978-3-95490-074-9. (\u20ac 69,\u2013.) In: Zeitschrift f\u00fcr Ostmitteleuropa-Forschung 66, 2017, H. 3, 417-419.<\/li>\n<li>Ralf Obst, Die Besiedlungsgeschichte am nordwestlichen Maindreieck vom Neolithikum bis zum Ende des Mittelalters. W\u00fcrzburger Arbeiten zur Pr\u00e4historischen Arch\u00e4ologie Band 4. Marie Leidorf, Rahden \/ Westfalen 2012. \u20ac 71,80. ISBN 978-3-89646-074-5. 424 Seiten mit 71 Textabb., 15 z. T. mehrseitigen Abb. und 18 Karten, 36 Tafeln. In: Germania 92, 2014, 201-205.<\/li>\n<li>Wiebke Rohrer: Wikinger oder Slawen? Die ethnische Interpretation fr\u00fchpiastischer Bestattungen mit Waffenbeigabe in der deutschen und polnischen Arch\u00e4ologie. (Studien zur Ostmitteleuropa\u00acfor-schung, Bd. 26.) Verl. Herder-Inst. Marburg 2012. VIII, 257 S., Ill. ISBN 978-3-87969-376-4. (\u20ac 38,-). In: Zeitschrift f\u00fcr Ostmitteleuropa-Forschung 63, 2014, H. 4, 571-573.<\/li>\n<li>Nina Lau: Pilgramsdorf\/Pielgrzymowo. Ein Fundplatz der r\u00f6mischen Kaiserzeit in Nordmasowien. Eine Studie zu Archivalien, Grabsitten und Fundbestand. (Studien zur Siedlungsgeschichte und Arch\u00e4ologie der Ostseegebiete, Bd. 11.) Wachholtz. Neum\u00fcnster 2012. 219 S., Ill., graph. Darst., Kt., dt., engl. u. poln. Zusfass. ISBN 978-3-529-01371-3. (\u20ac 50,\u2013). In: Zeitschrift f\u00fcr Ostmitteleuropa-Forschung 63, 2014, H. 1, 107-109.<\/li>\n<li>Lutz Volmer\/Wolf Haio Zimmermann (Hrsg.), Glossary of Prehistoric and Historic Timber Buildings. Glossar zum pr\u00e4historischen und historischen Holzbau. Studien zur Landschafts- und Siedlungsgeschichte im s\u00fcdlichen Nordseek\u00fcstengebiet 3, Verlag Marie Leidorf, Rahden\/Westfalen 2012. 482 Seiten mit 587 Abbildungen. Hardcover 59,80 \u20ac. ISBN 978-3-86757-333-7, In: Nachrichten aus Niedersachsens Urgeschichte 82, 2013, 237-238.<\/li>\n<li>Kerstin P. Hofmann, Der rituelle Umgang mit dem Tod. Untersuchungen zu bronze- und fr\u00fcheisenzeitlichen Brandbestattungen im Elbe-Weser-Dreieck. Schriftenreihe des Landschaftsverbandes der ehemaligen Herzogt\u00fcmer Bremen und Verden Bd. 32, zugleich Arch\u00e4ologische Berichte des Landkreises Rotenburg (W\u00fcmme) Bd. 14. Verlag des Landschaftsverbandes der ehemaligen Herzogt\u00fcmer Bremen und Verden e.V. Stade \u2013 Kommissionsverlag Isensee Verlag Oldenburg 2008. ISSN 0946-8471, ISBN 978-3-89995-574-3, ISBN 978-3-931879-41-9. XVIII, 645 S., 166 Textabbildungen, davon 13 farbig. Mit einem Beitrag von P. Caselitz (Teil 1); VI, 578 S., 4 Textabbildungen, 180 Tafeln, 14 Tabellen, 15 Diagramme, 21 Karten (1 farbig), 13 Pl\u00e4ne (1 farbig) (Teil 2), In: Die Kunde N.F. 62, 2011, 179-182.<\/li>\n<li>L.S. Klejn, Spor o varjagach. Istorija protivostojanija i argumenty storon [Der Streit um die War\u00e4ger. Die Geschichte der Konfrontation und die Argumente beider Seiten], Evrazija. Sankt Peterburg 2009. 400 S., 6 Abb., 2 Ktn., 7 Taf., 15 s\/w-Fotos und 8 Reproduktionen auf 8 Hochglanztafeln. ISBN 978-5-8071-0329-1, In: Zeitschrift f\u00fcr Ostmitteleuropa-Forschung 59, 2010, H. 3, 414-416.<\/li>\n<li>Fred Ruchh\u00f6ft, Vom slawischen Stammesgebiet zur deutschen Vogtei. Die Entwicklung der Territorien in Ostholstein, Lauenburg, Mecklenburg und Vorpommern im Mittelalter (Arch\u00e4ologie und Geschichte im Ostseeraum 4) Verlag Marie Leidorf Rahden\/Westf. 2008. 258 S. mit 77 Textabb. Hardcover. ISBN 978-3-89646-464-4. ISSN 1863-0855, In: Ethnogr.-Arch\u00e4ol. Zeitschr. 49, 2008, 535-540.<\/li>\n<li>Novgorod. Das mittelalterliche Zentrum und sein Umland im Norden Russlands. Hrsg. M. M\u00fcller-Wille, V.L. Janin, E.N. Nosov, E.A. Rybina (Studien zur Siedlungsgeschichte und Arch\u00e4ologie der Ostseegebiete 1) Wachholtz-Verlag Neum\u00fcnster 2001. 399 S., 218 Abb., teils mehrfarb., 2 Kt., 2 Tab. Hardcover. ISBN 3-529-01390-0, In: Ethnogr.-Arch\u00e4ol. Zeitschr. 47, 2006, 281-287.<\/li>\n<li>F.H. West (ed.) American Beginnings. The Prehistory and Palaeoecology of Beringia. The University of Chicago Press 1996. XXIV, 576 S. mit 73 Fotoabb., 200 Zeichn., 36 Ktn., 39 Tab. Hardcover. ISBN 0 226 89399 5, In: Ethnogr.-Arch\u00e4ol. Zeitschr. 40, 1999, 459-462.<\/li>\n<\/ul>\n<p>\t\t\t<a href=\"https:\/\/zbsa.eu\/die-mitarbeiterinnen-und-mitarbeiter-des-zbsa\/\" role=\"button\"><br \/>\n\t\t\t\t\t\tZur\u00fcck zur \u00dcbersicht<br \/>\n\t\t\t\t\t<\/a><br \/>\n\t\t\t<a href=\"#\" role=\"button\"><br \/>\n\t\t\t\t\t\tSeitenanfang<br \/>\n\t\t\t\t\t<\/a><\/p>\n","comment_info":"No Comments","acf":[],"_links":{"self":[{"href":"https:\/\/zbsa.eu\/en\/wp-json\/wp\/v2\/posts\/8834","targetHints":{"allow":["GET"]}}],"collection":[{"href":"https:\/\/zbsa.eu\/en\/wp-json\/wp\/v2\/posts"}],"about":[{"href":"https:\/\/zbsa.eu\/en\/wp-json\/wp\/v2\/types\/post"}],"author":[{"embeddable":true,"href":"https:\/\/zbsa.eu\/en\/wp-json\/wp\/v2\/users\/3"}],"replies":[{"embeddable":true,"href":"https:\/\/zbsa.eu\/en\/wp-json\/wp\/v2\/comments?post=8834"}],"version-history":[{"count":16,"href":"https:\/\/zbsa.eu\/en\/wp-json\/wp\/v2\/posts\/8834\/revisions"}],"predecessor-version":[{"id":8890,"href":"https:\/\/zbsa.eu\/en\/wp-json\/wp\/v2\/posts\/8834\/revisions\/8890"}],"wp:attachment":[{"href":"https:\/\/zbsa.eu\/en\/wp-json\/wp\/v2\/media?parent=8834"}],"wp:term":[{"taxonomy":"category","embeddable":true,"href":"https:\/\/zbsa.eu\/en\/wp-json\/wp\/v2\/categories?post=8834"},{"taxonomy":"post_tag","embeddable":true,"href":"https:\/\/zbsa.eu\/en\/wp-json\/wp\/v2\/tags?post=8834"}],"curies":[{"name":"wp","href":"https:\/\/api.w.org\/{rel}","templated":true}]}}