{"id":983,"date":"2020-01-01T13:42:41","date_gmt":"2020-01-01T12:42:41","guid":{"rendered":"https:\/\/zbsa.eu\/?p=983"},"modified":"2021-03-02T14:10:57","modified_gmt":"2021-03-02T13:10:57","slug":"januar-2020","status":"publish","type":"post","link":"https:\/\/zbsa.eu\/en\/januar-2020\/","title":{"rendered":"January 2020"},"content":{"rendered":"<div data-elementor-type=\"wp-post\" data-elementor-id=\"983\" class=\"elementor elementor-983\" data-elementor-post-type=\"post\">\n\t\t\t\t\t\t<section data-particle_enable=\"false\" data-particle-mobile-disabled=\"false\" class=\"elementor-section elementor-top-section elementor-element elementor-element-1e963730 elementor-section-boxed elementor-section-height-default elementor-section-height-default\" data-id=\"1e963730\" data-element_type=\"section\">\n\t\t\t\t\t\t<div class=\"elementor-container elementor-column-gap-default\">\n\t\t\t\t\t<div class=\"elementor-column elementor-col-100 elementor-top-column elementor-element elementor-element-c05cec7\" data-id=\"c05cec7\" data-element_type=\"column\">\n\t\t\t<div class=\"elementor-widget-wrap elementor-element-populated\">\n\t\t\t\t\t\t<div class=\"elementor-element elementor-element-36487a3 elementor-widget elementor-widget-text-editor\" data-id=\"36487a3\" data-element_type=\"widget\" data-widget_type=\"text-editor.default\">\n\t\t\t\t<div class=\"elementor-widget-container\">\n\t\t\t\t\t\t\t\t\t<p><\/p>\n<h2 class=\"wp-block-heading\">\u201eDas Schwert mit dem goldenen Griff. Eine Prunkbestattung der V\u00f6lkerwanderungszeit\u201c<\/h2>\n<p><\/p>\n<p><\/p>\n<p><\/p>\t\t\t\t\t\t\t\t<\/div>\n\t\t\t\t<\/div>\n\t\t\t\t\t<\/div>\n\t\t<\/div>\n\t\t\t\t\t<\/div>\n\t\t<\/section>\n\t\t\t\t<section data-particle_enable=\"false\" data-particle-mobile-disabled=\"false\" class=\"elementor-section elementor-top-section elementor-element elementor-element-4203147 elementor-section-boxed elementor-section-height-default elementor-section-height-default\" data-id=\"4203147\" data-element_type=\"section\">\n\t\t\t\t\t\t<div class=\"elementor-container elementor-column-gap-default\">\n\t\t\t\t\t<div class=\"elementor-column elementor-col-100 elementor-top-column elementor-element elementor-element-81f1a3f\" data-id=\"81f1a3f\" data-element_type=\"column\">\n\t\t\t<div class=\"elementor-widget-wrap elementor-element-populated\">\n\t\t\t\t\t\t<div class=\"elementor-element elementor-element-5bc2820 elementor-widget elementor-widget-text-editor\" data-id=\"5bc2820\" data-element_type=\"widget\" data-widget_type=\"text-editor.default\">\n\t\t\t\t<div class=\"elementor-widget-container\">\n\t\t\t\t\t\t\t\t\t<figure id=\"attachment_984\" aria-describedby=\"caption-attachment-984\" style=\"width: 205px\" class=\"wp-caption alignleft\"><img fetchpriority=\"high\" decoding=\"async\" class=\"wp-image-984\" src=\"https:\/\/zbsa.eu\/wp-content\/uploads\/2021\/03\/zbsa.jpg\" alt=\"Buchcover mit dem namengebenden breiten Langschwert mit goldener Griffh\u00fclse.\" width=\"205\" height=\"261\" \/><figcaption id=\"caption-attachment-984\" class=\"wp-caption-text\">Buchcover mit dem namengebenden breiten Langschwert mit goldener Griffh\u00fclse.<\/figcaption><\/figure>\n<p><strong>Andreas Rau<\/strong><\/p>\n<p>Mitte des Jahres 2019 konnte das Projekt \u201eDer Berliner chef militaire\u201c mit der Fertigungstellung eines Manuskriptes beendet werden, das im Dezember 2019 als Buch mit dem Titel \u201eDas Schwert mit dem goldenen Griff. Eine Prunkbestattung der V\u00f6lkerwanderungszeit\u201c erschienen ist. Das aus einer Privatsammlung stammende und im Jahr 2007 vom Berliner Museum f\u00fcr Vor- und Fr\u00fchgeschichte angekaufte Beigabenensemble ist darin erstmals umfassend vorgestellt und analysiert worden.<\/p>\n<p><span style=\"letter-spacing: 0px; color: var( --e-global-color-text ); font-family: var( --e-global-typography-text-font-family ), Sans-serif; font-weight: var( --e-global-typography-text-font-weight );\">Als hauptverantwortliche Autoren waren Marion Bertram (Museum f\u00fcr Vor- und Fr\u00fchgeschichte, Staatliche Museen zu Berlin &#8211; Stiftung Preu\u00dfischer Kulturbesitz), Dieter Quast (R\u00f6misch-Germanisches Zentralmuseum, Leibniz Forschungsinstitut f\u00fcr Arch\u00e4ologie) und Andreas Rau (ZBSA)\u00a0 verantwortlich. Erg\u00e4nzende Beitr\u00e4ge behandeln zudem die auf der R\u00fcckseite des Schwerscheidenmundbleches eingeritzte Runeninschrift, verfasst von Sigmund Oehrl (Institutionen f\u00f6r arkeologi och antikens kultur, Stockholms universitet), sowie die computertomographische Untersuchung der Schwertklinge von Ulrich Lehmann (LWL-Arch\u00e4ologie f\u00fcr Westfalen, M\u00fcnster).<\/span><\/p>\n<p>Obwohl die Unkenntnis von Fundort, Fundzeit sowie des n\u00e4heren Kontextes die Aussagen zur historischen Einordnung des Ensembles erheblich behindert, lassen sich aus dem reichen Fundbestand, der mit allergr\u00f6\u00dfter Wahrscheinlichkeit einem einzelnen Grab der 1. H\u00e4lfte des 5. Jahrhundert zugeschrieben kann, wichtige Erkenntnisse \u00fcber die sp\u00e4tantiken Milit\u00e4reliten gewinnen. W\u00e4hrend die Bewaffnung \u2013 darunter besonders augenf\u00e4llig der goldene Schwertgriff und der mit vergoldetem Silberblech \u00fcberzogenen Schildbuckel \u2013 mutma\u00dflich aus r\u00f6mischen Werkst\u00e4tten stammt, zeigen die Trachtbestandteile vor allem einen Bezug zum s\u00fcdwestdeutschen-\u201ealamannischen\u201c Raum auf. Auf ein germanischsprachiges Umfeld deutet auch die Runeninschrift hin, wenngleich f\u00fcr diese bislang stark abweichende und letztlich nur bedingt \u00fcberzeugende Lesungen und \u00dcbersetzungen vorgeschlagen wurden. Derweil muss das umfangreiche Tischgeschirr aus Metall-, Ton- und Glasgef\u00e4\u00dfen provinzialr\u00f6mischer Herkunft so interpretiert werden, dass der Bestattete oder zumindest Teile der ihn Bestattenden, genaue Kenntnis der provinzialr\u00f6mischen Speise- und Bewirtungssitten gehabt haben.<\/p>\n<p>Das Spektrum der Objekte l\u00e4sst einen Bezug zum unteren Maingebiet\u00a0 vermuten, dass zwischen 370-ca. 450 n. Chr. \u2013 obwohl \u201eoffiziell\u201c im Barbaricum\u00a0 gelegen \u2013 einen starken Bezug zum linksrheinischen sp\u00e4tr\u00f6mischen Provinzgebiet aufweist. Teilweise frappierende \u00dcbereinstimmungen zeigen sich dabei z.B. zu einer bereits 1925 unsachgem\u00e4\u00df geborgenen Grabausstattung aus dem Frankfurter Stadtteil Praunheim. Die besprochen\u00a0 Beigaben k\u00f6nnen daher ebenfalls als Ausstattung der Grablege eines Mitgliedes der barbarischen Milit\u00e4relite gedeutet werden, das m\u00f6glicherweise im Auftrag und mit Unterst\u00fctzung des r\u00f6mischen Reiches eine Rolle in der Vorfeldverteidigung \u00fcbernahm.<\/p>\n<p>M. Bertram\/D. Quast\/A. Rau, Das Schwert mit dem goldenen Griff. Eine Prunkbestattung der V\u00f6lkerwanderungszeit. Die Sammlungen des Museums f\u00fcr Vor- und Fr\u00fchgeschichte 5 (Regensburg 2019). ISBN: 978-3-7954-3475-5<\/p>\t\t\t\t\t\t\t\t<\/div>\n\t\t\t\t<\/div>\n\t\t\t\t\t<\/div>\n\t\t<\/div>\n\t\t\t\t\t<\/div>\n\t\t<\/section>\n\t\t\t\t<\/div>","protected":false},"excerpt":{"rendered":"<p>\u201eDas Schwert mit dem goldenen Griff. Eine Prunkbestattung der V\u00f6lkerwanderungszeit\u201c Andreas Rau Mitte des Jahres 2019 konnte das Projekt \u201eDer Berliner chef militaire\u201c mit der Fertigungstellung eines Manuskriptes beendet werden, das im Dezember 2019 als Buch mit dem Titel \u201eDas Schwert mit dem goldenen Griff. Eine Prunkbestattung der V\u00f6lkerwanderungszeit\u201c erschienen ist. Das aus einer Privatsammlung stammende und im Jahr 2007 vom Berliner Museum f\u00fcr Vor- und Fr\u00fchgeschichte angekaufte Beigabenensemble ist darin erstmals umfassend vorgestellt und analysiert worden. Als hauptverantwortliche Autoren waren Marion Bertram (Museum f\u00fcr Vor- und Fr\u00fchgeschichte, Staatliche Museen zu Berlin &#8211; Stiftung Preu\u00dfischer Kulturbesitz), Dieter Quast (R\u00f6misch-Germanisches Zentralmuseum, Leibniz Forschungsinstitut f\u00fcr Arch\u00e4ologie) und Andreas Rau (ZBSA)\u00a0 verantwortlich. Erg\u00e4nzende Beitr\u00e4ge behandeln zudem die auf der R\u00fcckseite des Schwerscheidenmundbleches eingeritzte Runeninschrift, verfasst von Sigmund Oehrl (Institutionen f\u00f6r arkeologi och antikens kultur, Stockholms universitet), sowie die computertomographische Untersuchung der Schwertklinge von Ulrich Lehmann (LWL-Arch\u00e4ologie f\u00fcr Westfalen, M\u00fcnster). Obwohl die Unkenntnis von Fundort, Fundzeit sowie des n\u00e4heren Kontextes die Aussagen zur historischen Einordnung des Ensembles erheblich behindert, lassen sich aus dem reichen Fundbestand, der mit allergr\u00f6\u00dfter Wahrscheinlichkeit einem einzelnen Grab der 1. H\u00e4lfte des 5. Jahrhundert zugeschrieben kann, wichtige Erkenntnisse \u00fcber die sp\u00e4tantiken Milit\u00e4reliten gewinnen. W\u00e4hrend die Bewaffnung \u2013 darunter besonders augenf\u00e4llig der goldene Schwertgriff und der mit vergoldetem Silberblech \u00fcberzogenen Schildbuckel \u2013 mutma\u00dflich aus r\u00f6mischen Werkst\u00e4tten stammt, zeigen die Trachtbestandteile vor allem einen Bezug zum s\u00fcdwestdeutschen-\u201ealamannischen\u201c Raum auf. Auf ein germanischsprachiges Umfeld deutet auch die Runeninschrift hin, wenngleich f\u00fcr diese bislang stark abweichende und letztlich nur bedingt \u00fcberzeugende Lesungen und \u00dcbersetzungen vorgeschlagen wurden. Derweil muss das umfangreiche Tischgeschirr aus Metall-, Ton- und Glasgef\u00e4\u00dfen provinzialr\u00f6mischer Herkunft so interpretiert werden, dass der Bestattete oder zumindest Teile der ihn Bestattenden, genaue Kenntnis der provinzialr\u00f6mischen Speise- und Bewirtungssitten gehabt haben. Das Spektrum der Objekte l\u00e4sst einen Bezug zum unteren Maingebiet\u00a0 vermuten, dass zwischen 370-ca. 450 n. Chr. \u2013 obwohl \u201eoffiziell\u201c im Barbaricum\u00a0 gelegen \u2013 einen starken Bezug zum linksrheinischen sp\u00e4tr\u00f6mischen Provinzgebiet aufweist. Teilweise frappierende \u00dcbereinstimmungen zeigen sich dabei z.B. zu einer bereits 1925 unsachgem\u00e4\u00df geborgenen Grabausstattung aus dem Frankfurter Stadtteil Praunheim. Die besprochen\u00a0 Beigaben k\u00f6nnen daher ebenfalls als Ausstattung der Grablege eines Mitgliedes der barbarischen Milit\u00e4relite gedeutet werden, das m\u00f6glicherweise im Auftrag und mit Unterst\u00fctzung des r\u00f6mischen Reiches eine Rolle in der Vorfeldverteidigung \u00fcbernahm. M. Bertram\/D. Quast\/A. Rau, Das Schwert mit dem goldenen Griff. Eine Prunkbestattung der V\u00f6lkerwanderungszeit. Die Sammlungen des Museums f\u00fcr Vor- und Fr\u00fchgeschichte 5 (Regensburg 2019). ISBN: 978-3-7954-3475-5<\/p>","protected":false},"author":3,"featured_media":0,"comment_status":"closed","ping_status":"open","sticky":false,"template":"","format":"standard","meta":{"_eb_attr":"","inline_featured_image":false,"footnotes":""},"categories":[37,35],"tags":[],"class_list":["post-983","post","type-post","status-publish","format-standard","hentry","category-kalenderblaetter-2020","category-kalenderblatt"],"yoast_head":"<!-- This site is optimized with the Yoast SEO plugin v24.4 - https:\/\/yoast.com\/wordpress\/plugins\/seo\/ -->\n<title>Januar 2020 - Zentrum f\u00fcr Baltische und Skandinavische Arch\u00e4ologie (ZBSA) \u2014 Zentrum f\u00fcr Baltische und Skandinavische Arch\u00e4ologie<\/title>\n<meta name=\"robots\" content=\"index, follow, max-snippet:-1, max-image-preview:large, max-video-preview:-1\" \/>\n<link rel=\"canonical\" href=\"https:\/\/zbsa.eu\/en\/januar-2020\/\" \/>\n<meta property=\"og:locale\" content=\"en_GB\" \/>\n<meta property=\"og:type\" content=\"article\" \/>\n<meta property=\"og:title\" content=\"Januar 2020 - Zentrum f\u00fcr Baltische und Skandinavische Arch\u00e4ologie (ZBSA) \u2014 Zentrum f\u00fcr Baltische und Skandinavische Arch\u00e4ologie\" \/>\n<meta property=\"og:description\" content=\"\u201eDas Schwert mit dem goldenen Griff. Eine Prunkbestattung der V\u00f6lkerwanderungszeit\u201c Andreas Rau Mitte des Jahres 2019 konnte das Projekt \u201eDer Berliner chef militaire\u201c mit der Fertigungstellung eines Manuskriptes beendet werden, das im Dezember 2019 als Buch mit dem Titel \u201eDas Schwert mit dem goldenen Griff. Eine Prunkbestattung der V\u00f6lkerwanderungszeit\u201c erschienen ist. Das aus einer Privatsammlung stammende und im Jahr 2007 vom Berliner Museum f\u00fcr Vor- und Fr\u00fchgeschichte angekaufte Beigabenensemble ist darin erstmals umfassend vorgestellt und analysiert worden. Als hauptverantwortliche Autoren waren Marion Bertram (Museum f\u00fcr Vor- und Fr\u00fchgeschichte, Staatliche Museen zu Berlin &#8211; Stiftung Preu\u00dfischer Kulturbesitz), Dieter Quast (R\u00f6misch-Germanisches Zentralmuseum, Leibniz Forschungsinstitut f\u00fcr Arch\u00e4ologie) und Andreas Rau (ZBSA)\u00a0 verantwortlich. Erg\u00e4nzende Beitr\u00e4ge behandeln zudem die auf der R\u00fcckseite des Schwerscheidenmundbleches eingeritzte Runeninschrift, verfasst von Sigmund Oehrl (Institutionen f\u00f6r arkeologi och antikens kultur, Stockholms universitet), sowie die computertomographische Untersuchung der Schwertklinge von Ulrich Lehmann (LWL-Arch\u00e4ologie f\u00fcr Westfalen, M\u00fcnster). Obwohl die Unkenntnis von Fundort, Fundzeit sowie des n\u00e4heren Kontextes die Aussagen zur historischen Einordnung des Ensembles erheblich behindert, lassen sich aus dem reichen Fundbestand, der mit allergr\u00f6\u00dfter Wahrscheinlichkeit einem einzelnen Grab der 1. H\u00e4lfte des 5. Jahrhundert zugeschrieben kann, wichtige Erkenntnisse \u00fcber die sp\u00e4tantiken Milit\u00e4reliten gewinnen. W\u00e4hrend die Bewaffnung \u2013 darunter besonders augenf\u00e4llig der goldene Schwertgriff und der mit vergoldetem Silberblech \u00fcberzogenen Schildbuckel \u2013 mutma\u00dflich aus r\u00f6mischen Werkst\u00e4tten stammt, zeigen die Trachtbestandteile vor allem einen Bezug zum s\u00fcdwestdeutschen-\u201ealamannischen\u201c Raum auf. Auf ein germanischsprachiges Umfeld deutet auch die Runeninschrift hin, wenngleich f\u00fcr diese bislang stark abweichende und letztlich nur bedingt \u00fcberzeugende Lesungen und \u00dcbersetzungen vorgeschlagen wurden. Derweil muss das umfangreiche Tischgeschirr aus Metall-, Ton- und Glasgef\u00e4\u00dfen provinzialr\u00f6mischer Herkunft so interpretiert werden, dass der Bestattete oder zumindest Teile der ihn Bestattenden, genaue Kenntnis der provinzialr\u00f6mischen Speise- und Bewirtungssitten gehabt haben. Das Spektrum der Objekte l\u00e4sst einen Bezug zum unteren Maingebiet\u00a0 vermuten, dass zwischen 370-ca. 450 n. Chr. \u2013 obwohl \u201eoffiziell\u201c im Barbaricum\u00a0 gelegen \u2013 einen starken Bezug zum linksrheinischen sp\u00e4tr\u00f6mischen Provinzgebiet aufweist. Teilweise frappierende \u00dcbereinstimmungen zeigen sich dabei z.B. zu einer bereits 1925 unsachgem\u00e4\u00df geborgenen Grabausstattung aus dem Frankfurter Stadtteil Praunheim. Die besprochen\u00a0 Beigaben k\u00f6nnen daher ebenfalls als Ausstattung der Grablege eines Mitgliedes der barbarischen Milit\u00e4relite gedeutet werden, das m\u00f6glicherweise im Auftrag und mit Unterst\u00fctzung des r\u00f6mischen Reiches eine Rolle in der Vorfeldverteidigung \u00fcbernahm. M. Bertram\/D. Quast\/A. Rau, Das Schwert mit dem goldenen Griff. Eine Prunkbestattung der V\u00f6lkerwanderungszeit. Die Sammlungen des Museums f\u00fcr Vor- und Fr\u00fchgeschichte 5 (Regensburg 2019). ISBN: 978-3-7954-3475-5\" \/>\n<meta property=\"og:url\" content=\"https:\/\/zbsa.eu\/en\/januar-2020\/\" \/>\n<meta property=\"og:site_name\" content=\"Zentrum f\u00fcr Baltische und Skandinavische Arch\u00e4ologie (ZBSA) \u2014 Zentrum f\u00fcr Baltische und Skandinavische Arch\u00e4ologie\" \/>\n<meta property=\"article:published_time\" content=\"2020-01-01T12:42:41+00:00\" \/>\n<meta property=\"article:modified_time\" content=\"2021-03-02T13:10:57+00:00\" \/>\n<meta property=\"og:image\" content=\"https:\/\/zbsa.eu\/wp-content\/uploads\/2021\/03\/zbsa.jpg\" \/>\n<meta name=\"author\" content=\"Matthias Bolte\" \/>\n<meta name=\"twitter:card\" content=\"summary_large_image\" \/>\n<meta name=\"twitter:label1\" content=\"Written by\" \/>\n\t<meta name=\"twitter:data1\" content=\"Matthias Bolte\" \/>\n\t<meta name=\"twitter:label2\" content=\"Estimated reading time\" \/>\n\t<meta name=\"twitter:data2\" content=\"2 minutes\" \/>\n<script type=\"application\/ld+json\" class=\"yoast-schema-graph\">{\"@context\":\"https:\/\/schema.org\",\"@graph\":[{\"@type\":\"WebPage\",\"@id\":\"https:\/\/zbsa.eu\/januar-2020\/\",\"url\":\"https:\/\/zbsa.eu\/januar-2020\/\",\"name\":\"Januar 2020 - Zentrum f\u00fcr Baltische und Skandinavische Arch\u00e4ologie (ZBSA) \u2014 Zentrum f\u00fcr Baltische und Skandinavische Arch\u00e4ologie\",\"isPartOf\":{\"@id\":\"https:\/\/zbsa.eu\/#website\"},\"primaryImageOfPage\":{\"@id\":\"https:\/\/zbsa.eu\/januar-2020\/#primaryimage\"},\"image\":{\"@id\":\"https:\/\/zbsa.eu\/januar-2020\/#primaryimage\"},\"thumbnailUrl\":\"https:\/\/zbsa.eu\/wp-content\/uploads\/2021\/03\/zbsa.jpg\",\"datePublished\":\"2020-01-01T12:42:41+00:00\",\"dateModified\":\"2021-03-02T13:10:57+00:00\",\"author\":{\"@id\":\"https:\/\/zbsa.eu\/#\/schema\/person\/b980623b66a6ffb097697286521920c5\"},\"breadcrumb\":{\"@id\":\"https:\/\/zbsa.eu\/januar-2020\/#breadcrumb\"},\"inLanguage\":\"en-GB\",\"potentialAction\":[{\"@type\":\"ReadAction\",\"target\":[\"https:\/\/zbsa.eu\/januar-2020\/\"]}]},{\"@type\":\"ImageObject\",\"inLanguage\":\"en-GB\",\"@id\":\"https:\/\/zbsa.eu\/januar-2020\/#primaryimage\",\"url\":\"https:\/\/zbsa.eu\/wp-content\/uploads\/2021\/03\/zbsa.jpg\",\"contentUrl\":\"https:\/\/zbsa.eu\/wp-content\/uploads\/2021\/03\/zbsa.jpg\"},{\"@type\":\"BreadcrumbList\",\"@id\":\"https:\/\/zbsa.eu\/januar-2020\/#breadcrumb\",\"itemListElement\":[{\"@type\":\"ListItem\",\"position\":1,\"name\":\"Startseite\",\"item\":\"https:\/\/zbsa.eu\/\"},{\"@type\":\"ListItem\",\"position\":2,\"name\":\"Print Kalender\",\"item\":\"https:\/\/zbsa.eu\/category\/kalenderblatt\/\"},{\"@type\":\"ListItem\",\"position\":3,\"name\":\"Kalenderbl\u00e4tter 2020\",\"item\":\"https:\/\/zbsa.eu\/category\/kalenderblatt\/kalenderblaetter-2020\/\"},{\"@type\":\"ListItem\",\"position\":4,\"name\":\"Januar 2020\"}]},{\"@type\":\"WebSite\",\"@id\":\"https:\/\/zbsa.eu\/#website\",\"url\":\"https:\/\/zbsa.eu\/\",\"name\":\"Zentrum f\u00fcr Baltische und Skandinavische Arch\u00e4ologie (ZBSA) \u2014 Zentrum f\u00fcr Baltische und Skandinavische Arch\u00e4ologie\",\"description\":\"\",\"potentialAction\":[{\"@type\":\"SearchAction\",\"target\":{\"@type\":\"EntryPoint\",\"urlTemplate\":\"https:\/\/zbsa.eu\/?s={search_term_string}\"},\"query-input\":{\"@type\":\"PropertyValueSpecification\",\"valueRequired\":true,\"valueName\":\"search_term_string\"}}],\"inLanguage\":\"en-GB\"},{\"@type\":\"Person\",\"@id\":\"https:\/\/zbsa.eu\/#\/schema\/person\/b980623b66a6ffb097697286521920c5\",\"name\":\"Matthias Bolte\",\"image\":{\"@type\":\"ImageObject\",\"inLanguage\":\"en-GB\",\"@id\":\"https:\/\/zbsa.eu\/#\/schema\/person\/image\/\",\"url\":\"https:\/\/secure.gravatar.com\/avatar\/1f3bc1bfe4b641855cb944e558d4f3de1b57120f6dfe8f4368ebfe0384a5acab?s=96&d=mm&r=g\",\"contentUrl\":\"https:\/\/secure.gravatar.com\/avatar\/1f3bc1bfe4b641855cb944e558d4f3de1b57120f6dfe8f4368ebfe0384a5acab?s=96&d=mm&r=g\",\"caption\":\"Matthias Bolte\"},\"url\":\"https:\/\/zbsa.eu\/en\/author\/matthias-bolte\/\"}]}<\/script>\n<!-- \/ Yoast SEO plugin. -->","yoast_head_json":{"title":"Januar 2020 - Zentrum f\u00fcr Baltische und Skandinavische Arch\u00e4ologie (ZBSA) \u2014 Zentrum f\u00fcr Baltische und Skandinavische Arch\u00e4ologie","robots":{"index":"index","follow":"follow","max-snippet":"max-snippet:-1","max-image-preview":"max-image-preview:large","max-video-preview":"max-video-preview:-1"},"canonical":"https:\/\/zbsa.eu\/en\/januar-2020\/","og_locale":"en_GB","og_type":"article","og_title":"Januar 2020 - Zentrum f\u00fcr Baltische und Skandinavische Arch\u00e4ologie (ZBSA) \u2014 Zentrum f\u00fcr Baltische und Skandinavische Arch\u00e4ologie","og_description":"\u201eDas Schwert mit dem goldenen Griff. Eine Prunkbestattung der V\u00f6lkerwanderungszeit\u201c Andreas Rau Mitte des Jahres 2019 konnte das Projekt \u201eDer Berliner chef militaire\u201c mit der Fertigungstellung eines Manuskriptes beendet werden, das im Dezember 2019 als Buch mit dem Titel \u201eDas Schwert mit dem goldenen Griff. Eine Prunkbestattung der V\u00f6lkerwanderungszeit\u201c erschienen ist. Das aus einer Privatsammlung stammende und im Jahr 2007 vom Berliner Museum f\u00fcr Vor- und Fr\u00fchgeschichte angekaufte Beigabenensemble ist darin erstmals umfassend vorgestellt und analysiert worden. Als hauptverantwortliche Autoren waren Marion Bertram (Museum f\u00fcr Vor- und Fr\u00fchgeschichte, Staatliche Museen zu Berlin &#8211; Stiftung Preu\u00dfischer Kulturbesitz), Dieter Quast (R\u00f6misch-Germanisches Zentralmuseum, Leibniz Forschungsinstitut f\u00fcr Arch\u00e4ologie) und Andreas Rau (ZBSA)\u00a0 verantwortlich. Erg\u00e4nzende Beitr\u00e4ge behandeln zudem die auf der R\u00fcckseite des Schwerscheidenmundbleches eingeritzte Runeninschrift, verfasst von Sigmund Oehrl (Institutionen f\u00f6r arkeologi och antikens kultur, Stockholms universitet), sowie die computertomographische Untersuchung der Schwertklinge von Ulrich Lehmann (LWL-Arch\u00e4ologie f\u00fcr Westfalen, M\u00fcnster). Obwohl die Unkenntnis von Fundort, Fundzeit sowie des n\u00e4heren Kontextes die Aussagen zur historischen Einordnung des Ensembles erheblich behindert, lassen sich aus dem reichen Fundbestand, der mit allergr\u00f6\u00dfter Wahrscheinlichkeit einem einzelnen Grab der 1. H\u00e4lfte des 5. Jahrhundert zugeschrieben kann, wichtige Erkenntnisse \u00fcber die sp\u00e4tantiken Milit\u00e4reliten gewinnen. W\u00e4hrend die Bewaffnung \u2013 darunter besonders augenf\u00e4llig der goldene Schwertgriff und der mit vergoldetem Silberblech \u00fcberzogenen Schildbuckel \u2013 mutma\u00dflich aus r\u00f6mischen Werkst\u00e4tten stammt, zeigen die Trachtbestandteile vor allem einen Bezug zum s\u00fcdwestdeutschen-\u201ealamannischen\u201c Raum auf. Auf ein germanischsprachiges Umfeld deutet auch die Runeninschrift hin, wenngleich f\u00fcr diese bislang stark abweichende und letztlich nur bedingt \u00fcberzeugende Lesungen und \u00dcbersetzungen vorgeschlagen wurden. Derweil muss das umfangreiche Tischgeschirr aus Metall-, Ton- und Glasgef\u00e4\u00dfen provinzialr\u00f6mischer Herkunft so interpretiert werden, dass der Bestattete oder zumindest Teile der ihn Bestattenden, genaue Kenntnis der provinzialr\u00f6mischen Speise- und Bewirtungssitten gehabt haben. Das Spektrum der Objekte l\u00e4sst einen Bezug zum unteren Maingebiet\u00a0 vermuten, dass zwischen 370-ca. 450 n. Chr. \u2013 obwohl \u201eoffiziell\u201c im Barbaricum\u00a0 gelegen \u2013 einen starken Bezug zum linksrheinischen sp\u00e4tr\u00f6mischen Provinzgebiet aufweist. Teilweise frappierende \u00dcbereinstimmungen zeigen sich dabei z.B. zu einer bereits 1925 unsachgem\u00e4\u00df geborgenen Grabausstattung aus dem Frankfurter Stadtteil Praunheim. Die besprochen\u00a0 Beigaben k\u00f6nnen daher ebenfalls als Ausstattung der Grablege eines Mitgliedes der barbarischen Milit\u00e4relite gedeutet werden, das m\u00f6glicherweise im Auftrag und mit Unterst\u00fctzung des r\u00f6mischen Reiches eine Rolle in der Vorfeldverteidigung \u00fcbernahm. M. Bertram\/D. Quast\/A. Rau, Das Schwert mit dem goldenen Griff. Eine Prunkbestattung der V\u00f6lkerwanderungszeit. Die Sammlungen des Museums f\u00fcr Vor- und Fr\u00fchgeschichte 5 (Regensburg 2019). ISBN: 978-3-7954-3475-5","og_url":"https:\/\/zbsa.eu\/en\/januar-2020\/","og_site_name":"Zentrum f\u00fcr Baltische und Skandinavische Arch\u00e4ologie (ZBSA) \u2014 Zentrum f\u00fcr Baltische und Skandinavische Arch\u00e4ologie","article_published_time":"2020-01-01T12:42:41+00:00","article_modified_time":"2021-03-02T13:10:57+00:00","og_image":[{"url":"https:\/\/zbsa.eu\/wp-content\/uploads\/2021\/03\/zbsa.jpg","type":"","width":"","height":""}],"author":"Matthias Bolte","twitter_card":"summary_large_image","twitter_misc":{"Written by":"Matthias Bolte","Estimated reading time":"2 minutes"},"schema":{"@context":"https:\/\/schema.org","@graph":[{"@type":"WebPage","@id":"https:\/\/zbsa.eu\/januar-2020\/","url":"https:\/\/zbsa.eu\/januar-2020\/","name":"Januar 2020 - Zentrum f\u00fcr Baltische und Skandinavische Arch\u00e4ologie (ZBSA) \u2014 Zentrum f\u00fcr Baltische und Skandinavische Arch\u00e4ologie","isPartOf":{"@id":"https:\/\/zbsa.eu\/#website"},"primaryImageOfPage":{"@id":"https:\/\/zbsa.eu\/januar-2020\/#primaryimage"},"image":{"@id":"https:\/\/zbsa.eu\/januar-2020\/#primaryimage"},"thumbnailUrl":"https:\/\/zbsa.eu\/wp-content\/uploads\/2021\/03\/zbsa.jpg","datePublished":"2020-01-01T12:42:41+00:00","dateModified":"2021-03-02T13:10:57+00:00","author":{"@id":"https:\/\/zbsa.eu\/#\/schema\/person\/b980623b66a6ffb097697286521920c5"},"breadcrumb":{"@id":"https:\/\/zbsa.eu\/januar-2020\/#breadcrumb"},"inLanguage":"en-GB","potentialAction":[{"@type":"ReadAction","target":["https:\/\/zbsa.eu\/januar-2020\/"]}]},{"@type":"ImageObject","inLanguage":"en-GB","@id":"https:\/\/zbsa.eu\/januar-2020\/#primaryimage","url":"https:\/\/zbsa.eu\/wp-content\/uploads\/2021\/03\/zbsa.jpg","contentUrl":"https:\/\/zbsa.eu\/wp-content\/uploads\/2021\/03\/zbsa.jpg"},{"@type":"BreadcrumbList","@id":"https:\/\/zbsa.eu\/januar-2020\/#breadcrumb","itemListElement":[{"@type":"ListItem","position":1,"name":"Startseite","item":"https:\/\/zbsa.eu\/"},{"@type":"ListItem","position":2,"name":"Print Kalender","item":"https:\/\/zbsa.eu\/category\/kalenderblatt\/"},{"@type":"ListItem","position":3,"name":"Kalenderbl\u00e4tter 2020","item":"https:\/\/zbsa.eu\/category\/kalenderblatt\/kalenderblaetter-2020\/"},{"@type":"ListItem","position":4,"name":"Januar 2020"}]},{"@type":"WebSite","@id":"https:\/\/zbsa.eu\/#website","url":"https:\/\/zbsa.eu\/","name":"Zentrum f\u00fcr Baltische und Skandinavische Arch\u00e4ologie (ZBSA) \u2014 Zentrum f\u00fcr Baltische und Skandinavische Arch\u00e4ologie","description":"","potentialAction":[{"@type":"SearchAction","target":{"@type":"EntryPoint","urlTemplate":"https:\/\/zbsa.eu\/?s={search_term_string}"},"query-input":{"@type":"PropertyValueSpecification","valueRequired":true,"valueName":"search_term_string"}}],"inLanguage":"en-GB"},{"@type":"Person","@id":"https:\/\/zbsa.eu\/#\/schema\/person\/b980623b66a6ffb097697286521920c5","name":"Matthias Bolte","image":{"@type":"ImageObject","inLanguage":"en-GB","@id":"https:\/\/zbsa.eu\/#\/schema\/person\/image\/","url":"https:\/\/secure.gravatar.com\/avatar\/1f3bc1bfe4b641855cb944e558d4f3de1b57120f6dfe8f4368ebfe0384a5acab?s=96&d=mm&r=g","contentUrl":"https:\/\/secure.gravatar.com\/avatar\/1f3bc1bfe4b641855cb944e558d4f3de1b57120f6dfe8f4368ebfe0384a5acab?s=96&d=mm&r=g","caption":"Matthias Bolte"},"url":"https:\/\/zbsa.eu\/en\/author\/matthias-bolte\/"}]}},"featured_image_src":" ","featured_image_src_square":" ","author_info":{"display_name":"Matthias Bolte","author_link":"https:\/\/zbsa.eu\/en\/author\/matthias-bolte\/"},"category_info":"<a href=\"https:\/\/zbsa.eu\/en\/category\/kalenderblatt\/kalenderblaetter-2020\/\" rel=\"category tag\">Kalenderbl\u00e4tter 2020<\/a>,<a href=\"https:\/\/zbsa.eu\/en\/category\/kalenderblatt\/\" rel=\"category tag\">Print Kalender<\/a>","tags_info":"","social_share_info":"<a data-share=\"facebook\" href=\"https:\/\/www.facebook.com\/sharer.php?u=https:\/\/zbsa.eu\/en\/januar-2020\/\" class=\"pl-facebook-share social-share-default pl-social-share\" target=\"_blank\"><i class=\"fab fa-facebook-f\" aria-hidden=\"true\"><\/i><\/a><a data-share=\"twitter\" href=\"https:\/\/twitter.com\/share?url=https:\/\/zbsa.eu\/en\/januar-2020\/\" class=\"pl-twiiter-share social-share-default pl-social-share\" target=\"_blank\"><i class=\"fab fa-twitter\" aria-hidden=\"true\"><\/i><\/a><a data-share=\"linkedin\" href=\"https:\/\/www.linkedin.com\/shareArticle?url=https:\/\/zbsa.eu\/en\/januar-2020\/\" class=\"pl-linkedin-share social-share-default pl-social-share\" target=\"_blank\"><i class=\"fab fa-linkedin-in\" aria-hidden=\"true\"><\/i><\/a>","wordExcerpt_info":"<p><!-- wp:heading --><\/p>\n<h2>\u201eDas Schwert mit dem goldenen Griff. Eine Prunkbestattung der V\u00f6lkerwanderungszeit\u201c<\/h2>\n<p><!-- \/wp:heading --><\/p>\n<p><!-- wp:paragraph --><\/p>\n<p><!-- \/wp:paragraph --><\/p>\n[caption id=\"attachment_984\" align=\"alignleft\" width=\"205\"]<img src=\"https:\/\/zbsa.eu\/wp-content\/uploads\/2021\/03\/zbsa.jpg\" alt=\"Buchcover mit dem namengebenden breiten Langschwert mit goldener Griffh\u00fclse.\" width=\"205\" height=\"261\" \/> Buchcover mit dem namengebenden breiten Langschwert mit goldener Griffh\u00fclse.[\/caption]\n<p><strong>Andreas Rau<\/strong><\/p>\n<p>Mitte des Jahres 2019 konnte das Projekt \u201eDer Berliner chef militaire\u201c mit der Fertigungstellung eines Manuskriptes beendet werden, das im Dezember 2019 als Buch mit dem Titel \u201eDas Schwert mit dem goldenen Griff. Eine Prunkbestattung der V\u00f6lkerwanderungszeit\u201c erschienen ist. Das aus einer Privatsammlung stammende und im Jahr 2007 vom Berliner Museum f\u00fcr Vor- und Fr\u00fchgeschichte angekaufte Beigabenensemble ist darin erstmals umfassend vorgestellt und analysiert worden.<\/p>\n<p>Als hauptverantwortliche Autoren waren Marion Bertram (Museum f\u00fcr Vor- und Fr\u00fchgeschichte, Staatliche Museen zu Berlin &#8211; Stiftung Preu\u00dfischer Kulturbesitz), Dieter Quast (R\u00f6misch-Germanisches Zentralmuseum, Leibniz Forschungsinstitut f\u00fcr Arch\u00e4ologie) und Andreas Rau (ZBSA)\u00a0 verantwortlich. Erg\u00e4nzende Beitr\u00e4ge behandeln zudem die auf der R\u00fcckseite des Schwerscheidenmundbleches eingeritzte Runeninschrift, verfasst von Sigmund Oehrl (Institutionen f\u00f6r arkeologi och antikens kultur, Stockholms universitet), sowie die computertomographische Untersuchung der Schwertklinge von Ulrich Lehmann (LWL-Arch\u00e4ologie f\u00fcr Westfalen, M\u00fcnster).<\/p>\n<p>Obwohl die Unkenntnis von Fundort, Fundzeit sowie des n\u00e4heren Kontextes die Aussagen zur historischen Einordnung des Ensembles erheblich behindert, lassen sich aus dem reichen Fundbestand, der mit allergr\u00f6\u00dfter Wahrscheinlichkeit einem einzelnen Grab der 1. H\u00e4lfte des 5. Jahrhundert zugeschrieben kann, wichtige Erkenntnisse \u00fcber die sp\u00e4tantiken Milit\u00e4reliten gewinnen. W\u00e4hrend die Bewaffnung \u2013 darunter besonders augenf\u00e4llig der goldene Schwertgriff und der mit vergoldetem Silberblech \u00fcberzogenen Schildbuckel \u2013 mutma\u00dflich aus r\u00f6mischen Werkst\u00e4tten stammt, zeigen die Trachtbestandteile vor allem einen Bezug zum s\u00fcdwestdeutschen-\u201ealamannischen\u201c Raum auf. Auf ein germanischsprachiges Umfeld deutet auch die Runeninschrift hin, wenngleich f\u00fcr diese bislang stark abweichende und letztlich nur bedingt \u00fcberzeugende Lesungen und \u00dcbersetzungen vorgeschlagen wurden. Derweil muss das umfangreiche Tischgeschirr aus Metall-, Ton- und Glasgef\u00e4\u00dfen provinzialr\u00f6mischer Herkunft so interpretiert werden, dass der Bestattete oder zumindest Teile der ihn Bestattenden, genaue Kenntnis der provinzialr\u00f6mischen Speise- und Bewirtungssitten gehabt haben.<\/p>\n<p>Das Spektrum der Objekte l\u00e4sst einen Bezug zum unteren Maingebiet\u00a0 vermuten, dass zwischen 370-ca. 450 n. Chr. \u2013 obwohl \u201eoffiziell\u201c im Barbaricum\u00a0 gelegen \u2013 einen starken Bezug zum linksrheinischen sp\u00e4tr\u00f6mischen Provinzgebiet aufweist. Teilweise frappierende \u00dcbereinstimmungen zeigen sich dabei z.B. zu einer bereits 1925 unsachgem\u00e4\u00df geborgenen Grabausstattung aus dem Frankfurter Stadtteil Praunheim. Die besprochen\u00a0 Beigaben k\u00f6nnen daher ebenfalls als Ausstattung der Grablege eines Mitgliedes der barbarischen Milit\u00e4relite gedeutet werden, das m\u00f6glicherweise im Auftrag und mit Unterst\u00fctzung des r\u00f6mischen Reiches eine Rolle in der Vorfeldverteidigung \u00fcbernahm.<\/p>\n<p>M. Bertram\/D. Quast\/A. Rau, Das Schwert mit dem goldenen Griff. Eine Prunkbestattung der V\u00f6lkerwanderungszeit. Die Sammlungen des Museums f\u00fcr Vor- und Fr\u00fchgeschichte 5 (Regensburg 2019). ISBN: 978-3-7954-3475-5<\/p>\n","comment_info":"No Comments","acf":[],"_links":{"self":[{"href":"https:\/\/zbsa.eu\/en\/wp-json\/wp\/v2\/posts\/983","targetHints":{"allow":["GET"]}}],"collection":[{"href":"https:\/\/zbsa.eu\/en\/wp-json\/wp\/v2\/posts"}],"about":[{"href":"https:\/\/zbsa.eu\/en\/wp-json\/wp\/v2\/types\/post"}],"author":[{"embeddable":true,"href":"https:\/\/zbsa.eu\/en\/wp-json\/wp\/v2\/users\/3"}],"replies":[{"embeddable":true,"href":"https:\/\/zbsa.eu\/en\/wp-json\/wp\/v2\/comments?post=983"}],"version-history":[{"count":7,"href":"https:\/\/zbsa.eu\/en\/wp-json\/wp\/v2\/posts\/983\/revisions"}],"predecessor-version":[{"id":998,"href":"https:\/\/zbsa.eu\/en\/wp-json\/wp\/v2\/posts\/983\/revisions\/998"}],"wp:attachment":[{"href":"https:\/\/zbsa.eu\/en\/wp-json\/wp\/v2\/media?parent=983"}],"wp:term":[{"taxonomy":"category","embeddable":true,"href":"https:\/\/zbsa.eu\/en\/wp-json\/wp\/v2\/categories?post=983"},{"taxonomy":"post_tag","embeddable":true,"href":"https:\/\/zbsa.eu\/en\/wp-json\/wp\/v2\/tags?post=983"}],"curies":[{"name":"wp","href":"https:\/\/api.w.org\/{rel}","templated":true}]}}